{"id":6408,"date":"2018-10-13T14:23:45","date_gmt":"2018-10-13T12:23:45","guid":{"rendered":"https:\/\/www.rabelais32.org\/?p=6408"},"modified":"2018-10-13T15:24:56","modified_gmt":"2018-10-13T13:24:56","slug":"visite-a-vic-fezensac-chez-un-fabricant-de-makilas","status":"publish","type":"post","link":"https:\/\/www.rabelais32.org\/index.php\/2018\/10\/13\/visite-a-vic-fezensac-chez-un-fabricant-de-makilas\/","title":{"rendered":"visite \u00e0 vic-Fezensac chez un fabricant de Makilas"},"content":{"rendered":"<p>Visite chez un artisan d&rsquo;art \u00e0 Vic Fezensac le mardi 9 octobre<\/p>\n<p><a href=\"https:\/\/www.rabelais32.org\/wp-content\/uploads\/2018\/10\/20181009_150043_Fotor.jpg\" target=\"_blank\" rel=\"noopener\"><img loading=\"lazy\" decoding=\"async\" class=\"size-medium wp-image-6410 alignleft\" src=\"https:\/\/www.rabelais32.org\/wp-content\/uploads\/2018\/10\/20181009_150043_Fotor-225x300.jpg\" alt=\"\" width=\"225\" height=\"300\" srcset=\"https:\/\/www.rabelais32.org\/wp-content\/uploads\/2018\/10\/20181009_150043_Fotor-225x300.jpg 225w, https:\/\/www.rabelais32.org\/wp-content\/uploads\/2018\/10\/20181009_150043_Fotor.jpg 767w\" sizes=\"auto, (max-width: 225px) 100vw, 225px\" \/><\/a>Le Gers rec\u00e8le des surprises et des richesses insoup\u00e7onn\u00e9es.Gr\u00e2ce \u00e0 la perspicacit\u00e9 de Ma\u00efth\u00e9,nous avons rencontr\u00e9 un artisan d&rsquo;art,Guy Lanartic,qui fabrique des makilas et des b\u00e2tons gascons appel\u00e9s aussi agulhados.Les deux sont faits dans du bois de n\u00e9flier sauvage.Apr\u00e8s diverses op\u00e9rations qui prennent du temps,le b\u00e2ton est pourvu d&rsquo;une poign\u00e9e en cuir pour le makila,en corne pour le b\u00e2ton gascon.Ensuite il est orn\u00e9 d&rsquo;une ou deux viroles en laiton ou argent parfois en or.<a href=\"https:\/\/www.rabelais32.org\/wp-content\/uploads\/2018\/10\/20181009_150005_Fotor.jpg\" target=\"_blank\" rel=\"noopener\"><img loading=\"lazy\" decoding=\"async\" class=\"size-medium wp-image-6411 alignright\" src=\"https:\/\/www.rabelais32.org\/wp-content\/uploads\/2018\/10\/20181009_150005_Fotor-225x300.jpg\" alt=\"\" width=\"225\" height=\"300\" srcset=\"https:\/\/www.rabelais32.org\/wp-content\/uploads\/2018\/10\/20181009_150005_Fotor-225x300.jpg 225w, https:\/\/www.rabelais32.org\/wp-content\/uploads\/2018\/10\/20181009_150005_Fotor.jpg 767w\" sizes=\"auto, (max-width: 225px) 100vw, 225px\" \/><\/a>Le client choisit ses gravures.Chaque pi\u00e8ce est unique.Aujourd&rsquo;hui on peut l&rsquo;utiliser pour la marche.A l&rsquo;origine c&rsquo;\u00e9tait un b\u00e2ton de berger pour se d\u00e9fendre contre les loups et les ours puisqu&rsquo;il poss\u00e8de une dague de 10 cm pour le makila et de 30 cm pour le b\u00e2ton gascon.<a href=\"https:\/\/www.rabelais32.org\/wp-content\/uploads\/2018\/10\/20181009_150743_Fotor.jpg\" target=\"_blank\" rel=\"noopener\"><img loading=\"lazy\" decoding=\"async\" class=\"size-medium wp-image-6413 alignnone\" src=\"https:\/\/www.rabelais32.org\/wp-content\/uploads\/2018\/10\/20181009_150743_Fotor-225x300.jpg\" alt=\"\" width=\"225\" height=\"300\" srcset=\"https:\/\/www.rabelais32.org\/wp-content\/uploads\/2018\/10\/20181009_150743_Fotor-225x300.jpg 225w, https:\/\/www.rabelais32.org\/wp-content\/uploads\/2018\/10\/20181009_150743_Fotor.jpg 767w\" sizes=\"auto, (max-width: 225px) 100vw, 225px\" \/><\/a><\/p>\n<p>M.Lanartic nous a d\u00e9crit toutes les \u00e9tapes de la fabrication.Il a r\u00e9pondu \u00e0 toutes nos questions et il a fait preuve d&rsquo;une grande disponibilit\u00e9.et de beaucoup de sympathie pour nous faire d\u00e9couvrir son art.<\/p>\n<p>Si vous voulez en savoir plus ou voir des photos de ses r\u00e9alisations,vous pouvez aller sur son site:ArtGascogne.<\/p>\n<p>D.W.<\/p>\n<p>&nbsp;<\/p>\n<p>&nbsp;<\/p>\n<p>Makila, est mon nom<\/p>\n<p><em>Je suis n\u00e9 d\u2019une n\u00e8fle \u00e9clat\u00e9e<a href=\"https:\/\/www.rabelais32.org\/wp-content\/uploads\/2018\/10\/nefle-foret-makila-basque_Fotor.jpg\" target=\"_blank\" rel=\"noopener\"><img loading=\"lazy\" decoding=\"async\" class=\"size-medium wp-image-6416 alignright\" src=\"https:\/\/www.rabelais32.org\/wp-content\/uploads\/2018\/10\/nefle-foret-makila-basque_Fotor-300x217.jpg\" alt=\"\" width=\"300\" height=\"217\" srcset=\"https:\/\/www.rabelais32.org\/wp-content\/uploads\/2018\/10\/nefle-foret-makila-basque_Fotor-300x217.jpg 300w, https:\/\/www.rabelais32.org\/wp-content\/uploads\/2018\/10\/nefle-foret-makila-basque_Fotor-768x556.jpg 768w, https:\/\/www.rabelais32.org\/wp-content\/uploads\/2018\/10\/nefle-foret-makila-basque_Fotor.jpg 1024w\" sizes=\"auto, (max-width: 300px) 100vw, 300px\" \/><\/a><\/em><\/p>\n<p><em>A l\u2019abri d\u2019un bouquet de noisetiers,<\/em><\/p>\n<p><em>Avec les ann\u00e9es j\u2019ai pris de la force et de la hauteur,<\/em><\/p>\n<p><em>Je vivais heureux dans ma clairi\u00e8re,<\/em><\/p>\n<p><em>Mon seul souci \u00e9tait d\u2019atteindre la lumi\u00e8re.<\/em><\/p>\n<p>&nbsp;<\/p>\n<p><em>C\u2019est alors que l\u2019homme est venu,<\/em><\/p>\n<p><em>Me trouvant \u00e0 son go\u00fbt,<\/em><\/p>\n<p><em>Avec son couteau, il commen\u00e7a \u00e0 entailler ma jeune peau,<\/em><\/p>\n<p><em>La lame dessinant mes premi\u00e8res blessures.<\/em><\/p>\n<p><em>Je pleurai des larmes de s\u00e8ve.<\/em><\/p>\n<p>&nbsp;<\/p>\n<p><em>Un an plus tard, l\u2019Homme revint,<a href=\"https:\/\/www.rabelais32.org\/wp-content\/uploads\/2018\/10\/m-vert_052_Fotor.jpg\" target=\"_blank\" rel=\"noopener\"><img loading=\"lazy\" decoding=\"async\" class=\"size-medium wp-image-6419 alignleft\" src=\"https:\/\/www.rabelais32.org\/wp-content\/uploads\/2018\/10\/m-vert_052_Fotor-300x234.jpg\" alt=\"\" width=\"300\" height=\"234\" srcset=\"https:\/\/www.rabelais32.org\/wp-content\/uploads\/2018\/10\/m-vert_052_Fotor-300x234.jpg 300w, https:\/\/www.rabelais32.org\/wp-content\/uploads\/2018\/10\/m-vert_052_Fotor.jpg 500w\" sizes=\"auto, (max-width: 300px) 100vw, 300px\" \/><\/a><\/em><\/p>\n<p><em>Et cette fois, satisfait de son \u0153uvre,<\/em><\/p>\n<p><em>Il me trancha le pied et m\u2019emporta.<\/em><\/p>\n<p><em>Soigneusement il retira ma peau \u00e0 peine cicatris\u00e9e,<\/em><\/p>\n<p><em>Et me laissa nu, durant des ann\u00e9es,<\/em><\/p>\n<p><em>Expos\u00e9 au soleil, au vent, au froid.<\/em><\/p>\n<p><em>Mon corps se raffermit et se redressa,<\/em><\/p>\n<p><em>Il prit une belle teinte de feuille morte.<\/em><\/p>\n<p><em>J\u2019\u00e9tais fin pr\u00eat pour les nouveaux ch\u00e2timents\u00a0!<\/em><\/p>\n<p><em>Il choisit un bel aiguillon, arme de pointe\u00a0!<\/em><\/p>\n<p><em>Et l\u2019enfon\u00e7a sans piti\u00e9, dans mon nouveau corps.<\/em><\/p>\n<p><em>Puis il posa sur ma t\u00eate un joli pommeau,<\/em><\/p>\n<p><em>Grava un nom que je n\u2019avais pas choisi,<\/em><\/p>\n<p><em>Celui \u00e0 qui j\u2019\u00e9tais destin\u00e9.<\/em><\/p>\n<p><em>Le travail \u00e9tait termin\u00e9<a href=\"https:\/\/www.rabelais32.org\/wp-content\/uploads\/2018\/10\/le-makhila-compagnon-de-marche-basque_Fotor-1.jpg\" target=\"_blank\" rel=\"noopener\"><img loading=\"lazy\" decoding=\"async\" class=\"size-medium wp-image-6422 alignleft\" src=\"https:\/\/www.rabelais32.org\/wp-content\/uploads\/2018\/10\/le-makhila-compagnon-de-marche-basque_Fotor-1-300x201.jpg\" alt=\"\" width=\"300\" height=\"201\" srcset=\"https:\/\/www.rabelais32.org\/wp-content\/uploads\/2018\/10\/le-makhila-compagnon-de-marche-basque_Fotor-1-300x201.jpg 300w, https:\/\/www.rabelais32.org\/wp-content\/uploads\/2018\/10\/le-makhila-compagnon-de-marche-basque_Fotor-1-768x514.jpg 768w, https:\/\/www.rabelais32.org\/wp-content\/uploads\/2018\/10\/le-makhila-compagnon-de-marche-basque_Fotor-1.jpg 1024w\" sizes=\"auto, (max-width: 300px) 100vw, 300px\" \/><\/a><\/em><\/p>\n<p>&nbsp;<\/p>\n<p><em>Canne de marcheur<\/em><\/p>\n<p><em>B\u00e2ton de p\u00e8lerin,<\/em><\/p>\n<p><em>Troph\u00e9e de randonneur,<\/em><\/p>\n<p><em>Je suis \u00a0Le Makila .<\/em><\/p>\n<p>&nbsp;<\/p>\n<p>&nbsp;<\/p>\n<p>Le Raton<\/p>\n","protected":false},"excerpt":{"rendered":"<p>Visite chez un artisan d&rsquo;art \u00e0 Vic Fezensac le mardi 9 octobre Le Gers rec\u00e8le des surprises et des richesses insoup\u00e7onn\u00e9es.Gr\u00e2ce \u00e0 la perspicacit\u00e9 de Ma\u00efth\u00e9,nous avons rencontr\u00e9 un artisan d&rsquo;art,Guy Lanartic,qui fabrique des makilas et des b\u00e2tons gascons appel\u00e9s &hellip; <a href=\"https:\/\/www.rabelais32.org\/index.php\/2018\/10\/13\/visite-a-vic-fezensac-chez-un-fabricant-de-makilas\/\">Lire la suite\u00ad\u00ad<\/a><\/p>\n","protected":false},"author":2,"featured_media":6409,"comment_status":"open","ping_status":"closed","sticky":false,"template":"","format":"standard","meta":{"footnotes":""},"categories":[21],"tags":[],"class_list":["post-6408","post","type-post","status-publish","format-standard","has-post-thumbnail","hentry","category-sorties"],"_links":{"self":[{"href":"https:\/\/www.rabelais32.org\/index.php\/wp-json\/wp\/v2\/posts\/6408","targetHints":{"allow":["GET"]}}],"collection":[{"href":"https:\/\/www.rabelais32.org\/index.php\/wp-json\/wp\/v2\/posts"}],"about":[{"href":"https:\/\/www.rabelais32.org\/index.php\/wp-json\/wp\/v2\/types\/post"}],"author":[{"embeddable":true,"href":"https:\/\/www.rabelais32.org\/index.php\/wp-json\/wp\/v2\/users\/2"}],"replies":[{"embeddable":true,"href":"https:\/\/www.rabelais32.org\/index.php\/wp-json\/wp\/v2\/comments?post=6408"}],"version-history":[{"count":6,"href":"https:\/\/www.rabelais32.org\/index.php\/wp-json\/wp\/v2\/posts\/6408\/revisions"}],"predecessor-version":[{"id":6424,"href":"https:\/\/www.rabelais32.org\/index.php\/wp-json\/wp\/v2\/posts\/6408\/revisions\/6424"}],"wp:featuredmedia":[{"embeddable":true,"href":"https:\/\/www.rabelais32.org\/index.php\/wp-json\/wp\/v2\/media\/6409"}],"wp:attachment":[{"href":"https:\/\/www.rabelais32.org\/index.php\/wp-json\/wp\/v2\/media?parent=6408"}],"wp:term":[{"taxonomy":"category","embeddable":true,"href":"https:\/\/www.rabelais32.org\/index.php\/wp-json\/wp\/v2\/categories?post=6408"},{"taxonomy":"post_tag","embeddable":true,"href":"https:\/\/www.rabelais32.org\/index.php\/wp-json\/wp\/v2\/tags?post=6408"}],"curies":[{"name":"wp","href":"https:\/\/api.w.org\/{rel}","templated":true}]}}