{"id":5978,"date":"2018-05-25T22:43:36","date_gmt":"2018-05-25T20:43:36","guid":{"rendered":"https:\/\/www.rabelais32.org\/?p=5978"},"modified":"2018-05-25T22:47:47","modified_gmt":"2018-05-25T20:47:47","slug":"visite-du-domaine-de-la-hourre-propriete-du-departement","status":"publish","type":"post","link":"https:\/\/www.rabelais32.org\/index.php\/2018\/05\/25\/visite-du-domaine-de-la-hourre-propriete-du-departement\/","title":{"rendered":"Visite du domaine de La Hourre"},"content":{"rendered":"<p><strong>Mardi 22 mai 2018 ,\u00a0Visite du domaine de La Hourre, propri\u00e9t\u00e9 du d\u00e9partement<\/strong><br \/>\n<a href=\"https:\/\/www.rabelais32.org\/wp-content\/uploads\/2018\/05\/Madrid-et-Castille-Mai-2018-190.jpg\" target=\"_blank\" rel=\"noopener\"><img loading=\"lazy\" decoding=\"async\" class=\"size-medium wp-image-5982 alignright\" src=\"https:\/\/www.rabelais32.org\/wp-content\/uploads\/2018\/05\/Madrid-et-Castille-Mai-2018-190-300x225.jpg\" alt=\"\" width=\"300\" height=\"225\" srcset=\"https:\/\/www.rabelais32.org\/wp-content\/uploads\/2018\/05\/Madrid-et-Castille-Mai-2018-190-300x225.jpg 300w, https:\/\/www.rabelais32.org\/wp-content\/uploads\/2018\/05\/Madrid-et-Castille-Mai-2018-190-768x576.jpg 768w, https:\/\/www.rabelais32.org\/wp-content\/uploads\/2018\/05\/Madrid-et-Castille-Mai-2018-190.jpg 1024w\" sizes=\"auto, (max-width: 300px) 100vw, 300px\" \/><\/a>\u00a0 <a href=\"https:\/\/www.rabelais32.org\/wp-content\/uploads\/2018\/05\/Madrid-et-Castille-Mai-2018-188.jpg\" target=\"_blank\" rel=\"noopener\"><img loading=\"lazy\" decoding=\"async\" class=\"size-medium wp-image-5980 alignleft\" src=\"https:\/\/www.rabelais32.org\/wp-content\/uploads\/2018\/05\/Madrid-et-Castille-Mai-2018-188-300x225.jpg\" alt=\"\" width=\"300\" height=\"225\" srcset=\"https:\/\/www.rabelais32.org\/wp-content\/uploads\/2018\/05\/Madrid-et-Castille-Mai-2018-188-300x225.jpg 300w, https:\/\/www.rabelais32.org\/wp-content\/uploads\/2018\/05\/Madrid-et-Castille-Mai-2018-188-768x576.jpg 768w, https:\/\/www.rabelais32.org\/wp-content\/uploads\/2018\/05\/Madrid-et-Castille-Mai-2018-188.jpg 1024w\" sizes=\"auto, (max-width: 300px) 100vw, 300px\" \/><\/a>Nous sommes accueillis par Jacques Maxch dans une salle de la Chartreuse magnifiquement restaur\u00e9e r\u00e9cemment qui est devenue la Cit\u00e9 des transitions \u00e9nerg\u00e9tiques et \u00e9cologiques. Il nous fait l&rsquo;historique du lieu qui appartient \u00e0 la famille David (famille bourgeoise d&rsquo;avocats) depuis 1610.<\/p>\n<p>Jean Fritz(1750-1816)a fait construire la chartreuse. Son fils Ir\u00e9n\u00e9e Fran\u00e7ois (1791-1862) a \u00e9t\u00e9 maire d&rsquo;Auch.Il a cr\u00e9\u00e9 le parc. Son fils Jean(1834-1885)maire d&rsquo;Auch en 1870,a plant\u00e9 le vignoble qui a \u00e9t\u00e9 d\u00e9truit par le phyllox\u00e9ra. Sa fille \u00e9pouse un ing\u00e9nieur agronome Paul Decker.Il cr\u00e9e la ferme-\u00e9cole sous contrat avec le Minist\u00e8re de l&rsquo;agriculture. Lui aussi sera maire d&rsquo;Auch.<\/p>\n<p>Les b\u00e2timents seront transform\u00e9s en h\u00f4pital pour accueillir les bless\u00e9s de la guerre de 1914 \u00e0 1916.La ferme-\u00e9cole est maintenue jusqu&rsquo;en 1920.<\/p>\n<p>A la suite d&rsquo;un diff\u00e9rend financier avec le Minist\u00e8re de l&rsquo;agriculture, l&rsquo;\u00e9cole-ferme se d\u00e9place \u00e0 Beaulieu, propri\u00e9t\u00e9 du d\u00e9partement depuis 1905.<\/p>\n<p>En 1924, Ludovic Lapeyr\u00e8re, un riche entrepreneur originaire de Valence sur Ba\u00efse sans descendance, l\u00e8gue toute sa fortune au d\u00e9partement avec l&rsquo;obligation de cr\u00e9er un centre pour enfants d\u00e9favoris\u00e9s.<\/p>\n<p>En 1935, le d\u00e9partement ach\u00e8te le domaine de la Hourre \u00e0 Mme veuve Decker David afin d&rsquo;y cr\u00e9er un centre d&rsquo;accueil pour enfants.<\/p>\n<p>En 1960 le d\u00e9partement ach\u00e8te le domaine de La Castagn\u00e8re \u00e0 Barran.<\/p>\n<p>Les deux exploitations sont d&rsquo;abord travaill\u00e9es par les employ\u00e9s de la Fondation puis par une entreprise.<\/p>\n<p>En 1998, il y a un changement de majorit\u00e9.<\/p>\n<p>Le domaine de La Hourre (55 ha)est travaill\u00e9 en agriculture biologique, La Castagn\u00e8re en agriculture raisonn\u00e9e.<\/p>\n<p>En 2000 le d\u00e9partement accueille le CREAB(Centre R\u00e9gional de l&rsquo;Exp\u00e9rimentation de l&rsquo;Agriculture Biologique).<\/p>\n<p>Sous la conduite de M.Burel, salari\u00e9 du CREAB, nous nous rendons sur les parcelles. L&rsquo;assolement de 2018 comprend deux vari\u00e9t\u00e9s de luzerne, des pois chiches, du sarrasin, du bl\u00e9, du soja et de l&rsquo;orge.<\/p>\n<p>Apr\u00e8s 12 ans de culture biologique, une \u00e9tude montre les carences en humus et des probl\u00e8mes de ravinement li\u00e9s \u00e0 la pente. Des haies seront plant\u00e9es\u00a0 avec les conseils de l&rsquo;association Arbre et Paysage et l&rsquo;agroforesterie sera mise en place, essentiellement des arbres fruitiers.<\/p>\n<p>L&rsquo;exploitation est g\u00e9r\u00e9e par une fondation dont le CA est compos\u00e9 d&rsquo;\u00e9lus et de 3 membres nomm\u00e9s.<\/p>\n<p>Cette visite riche et bien document\u00e9e nous a permis de d\u00e9couvrir un patrimoine b\u00e2ti et naturel bien vivant et qui appartient \u00e0 chacun de nous.<\/p>\n<style id=\"bwg-style-0\">      #bwg_container1_0 #bwg_container2_0 #bwg_mosaic_thumbnails_div_0 {        width: 100%;        position: relative;        background-color: rgba(255, 255, 255, 0.00);        text-align: center;        justify-content: center;                  margin-left: auto;          margin-right: auto;                    padding-left: 4px;          padding-top: 4px;                }          #bwg_container1_0 #bwg_container2_0 .bwg_mosaic_thumb_spun_0 {        display: block;        position: absolute;\t\t\t\tborder-radius: 2px;\t\t\t\tborder: 1px none #CCCCCC;    \t\t    \t\tbackground-color:rgba(0,0,0, 0.30);        -moz-box-sizing: content-box !important;        -webkit-box-sizing: content-box !important;        box-sizing: content-box !important;      }\t\t\t#bwg_container1_0 #bwg_container2_0 .bwg_mosaic_thumb_0 {\t\t\t\tdisplay: block;\t\t\t\t-moz-box-sizing: content-box !important;\t\t\t\t-webkit-box-sizing: content-box !important;\t\t\t\tbox-sizing: content-box !important;\t\t\t\tmargin: 0;\t\t\t\topacity: 0.80;\t\t\t}      #bwg_container1_0 #bwg_container2_0 .bwg_mosaic_thumb_spun_0:hover {        opacity: 1;        backface-visibility: hidden;        -webkit-backface-visibility: hidden;        -moz-backface-visibility: hidden;        -ms-backface-visibility: hidden;        z-index: 102;      }\t      @media only screen and (min-width: 480px) {        #bwg_container1_0 #bwg_container2_0 .bwg_mosaic_thumb_spun_0:hover {          transform: rotate(2deg);          -ms-transform: rotate(2deg);          -webkit-transform: rotate(2deg);        }      }\t      #bwg_container1_0 #bwg_container2_0 .bwg_mosaic_thumbnails_0 {        background-color: rgba(255, 255, 255, 0.00);        font-size: 0;        position: relative;        text-align: center;        display: inline-block;        visibility: hidden;              }\t  \/*image title styles*\/      #bwg_container1_0 #bwg_container2_0 .bwg_mosaic_title_spun1_0,      #bwg_container1_0 #bwg_container2_0 .bwg-mosaic-thumbnails .bwg_ecommerce_spun1_0 {        position: absolute;        display: block;        opacity: 0;        box-sizing: border-box;        text-align: center;\t\t\t\ttop: 50%;\t\t\t\tleft: 50%;\t\t\t\ttransform: translate(-50%, -50%);      }      #bwg_container1_0 #bwg_container2_0 .bwg-mosaic-thumbnails .bwg_mosaic_title_spun2_0,      #bwg_container1_0 #bwg_container2_0 .bwg-mosaic-thumbnails .bwg_ecommerce_spun2_0 {\t\t    color: #CCCCCC;        font-family: segoe ui;        font-size: 16px;        font-weight: bold;        text-shadow: 0px 0px 0px #888888;        vertical-align: middle;        word-wrap: break-word;      }            .bwg_mosaic_play_icon_spun_0 {        display: table;        position: absolute;        left: -10000px;        top: 0px;        opacity: 0;      }      .bwg_mosaic_play_icon_0 {        color: #CCCCCC;        font-size: 32px;        vertical-align: middle;        display: table-cell !important;        z-index: 1;        text-align: center;        margin: 0 auto;      }      #bwg_container1_0 #bwg_container2_0 .bwg_gal_title_0 {        background-color: rgba(0, 0, 0, 0);        color: #323A45;        display: block;        font-family: Ubuntu;        font-size: 16px;        font-weight: bold;        padding: 2px;        text-shadow: ;        text-align: center;      }            @media screen and (max-width: 280px) {      div[class^=\"bwg_mosaic_thumbnails_\"],      span[class^=\"bwg_mosaic_thumb_spun_\"] {      width: 100% !important;      }      img[class^=\"bwg_mosaic_thumb_\"] {      width: 100% !important;      height: auto !important;      margin: 0px auto !important;      }      }      <\/style>    <div id=\"bwg_container1_0\"         class=\"bwg_container bwg_thumbnail bwg_thumbnails_mosaic \"         data-right-click-protection=\"0\"         data-bwg=\"0\"         data-scroll=\"0\"         data-gallery-type=\"thumbnails_mosaic\"         data-gallery-view-type=\"thumbnails_mosaic\"         data-current-url=\"\/index.php\/wp-json\/wp\/v2\/posts\/5978\"         data-lightbox-url=\"https:\/\/www.rabelais32.org\/wp-admin\/admin-ajax.php?action=GalleryBox&#038;current_view=0&#038;gallery_id=168&#038;tag=0&#038;theme_id=2&#038;shortcode_id=179&#038;sort_by=order&#038;order_by=asc&#038;current_url=%2Findex.php%2Fwp-json%2Fwp%2Fv2%2Fposts%2F5978\"         data-gallery-id=\"168\"         data-popup-width=\"800\"         data-popup-height=\"500\"         data-is-album=\"gallery\"         data-buttons-position=\"bottom\">      <div id=\"bwg_container2_0\">             <div id=\"ajax_loading_0\" class=\"bwg_loading_div_1\">      <div class=\"bwg_loading_div_2\">        <div class=\"bwg_loading_div_3\">          <div id=\"loading_div_0\" class=\"bwg_spider_ajax_loading\">          <\/div>        <\/div>      <\/div>    <\/div>            <form id=\"gal_front_form_0\"              class=\"bwg-hidden\"              method=\"post\"              action=\"#\"              data-current=\"0\"              data-shortcode-id=\"179\"              data-gallery-type=\"thumbnails_mosaic\"              data-gallery-id=\"168\"              data-tag=\"0\"              data-album-id=\"0\"              data-theme-id=\"2\"              data-ajax-url=\"https:\/\/www.rabelais32.org\/wp-admin\/admin-ajax.php?action=bwg_frontend_data\">          <div id=\"bwg_container3_0\" class=\"bwg-background bwg-background-0\">                <div id=\"bwg_mosaic_thumbnails_div_0\"         class=\"bwg-container-0 bwg-container bwg-mosaic-thumbnails\"         data-bwg=\"0\"         data-mosaic-direction=\"vertical\"         data-resizable=\"0\"         data-width=\"180\"         data-height=\"90\"         data-total-width=\"100\"         data-block-id=\"bwg_thumbnails_mosaic_0\"         data-thumb-padding=\"4\"         data-thumb-border=\"1\"         data-title-margin=\"2px\"         data-image-title=\"none\"         data-play-icon=\"0\"         data-ecommerce-icon=\"undefined\"         data-gallery-id=\"168\"         data-lightbox-url=\"https:\/\/www.rabelais32.org\/wp-admin\/admin-ajax.php?action=GalleryBox&#038;current_view=0&#038;gallery_id=168&#038;tag=0&#038;theme_id=2&#038;shortcode_id=179&#038;sort_by=order&#038;order_by=asc&#038;current_url=%2Findex.php%2Fwp-json%2Fwp%2Fv2%2Fposts%2F5978\"         data-mosaic-thumb-transition=\"1\"         style=\"visibility: hidden\" >      <div id=\"bwg_thumbnails_mosaic_0\" class=\"bwg_mosaic_thumbnails_0\">                  <a  class=\"bwg-a bwg_lightbox bwg_lightbox_0\" href=\"https:\/\/www.rabelais32.org\/wp-content\/uploads\/photo-gallery\/la%20hourre\/Madrid%20et%20Castille%20Mai%202018%20190.jpg\" data-image-id=\"2248\" data-elementor-open-lightbox=\"no\">          <div class=\"bwg_mosaic_thumb_spun_0 bwg-item0 bwg-mosaic-thumb-span \">            <img decoding=\"async\" class=\"bwg_mosaic_thumb_0 skip-lazy bwg_img_clear bwg_img_custom \"                 id=\"2248\"                 src=\"https:\/\/www.rabelais32.org\/wp-content\/uploads\/photo-gallery\/la%20hourre\/thumb\/Madrid%20et%20Castille%20Mai%202018%20190.jpg\"                 data-src=\"https:\/\/www.rabelais32.org\/wp-content\/uploads\/photo-gallery\/la%20hourre\/thumb\/Madrid%20et%20Castille%20Mai%202018%20190.jpg\"                 data-width=\"\"                 data-height=\"\"                 alt=\"Madrid et Castille Mai 2018 190\"                 title=\"Madrid et Castille Mai 2018 190\" \/>                      <\/div>        <\/a>                <a  class=\"bwg-a bwg_lightbox bwg_lightbox_0\" href=\"https:\/\/www.rabelais32.org\/wp-content\/uploads\/photo-gallery\/la%20hourre\/Madrid%20et%20Castille%20Mai%202018%20188.jpg\" data-image-id=\"2246\" data-elementor-open-lightbox=\"no\">          <div class=\"bwg_mosaic_thumb_spun_0 bwg-item0 bwg-mosaic-thumb-span \">            <img decoding=\"async\" class=\"bwg_mosaic_thumb_0 skip-lazy bwg_img_clear bwg_img_custom \"                 id=\"2246\"                 src=\"https:\/\/www.rabelais32.org\/wp-content\/uploads\/photo-gallery\/la%20hourre\/thumb\/Madrid%20et%20Castille%20Mai%202018%20188.jpg\"                 data-src=\"https:\/\/www.rabelais32.org\/wp-content\/uploads\/photo-gallery\/la%20hourre\/thumb\/Madrid%20et%20Castille%20Mai%202018%20188.jpg\"                 data-width=\"\"                 data-height=\"\"                 alt=\"Madrid et Castille Mai 2018 188\"                 title=\"Madrid et Castille Mai 2018 188\" \/>                      <\/div>        <\/a>                <a  class=\"bwg-a bwg_lightbox bwg_lightbox_0\" href=\"https:\/\/www.rabelais32.org\/wp-content\/uploads\/photo-gallery\/la%20hourre\/Madrid%20et%20Castille%20Mai%202018%20189.jpg\" data-image-id=\"2247\" data-elementor-open-lightbox=\"no\">          <div class=\"bwg_mosaic_thumb_spun_0 bwg-item0 bwg-mosaic-thumb-span \">            <img decoding=\"async\" class=\"bwg_mosaic_thumb_0 skip-lazy bwg_img_clear bwg_img_custom \"                 id=\"2247\"                 src=\"https:\/\/www.rabelais32.org\/wp-content\/uploads\/photo-gallery\/la%20hourre\/thumb\/Madrid%20et%20Castille%20Mai%202018%20189.jpg\"                 data-src=\"https:\/\/www.rabelais32.org\/wp-content\/uploads\/photo-gallery\/la%20hourre\/thumb\/Madrid%20et%20Castille%20Mai%202018%20189.jpg\"                 data-width=\"\"                 data-height=\"\"                 alt=\"Madrid et Castille Mai 2018 189\"                 title=\"Madrid et Castille Mai 2018 189\" \/>                      <\/div>        <\/a>                <a  class=\"bwg-a bwg_lightbox bwg_lightbox_0\" href=\"https:\/\/www.rabelais32.org\/wp-content\/uploads\/photo-gallery\/la%20hourre\/Ferme%20du%20CD.jpg\" data-image-id=\"2245\" data-elementor-open-lightbox=\"no\">          <div class=\"bwg_mosaic_thumb_spun_0 bwg-item0 bwg-mosaic-thumb-span \">            <img decoding=\"async\" class=\"bwg_mosaic_thumb_0 skip-lazy bwg_img_clear bwg_img_custom \"                 id=\"2245\"                 src=\"https:\/\/www.rabelais32.org\/wp-content\/uploads\/photo-gallery\/la%20hourre\/thumb\/Ferme%20du%20CD.jpg\"                 data-src=\"https:\/\/www.rabelais32.org\/wp-content\/uploads\/photo-gallery\/la%20hourre\/thumb\/Ferme%20du%20CD.jpg\"                 data-width=\"\"                 data-height=\"\"                 alt=\"Ferme du CD\"                 title=\"Ferme du CD\" \/>                      <\/div>        <\/a>                <a  class=\"bwg-a bwg_lightbox bwg_lightbox_0\" href=\"https:\/\/www.rabelais32.org\/wp-content\/uploads\/photo-gallery\/la%20hourre\/Ferme%20du%20C.D..jpg\" data-image-id=\"2244\" data-elementor-open-lightbox=\"no\">          <div class=\"bwg_mosaic_thumb_spun_0 bwg-item0 bwg-mosaic-thumb-span \">            <img decoding=\"async\" class=\"bwg_mosaic_thumb_0 skip-lazy bwg_img_clear bwg_img_custom \"                 id=\"2244\"                 src=\"https:\/\/www.rabelais32.org\/wp-content\/uploads\/photo-gallery\/la%20hourre\/thumb\/Ferme%20du%20C.D..jpg\"                 data-src=\"https:\/\/www.rabelais32.org\/wp-content\/uploads\/photo-gallery\/la%20hourre\/thumb\/Ferme%20du%20C.D..jpg\"                 data-width=\"\"                 data-height=\"\"                 alt=\"Ferme du C.D.\"                 title=\"Ferme du C.D.\" \/>                      <\/div>        <\/a>                <a  class=\"bwg-a bwg_lightbox bwg_lightbox_0\" href=\"https:\/\/www.rabelais32.org\/wp-content\/uploads\/photo-gallery\/la%20hourre\/Madrid%20et%20Castille%20Mai%202018%20195.jpg\" data-image-id=\"2252\" data-elementor-open-lightbox=\"no\">          <div class=\"bwg_mosaic_thumb_spun_0 bwg-item0 bwg-mosaic-thumb-span \">            <img decoding=\"async\" class=\"bwg_mosaic_thumb_0 skip-lazy bwg_img_clear bwg_img_custom \"                 id=\"2252\"                 src=\"https:\/\/www.rabelais32.org\/wp-content\/uploads\/photo-gallery\/la%20hourre\/thumb\/Madrid%20et%20Castille%20Mai%202018%20195.jpg\"                 data-src=\"https:\/\/www.rabelais32.org\/wp-content\/uploads\/photo-gallery\/la%20hourre\/thumb\/Madrid%20et%20Castille%20Mai%202018%20195.jpg\"                 data-width=\"\"                 data-height=\"\"                 alt=\"Madrid et Castille Mai 2018 195\"                 title=\"Madrid et Castille Mai 2018 195\" \/>                      <\/div>        <\/a>                <a  class=\"bwg-a bwg_lightbox bwg_lightbox_0\" href=\"https:\/\/www.rabelais32.org\/wp-content\/uploads\/photo-gallery\/la%20hourre\/Madrid%20et%20Castille%20Mai%202018%20194.jpg\" data-image-id=\"2251\" data-elementor-open-lightbox=\"no\">          <div class=\"bwg_mosaic_thumb_spun_0 bwg-item0 bwg-mosaic-thumb-span \">            <img decoding=\"async\" class=\"bwg_mosaic_thumb_0 skip-lazy bwg_img_clear bwg_img_custom \"                 id=\"2251\"                 src=\"https:\/\/www.rabelais32.org\/wp-content\/uploads\/photo-gallery\/la%20hourre\/thumb\/Madrid%20et%20Castille%20Mai%202018%20194.jpg\"                 data-src=\"https:\/\/www.rabelais32.org\/wp-content\/uploads\/photo-gallery\/la%20hourre\/thumb\/Madrid%20et%20Castille%20Mai%202018%20194.jpg\"                 data-width=\"\"                 data-height=\"\"                 alt=\"Madrid et Castille Mai 2018 194\"                 title=\"Madrid et Castille Mai 2018 194\" \/>                      <\/div>        <\/a>                <a  class=\"bwg-a bwg_lightbox bwg_lightbox_0\" href=\"https:\/\/www.rabelais32.org\/wp-content\/uploads\/photo-gallery\/la%20hourre\/Madrid%20et%20Castille%20Mai%202018%20192.jpg\" data-image-id=\"2250\" data-elementor-open-lightbox=\"no\">          <div class=\"bwg_mosaic_thumb_spun_0 bwg-item0 bwg-mosaic-thumb-span \">            <img decoding=\"async\" class=\"bwg_mosaic_thumb_0 skip-lazy bwg_img_clear bwg_img_custom \"                 id=\"2250\"                 src=\"https:\/\/www.rabelais32.org\/wp-content\/uploads\/photo-gallery\/la%20hourre\/thumb\/Madrid%20et%20Castille%20Mai%202018%20192.jpg\"                 data-src=\"https:\/\/www.rabelais32.org\/wp-content\/uploads\/photo-gallery\/la%20hourre\/thumb\/Madrid%20et%20Castille%20Mai%202018%20192.jpg\"                 data-width=\"\"                 data-height=\"\"                 alt=\"Madrid et Castille Mai 2018 192\"                 title=\"Madrid et Castille Mai 2018 192\" \/>                      <\/div>        <\/a>                <a  class=\"bwg-a bwg_lightbox bwg_lightbox_0\" href=\"https:\/\/www.rabelais32.org\/wp-content\/uploads\/photo-gallery\/la%20hourre\/Madrid%20et%20Castille%20Mai%202018%20191.jpg\" data-image-id=\"2249\" data-elementor-open-lightbox=\"no\">          <div class=\"bwg_mosaic_thumb_spun_0 bwg-item0 bwg-mosaic-thumb-span \">            <img decoding=\"async\" class=\"bwg_mosaic_thumb_0 skip-lazy bwg_img_clear bwg_img_custom \"                 id=\"2249\"                 src=\"https:\/\/www.rabelais32.org\/wp-content\/uploads\/photo-gallery\/la%20hourre\/thumb\/Madrid%20et%20Castille%20Mai%202018%20191.jpg\"                 data-src=\"https:\/\/www.rabelais32.org\/wp-content\/uploads\/photo-gallery\/la%20hourre\/thumb\/Madrid%20et%20Castille%20Mai%202018%20191.jpg\"                 data-width=\"\"                 data-height=\"\"                 alt=\"Madrid et Castille Mai 2018 191\"                 title=\"Madrid et Castille Mai 2018 191\" \/>                      <\/div>        <\/a>            <\/div>    <\/div>    <style>      \/*pagination styles*\/      #bwg_container1_0 #bwg_container2_0 .tablenav-pages_0 {\t\t\t\ttext-align: center;\t\t\t\tfont-size: 12px;\t\t\t\tfont-family: segoe ui;\t\t\t\tfont-weight: bold;\t\t\t\tcolor: #666666;\t\t\t\tmargin: 6px 0 4px;\t\t\t\tdisplay: block;      }      @media only screen and (max-width : 320px) {      #bwg_container1_0 #bwg_container2_0 .displaying-num_0 {     \t display: none;      }      }      #bwg_container1_0 #bwg_container2_0 .displaying-num_0 {\t\t\t\tfont-size: 12px;\t\t\t\tfont-family: segoe ui;\t\t\t\tfont-weight: bold;\t\t\t\tcolor: #666666;\t\t\t\tmargin-right: 10px;\t\t\t\tvertical-align: middle;      }      #bwg_container1_0 #bwg_container2_0 .paging-input_0 {\t\t\t\tfont-size: 12px;\t\t\t\tfont-family: segoe ui;\t\t\t\tfont-weight: bold;\t\t\t\tcolor: #666666;\t\t\t\tvertical-align: middle;      }      #bwg_container1_0 #bwg_container2_0 .tablenav-pages_0 a.disabled,      #bwg_container1_0 #bwg_container2_0 .tablenav-pages_0 a.disabled:hover,      #bwg_container1_0 #bwg_container2_0 .tablenav-pages_0 a.disabled:focus,\t\t\t#bwg_container1_0 #bwg_container2_0 .tablenav-pages_0 input.bwg_current_page {\t\t\t\tcursor: default;\t\t\t\tcolor: rgba(102, 102, 102, 0.5);      }      #bwg_container1_0 #bwg_container2_0 .tablenav-pages_0 a,      #bwg_container1_0 #bwg_container2_0 .tablenav-pages_0 input.bwg_current_page {\t\t\t\tcursor: pointer;\t\t\t\ttext-align: center;\t\t\t\tfont-size: 12px;\t\t\t\tfont-family: segoe ui;\t\t\t\tfont-weight: bold;\t\t\t\tcolor: #666666;\t\t\t\ttext-decoration: none;\t\t\t\tpadding: 3px 6px;\t\t\t\tmargin: 0;\t\t\t\tborder-radius: 0;\t\t\t\tborder-style: none;\t\t\t\tborder-width: 1px;\t\t\t\tborder-color: #E3E3E3;\t\t\t\t\t\t\t\tbackground-color: rgba(252, 252, 252, 1.00);\t\t\t\tbox-shadow: 0;\t\t\t\ttransition: all 0.3s ease 0s;-webkit-transition: all 0.3s ease 0s;      }      <\/style>      <span class=\"bwg_nav_cont_0\">              <div class=\"tablenav-pages_0\">                  <\/div>                <input type=\"hidden\" id=\"page_number_0\" name=\"page_number_0\" value=\"1\" \/>      <script type=\"text\/javascript\">        if( jQuery('.bwg_nav_cont_0').length > 1 ) {          jQuery('.bwg_nav_cont_0').first().remove()        }        function spider_page_0(cur, x, y, load_more) {          if (typeof load_more == \"undefined\") {            var load_more = false;          }          if (jQuery(cur).hasClass('disabled')) {            return false;          }          var items_county_0 = 1;          switch (y) {            case 1:              if (x >= items_county_0) {                document.getElementById('page_number_0').value = items_county_0;              }              else {                document.getElementById('page_number_0').value = x + 1;              }              break;            case 2:              document.getElementById('page_number_0').value = items_county_0;              break;            case -1:              if (x == 1) {                document.getElementById('page_number_0').value = 1;              }              else {                document.getElementById('page_number_0').value = x - 1;              }              break;            case -2:              document.getElementById('page_number_0').value = 1;              break;\t\t\t\t\t\tcase 0:              document.getElementById('page_number_0').value = x;              break;            default:              document.getElementById('page_number_0').value = 1;          }          bwg_ajax('gal_front_form_0', '0', 'bwg_thumbnails_mosaic_0', '0', '', 'gallery', 0, '', '', load_more, '', 1);        }                    jQuery('.first-page-0').on('click', function () {              spider_page_0(this, 1, -2, 'numeric');              return false;            });            jQuery('.prev-page-0').on('click', function () {              spider_page_0(this, 1, -1, 'numeric');              return false;            });            jQuery('.next-page-0').on('click', function () {              spider_page_0(this, 1, 1, 'numeric');              return false;            });            jQuery('.last-page-0').on('click', function () {              spider_page_0(this, 1, 2, 'numeric');              return false;            });        \t\t\t\t\/* Change page on input enter. *\/        function bwg_change_page_0( e, that ) {          if (  e.key == 'Enter' ) {            var to_page = parseInt(jQuery(that).val());            var pages_count = jQuery(that).parents(\".pagination-links\").data(\"pages-count\");            var current_url_param = jQuery(that).attr('data-url-info');            if (to_page > pages_count) {              to_page = 1;            }\t \t\t\t\t\t\t\t\t\t\t\t\tspider_page_0(this, to_page, 0, 'numeric');\t\t\t\t\t\t\treturn false;\t\t\t\t\t\t          }          return true;        }        jQuery('.bwg_load_btn_0').on('click', function () {            spider_page_0(this, 1, 1, true);            return false;        });      <\/script>      <\/span>                <\/div>        <\/form>        <style>          #bwg_container1_0 #bwg_container2_0 #spider_popup_overlay_0 {          background-color: #000000;          opacity: 0.70;          }          <\/style>        <div id=\"bwg_spider_popup_loading_0\" class=\"bwg_spider_popup_loading\"><\/div>        <div id=\"spider_popup_overlay_0\" class=\"spider_popup_overlay\" onclick=\"spider_destroypopup(1000)\"><\/div>        <input type=\"hidden\" id=\"bwg_random_seed_0\" value=\"628881467\">                <\/div>    <\/div>    <script>      if (document.readyState === 'complete') {        if( typeof bwg_main_ready == 'function' ) {          if ( jQuery(\"#bwg_container1_0\").height() ) {            bwg_main_ready(jQuery(\"#bwg_container1_0\"));          }        }      } else {        document.addEventListener('DOMContentLoaded', function() {          if( typeof bwg_main_ready == 'function' ) {            if ( jQuery(\"#bwg_container1_0\").height() ) {             bwg_main_ready(jQuery(\"#bwg_container1_0\"));            }          }        });      }    <\/script>    \n<p>&nbsp;<\/p>\n<p>&nbsp;<\/p>\n","protected":false},"excerpt":{"rendered":"<p>Mardi 22 mai 2018 ,\u00a0Visite du domaine de La Hourre, propri\u00e9t\u00e9 du d\u00e9partement \u00a0 Nous sommes accueillis par Jacques Maxch dans une salle de la Chartreuse magnifiquement restaur\u00e9e r\u00e9cemment qui est devenue la Cit\u00e9 des transitions \u00e9nerg\u00e9tiques et \u00e9cologiques. Il &hellip; <a href=\"https:\/\/www.rabelais32.org\/index.php\/2018\/05\/25\/visite-du-domaine-de-la-hourre-propriete-du-departement\/\">Lire la suite\u00ad\u00ad<\/a><\/p>\n","protected":false},"author":1,"featured_media":5988,"comment_status":"open","ping_status":"closed","sticky":false,"template":"","format":"standard","meta":{"footnotes":""},"categories":[19,21],"tags":[],"class_list":["post-5978","post","type-post","status-publish","format-standard","has-post-thumbnail","hentry","category-a-partager","category-sorties"],"_links":{"self":[{"href":"https:\/\/www.rabelais32.org\/index.php\/wp-json\/wp\/v2\/posts\/5978","targetHints":{"allow":["GET"]}}],"collection":[{"href":"https:\/\/www.rabelais32.org\/index.php\/wp-json\/wp\/v2\/posts"}],"about":[{"href":"https:\/\/www.rabelais32.org\/index.php\/wp-json\/wp\/v2\/types\/post"}],"author":[{"embeddable":true,"href":"https:\/\/www.rabelais32.org\/index.php\/wp-json\/wp\/v2\/users\/1"}],"replies":[{"embeddable":true,"href":"https:\/\/www.rabelais32.org\/index.php\/wp-json\/wp\/v2\/comments?post=5978"}],"version-history":[{"count":6,"href":"https:\/\/www.rabelais32.org\/index.php\/wp-json\/wp\/v2\/posts\/5978\/revisions"}],"predecessor-version":[{"id":5993,"href":"https:\/\/www.rabelais32.org\/index.php\/wp-json\/wp\/v2\/posts\/5978\/revisions\/5993"}],"wp:featuredmedia":[{"embeddable":true,"href":"https:\/\/www.rabelais32.org\/index.php\/wp-json\/wp\/v2\/media\/5988"}],"wp:attachment":[{"href":"https:\/\/www.rabelais32.org\/index.php\/wp-json\/wp\/v2\/media?parent=5978"}],"wp:term":[{"taxonomy":"category","embeddable":true,"href":"https:\/\/www.rabelais32.org\/index.php\/wp-json\/wp\/v2\/categories?post=5978"},{"taxonomy":"post_tag","embeddable":true,"href":"https:\/\/www.rabelais32.org\/index.php\/wp-json\/wp\/v2\/tags?post=5978"}],"curies":[{"name":"wp","href":"https:\/\/api.w.org\/{rel}","templated":true}]}}