{"id":4461,"date":"2017-06-17T16:00:43","date_gmt":"2017-06-17T16:00:43","guid":{"rendered":"https:\/\/www.rabelais32.org\/?p=4461"},"modified":"2017-06-17T16:06:40","modified_gmt":"2017-06-17T16:06:40","slug":"atelier-reliure","status":"publish","type":"post","link":"https:\/\/www.rabelais32.org\/index.php\/2017\/06\/17\/atelier-reliure\/","title":{"rendered":"Atelier Reliure"},"content":{"rendered":"<p><a href=\"https:\/\/www.rabelais32.org\/wp-content\/uploads\/2017\/06\/P1040077.jpg\" target=\"_blank\" rel=\"noopener\"><img loading=\"lazy\" decoding=\"async\" class=\"size-medium wp-image-4463 alignright\" src=\"https:\/\/www.rabelais32.org\/wp-content\/uploads\/2017\/06\/P1040077-300x225.jpg\" alt=\"\" width=\"300\" height=\"225\" srcset=\"https:\/\/www.rabelais32.org\/wp-content\/uploads\/2017\/06\/P1040077-300x225.jpg 300w, https:\/\/www.rabelais32.org\/wp-content\/uploads\/2017\/06\/P1040077-768x576.jpg 768w, https:\/\/www.rabelais32.org\/wp-content\/uploads\/2017\/06\/P1040077.jpg 1024w\" sizes=\"auto, (max-width: 300px) 100vw, 300px\" \/><\/a>\u00a0L&rsquo;atelier reliure a vu son effectif se r\u00e9duire encore un peu cette ann\u00e9e avec le d\u00e9c\u00e8s soudain d&rsquo;Odette D\u00e9fard. \u00ab\u00a0Eternelle d\u00e9butante\u00a0\u00bb, comme elle se plaisait \u00e0 se d\u00e9finir elle-m\u00eame, elle n&rsquo;en \u00e9tait pas moins fid\u00e8le au poste. Ton humour caustique et d\u00e9sabus\u00e9 nous manque Odette.<\/p>\n<p>Il ne s&rsquo;agit pas de clore la saison par une note triste, alors j&rsquo;esp\u00e8re que quelques nouveaux viendront \u00ab\u00a0regonfler\u00a0\u00bb l&rsquo;effectif. Pour donner envie, et dissiper d&rsquo;\u00e9ventuelles id\u00e9es fausses, voici 2 photos d&rsquo;une reliure r\u00e9alis\u00e9e aux couleurs nationales pour une \u00ab\u00a0Histoire de la Russie\u00a0\u00bb. Comprenez le message : la reliure ce n&rsquo;est pas fastidieux parce que r\u00e9p\u00e9titif ; on peut cr\u00e9er, inventer, innover !<\/p>\n<p>Alors n&rsquo;h\u00e9sitez pas \u00e0 venir essayer cette activit\u00e9, ouverte \u00e0 tous les jeunes retrait\u00e9s de 59 \u00e0 99 ans (tous les lundis ouvrables, au club, de 9h3O \u00e0 11h3O).<\/p>\n<p>Alain Charollais.<\/p>\n<p><a href=\"https:\/\/www.rabelais32.org\/wp-content\/uploads\/2017\/06\/P1040076.jpg\" target=\"_blank\" rel=\"noopener\"><img loading=\"lazy\" decoding=\"async\" class=\"alignnone size-medium wp-image-4462\" src=\"https:\/\/www.rabelais32.org\/wp-content\/uploads\/2017\/06\/P1040076-300x225.jpg\" alt=\"\" width=\"300\" height=\"225\" srcset=\"https:\/\/www.rabelais32.org\/wp-content\/uploads\/2017\/06\/P1040076-300x225.jpg 300w, https:\/\/www.rabelais32.org\/wp-content\/uploads\/2017\/06\/P1040076-768x576.jpg 768w, https:\/\/www.rabelais32.org\/wp-content\/uploads\/2017\/06\/P1040076.jpg 1024w\" sizes=\"auto, (max-width: 300px) 100vw, 300px\" \/><\/a><\/p>\n<p style=\"text-align: right;\">\n","protected":false},"excerpt":{"rendered":"<p>\u00a0L&rsquo;atelier reliure a vu son effectif se r\u00e9duire encore un peu cette ann\u00e9e avec le d\u00e9c\u00e8s soudain d&rsquo;Odette D\u00e9fard. \u00ab\u00a0Eternelle d\u00e9butante\u00a0\u00bb, comme elle se plaisait \u00e0 se d\u00e9finir elle-m\u00eame, elle n&rsquo;en \u00e9tait pas moins fid\u00e8le au poste. Ton humour caustique &hellip; <a href=\"https:\/\/www.rabelais32.org\/index.php\/2017\/06\/17\/atelier-reliure\/\">Lire la suite\u00ad\u00ad<\/a><\/p>\n","protected":false},"author":1,"featured_media":4464,"comment_status":"open","ping_status":"closed","sticky":false,"template":"","format":"standard","meta":{"footnotes":""},"categories":[1],"tags":[],"class_list":["post-4461","post","type-post","status-publish","format-standard","has-post-thumbnail","hentry","category-autres"],"_links":{"self":[{"href":"https:\/\/www.rabelais32.org\/index.php\/wp-json\/wp\/v2\/posts\/4461","targetHints":{"allow":["GET"]}}],"collection":[{"href":"https:\/\/www.rabelais32.org\/index.php\/wp-json\/wp\/v2\/posts"}],"about":[{"href":"https:\/\/www.rabelais32.org\/index.php\/wp-json\/wp\/v2\/types\/post"}],"author":[{"embeddable":true,"href":"https:\/\/www.rabelais32.org\/index.php\/wp-json\/wp\/v2\/users\/1"}],"replies":[{"embeddable":true,"href":"https:\/\/www.rabelais32.org\/index.php\/wp-json\/wp\/v2\/comments?post=4461"}],"version-history":[{"count":6,"href":"https:\/\/www.rabelais32.org\/index.php\/wp-json\/wp\/v2\/posts\/4461\/revisions"}],"predecessor-version":[{"id":4470,"href":"https:\/\/www.rabelais32.org\/index.php\/wp-json\/wp\/v2\/posts\/4461\/revisions\/4470"}],"wp:featuredmedia":[{"embeddable":true,"href":"https:\/\/www.rabelais32.org\/index.php\/wp-json\/wp\/v2\/media\/4464"}],"wp:attachment":[{"href":"https:\/\/www.rabelais32.org\/index.php\/wp-json\/wp\/v2\/media?parent=4461"}],"wp:term":[{"taxonomy":"category","embeddable":true,"href":"https:\/\/www.rabelais32.org\/index.php\/wp-json\/wp\/v2\/categories?post=4461"},{"taxonomy":"post_tag","embeddable":true,"href":"https:\/\/www.rabelais32.org\/index.php\/wp-json\/wp\/v2\/tags?post=4461"}],"curies":[{"name":"wp","href":"https:\/\/api.w.org\/{rel}","templated":true}]}}