{"id":3573,"date":"2017-01-24T16:36:31","date_gmt":"2017-01-24T16:36:31","guid":{"rendered":"http:\/\/www.rabelais32.org\/?p=3573"},"modified":"2017-01-26T14:08:33","modified_gmt":"2017-01-26T14:08:33","slug":"sortie-nature-et-jardins-du-17-janvier-2017-a-lasserran","status":"publish","type":"post","link":"https:\/\/www.rabelais32.org\/index.php\/2017\/01\/24\/sortie-nature-et-jardins-du-17-janvier-2017-a-lasserran\/","title":{"rendered":"Sortie \u00ab\u00a0Nature et Jardins\u00a0\u00bb du 17 Janvier 2017 \u00e0 LASSERRAN"},"content":{"rendered":"<p>&nbsp;<\/p>\n<p>Mardi 17 janvier, 0\u00b0 au thermom\u00e8tre, mais tout de m\u00eame nous sommes une dizaine \u00e0 nous retrouver \u00e0 <strong>Lasserran<\/strong>, village situ\u00e9 \u00e0 quelques kilom\u00e8tres d\u2019Auch en direction de Mirande.<\/p>\n<p>Mr. le Maire et son adjoint nous accueillent \u00e0 la <strong>Maison de la La\u00efcit\u00e9<\/strong> et nous entamons la visite du village\u00a0:\u00a0 \u00a0\u00a0\u00a0\u00a0\u00a0\u00a0\u00a0\u00a0<a href=\"http:\/\/www.rabelais32.org\/wp-content\/uploads\/2017\/01\/Sortie-Nature-et-Jardins-17-01-17-LASSERRAN-006.jpg\" target=\"_blank\"><img loading=\"lazy\" decoding=\"async\" class=\"alignleft wp-image-3574\" src=\"http:\/\/www.rabelais32.org\/wp-content\/uploads\/2017\/01\/Sortie-Nature-et-Jardins-17-01-17-LASSERRAN-006-300x225.jpg\" width=\"221\" height=\"166\" srcset=\"https:\/\/www.rabelais32.org\/wp-content\/uploads\/2017\/01\/Sortie-Nature-et-Jardins-17-01-17-LASSERRAN-006-300x225.jpg 300w, https:\/\/www.rabelais32.org\/wp-content\/uploads\/2017\/01\/Sortie-Nature-et-Jardins-17-01-17-LASSERRAN-006-768x576.jpg 768w, https:\/\/www.rabelais32.org\/wp-content\/uploads\/2017\/01\/Sortie-Nature-et-Jardins-17-01-17-LASSERRAN-006.jpg 1024w\" sizes=\"auto, (max-width: 221px) 100vw, 221px\" \/><\/a><a href=\"http:\/\/www.rabelais32.org\/wp-content\/uploads\/2017\/01\/Sortie-Nature-et-Jardins-17-01-17-LASSERRAN-006.jpg\">\u00a0 \u00a0 \u00a0 \u00a0 \u00a0 \u00a0 \u00a0 \u00a0<\/a><a href=\"http:\/\/www.rabelais32.org\/wp-content\/uploads\/2017\/01\/Sortie-Nature-et-Jardins-17-01-17-LASSERRAN-008.jpg\" target=\"_blank\"><br \/>\n<img loading=\"lazy\" decoding=\"async\" class=\"alignright wp-image-3575\" src=\"http:\/\/www.rabelais32.org\/wp-content\/uploads\/2017\/01\/Sortie-Nature-et-Jardins-17-01-17-LASSERRAN-008-300x225.jpg\" width=\"221\" height=\"166\" srcset=\"https:\/\/www.rabelais32.org\/wp-content\/uploads\/2017\/01\/Sortie-Nature-et-Jardins-17-01-17-LASSERRAN-008-300x225.jpg 300w, https:\/\/www.rabelais32.org\/wp-content\/uploads\/2017\/01\/Sortie-Nature-et-Jardins-17-01-17-LASSERRAN-008-768x576.jpg 768w, https:\/\/www.rabelais32.org\/wp-content\/uploads\/2017\/01\/Sortie-Nature-et-Jardins-17-01-17-LASSERRAN-008.jpg 1024w\" sizes=\"auto, (max-width: 221px) 100vw, 221px\" \/><\/a><\/p>\n<p>&#8211;<strong>le jardin des enfants<\/strong> avec les \u00ab\u00a0fameux carr\u00e9s jardiniers\u00a0\u00bb o\u00f9 les salades sont un peu frigorifi\u00e9es mais tout de m\u00eame un chou-fleur montre sa t\u00eate blanche.<\/p>\n<p>&nbsp;<\/p>\n<p>&nbsp;<\/p>\n<p>-l<strong>e verger des enfants<\/strong> o\u00f9 un arbre fruitier est plant\u00e9 \u00e0 chaque naissance dans le village.<\/p>\n<p><a href=\"http:\/\/www.rabelais32.org\/wp-content\/uploads\/2017\/01\/Sortie-Nature-et-Jardins-17-01-17-LASSERRAN-018.jpg\" target=\"_blank\"><img loading=\"lazy\" decoding=\"async\" class=\"wp-image-3577 aligncenter\" src=\"http:\/\/www.rabelais32.org\/wp-content\/uploads\/2017\/01\/Sortie-Nature-et-Jardins-17-01-17-LASSERRAN-018-300x225.jpg\" alt=\"\" width=\"234\" height=\"176\" srcset=\"https:\/\/www.rabelais32.org\/wp-content\/uploads\/2017\/01\/Sortie-Nature-et-Jardins-17-01-17-LASSERRAN-018-300x225.jpg 300w, https:\/\/www.rabelais32.org\/wp-content\/uploads\/2017\/01\/Sortie-Nature-et-Jardins-17-01-17-LASSERRAN-018-768x576.jpg 768w, https:\/\/www.rabelais32.org\/wp-content\/uploads\/2017\/01\/Sortie-Nature-et-Jardins-17-01-17-LASSERRAN-018.jpg 1024w\" sizes=\"auto, (max-width: 234px) 100vw, 234px\" \/><\/a><\/p>\n<p>&nbsp;<\/p>\n<p>-puis visite de <strong>la maison de la La\u00efcit\u00e9<\/strong> o\u00f9 plusieurs Associations ont leur local, biblioth\u00e8que \u00e0 libre disposition, utilisation par les jeunes du village.<\/p>\n<p>Puis nous reprenons nos v\u00e9hicules afin de nous rendre \u00e0 \u00ab\u00a0<strong>La Source<\/strong>\u00a0\u00bb.<\/p>\n<p>Surprise! endroit charmant, on aper\u00e7oit les bulles de la source venir \u00e9clater \u00e0 la surface de l\u2019eau. La limpidit\u00e9 de l\u2019eau est surprenante et elle s\u2019\u00e9coule dans un petit ruisseau qui serpente \u00e0 travers les prairies. Au bord de la source, pr\u00e9sence d\u2019une canne \u00e0 p\u00eache \u00e0 l&rsquo;extr\u00e9mit\u00e9 un verre afin que les marcheurs puissent \u00e9tancher leur soif.<\/p>\n<p><a href=\"http:\/\/www.rabelais32.org\/wp-content\/uploads\/2017\/01\/Sortie-Nature-et-Jardins-17-01-17-LASSERRAN-027-2.jpg\" target=\"_blank\"><img loading=\"lazy\" decoding=\"async\" class=\"wp-image-3578 aligncenter\" src=\"http:\/\/www.rabelais32.org\/wp-content\/uploads\/2017\/01\/Sortie-Nature-et-Jardins-17-01-17-LASSERRAN-027-2-300x225.jpg\" alt=\"\" width=\"232\" height=\"174\" srcset=\"https:\/\/www.rabelais32.org\/wp-content\/uploads\/2017\/01\/Sortie-Nature-et-Jardins-17-01-17-LASSERRAN-027-2-300x225.jpg 300w, https:\/\/www.rabelais32.org\/wp-content\/uploads\/2017\/01\/Sortie-Nature-et-Jardins-17-01-17-LASSERRAN-027-2-768x576.jpg 768w, https:\/\/www.rabelais32.org\/wp-content\/uploads\/2017\/01\/Sortie-Nature-et-Jardins-17-01-17-LASSERRAN-027-2.jpg 1024w\" sizes=\"auto, (max-width: 232px) 100vw, 232px\" \/><\/a><\/p>\n<p>Mais ce n\u2019est pas tout, \u00e0 proximit\u00e9, <strong>Georges<\/strong> a install\u00e9 une \u00ab\u00a0<strong>ruche \u00e0 livres<\/strong>\u00a0\u00bb \u00e0 disposition des passants et promeneurs , mais aussi une sc\u00e8ne qui permet la tenue de spectacles \u00e0 la belle saison\u2026<\/p>\n<p>&nbsp;<\/p>\n<p><a href=\"http:\/\/www.rabelais32.org\/wp-content\/uploads\/2017\/01\/Sortie-Nature-et-Jardins-17-01-17-LASSERRAN-036-2.jpg\" target=\"_blank\"><img loading=\"lazy\" decoding=\"async\" class=\"wp-image-3579 alignleft\" src=\"http:\/\/www.rabelais32.org\/wp-content\/uploads\/2017\/01\/Sortie-Nature-et-Jardins-17-01-17-LASSERRAN-036-2-300x225.jpg\" alt=\"\" width=\"238\" height=\"178\" srcset=\"https:\/\/www.rabelais32.org\/wp-content\/uploads\/2017\/01\/Sortie-Nature-et-Jardins-17-01-17-LASSERRAN-036-2-300x225.jpg 300w, https:\/\/www.rabelais32.org\/wp-content\/uploads\/2017\/01\/Sortie-Nature-et-Jardins-17-01-17-LASSERRAN-036-2-768x576.jpg 768w, https:\/\/www.rabelais32.org\/wp-content\/uploads\/2017\/01\/Sortie-Nature-et-Jardins-17-01-17-LASSERRAN-036-2.jpg 1024w\" sizes=\"auto, (max-width: 238px) 100vw, 238px\" \/><\/a><a href=\"http:\/\/www.rabelais32.org\/wp-content\/uploads\/2017\/01\/Sortie-Nature-et-Jardins-17-01-17-LASSERRAN-037-2.jpg\" target=\"_blank\"><img loading=\"lazy\" decoding=\"async\" class=\"alignright wp-image-3580\" src=\"http:\/\/www.rabelais32.org\/wp-content\/uploads\/2017\/01\/Sortie-Nature-et-Jardins-17-01-17-LASSERRAN-037-2-300x225.jpg\" alt=\"\" width=\"233\" height=\"175\" srcset=\"https:\/\/www.rabelais32.org\/wp-content\/uploads\/2017\/01\/Sortie-Nature-et-Jardins-17-01-17-LASSERRAN-037-2-300x225.jpg 300w, https:\/\/www.rabelais32.org\/wp-content\/uploads\/2017\/01\/Sortie-Nature-et-Jardins-17-01-17-LASSERRAN-037-2-768x576.jpg 768w, https:\/\/www.rabelais32.org\/wp-content\/uploads\/2017\/01\/Sortie-Nature-et-Jardins-17-01-17-LASSERRAN-037-2.jpg 1024w\" sizes=\"auto, (max-width: 233px) 100vw, 233px\" \/><\/a><\/p>\n<p>&nbsp;<\/p>\n<p>&nbsp;<\/p>\n<p>&nbsp;<\/p>\n<p>&nbsp;<\/p>\n<p>&nbsp;<\/p>\n<p>&nbsp;<\/p>\n<p>&nbsp;<\/p>\n<p>&nbsp;<\/p>\n<p>La suite de la visite\u2026 Mr le Maire nous conduit \u00ab\u00a0<strong>chez Georges<\/strong>\u00a0\u00bb, personnage incontournable de la commune.<\/p>\n<p>A notre arriv\u00e9e sur le coteau, surprise!\u00a0 des pagodes nous attendent\u00a0!!!<\/p>\n<p>&nbsp;<\/p>\n<p><a href=\"http:\/\/www.rabelais32.org\/wp-content\/uploads\/2017\/01\/Sortie-Nature-et-Jardins-17-01-17-LASSERRAN-041-2.jpg\" target=\"_blank\"><img loading=\"lazy\" decoding=\"async\" class=\"wp-image-3581 alignleft\" src=\"http:\/\/www.rabelais32.org\/wp-content\/uploads\/2017\/01\/Sortie-Nature-et-Jardins-17-01-17-LASSERRAN-041-2-300x225.jpg\" alt=\"\" width=\"237\" height=\"178\" srcset=\"https:\/\/www.rabelais32.org\/wp-content\/uploads\/2017\/01\/Sortie-Nature-et-Jardins-17-01-17-LASSERRAN-041-2-300x225.jpg 300w, https:\/\/www.rabelais32.org\/wp-content\/uploads\/2017\/01\/Sortie-Nature-et-Jardins-17-01-17-LASSERRAN-041-2-768x576.jpg 768w, https:\/\/www.rabelais32.org\/wp-content\/uploads\/2017\/01\/Sortie-Nature-et-Jardins-17-01-17-LASSERRAN-041-2.jpg 1024w\" sizes=\"auto, (max-width: 237px) 100vw, 237px\" \/><\/a><\/p>\n<p>Nous \u00a0sommes dans un autre monde. Dany et Mich\u00e8le osent tremper leurs pieds dans l\u2019eau glac\u00e9e, br br br! <a href=\"http:\/\/www.rabelais32.org\/wp-content\/uploads\/2017\/01\/Sortie-Nature-et-Jardins-17-01-17-LASSERRAN-045.jpg\" target=\"_blank\"><img loading=\"lazy\" decoding=\"async\" class=\"alignright wp-image-3582\" src=\"http:\/\/www.rabelais32.org\/wp-content\/uploads\/2017\/01\/Sortie-Nature-et-Jardins-17-01-17-LASSERRAN-045-300x225.jpg\" alt=\"\" width=\"233\" height=\"175\" srcset=\"https:\/\/www.rabelais32.org\/wp-content\/uploads\/2017\/01\/Sortie-Nature-et-Jardins-17-01-17-LASSERRAN-045-300x225.jpg 300w, https:\/\/www.rabelais32.org\/wp-content\/uploads\/2017\/01\/Sortie-Nature-et-Jardins-17-01-17-LASSERRAN-045-768x576.jpg 768w, https:\/\/www.rabelais32.org\/wp-content\/uploads\/2017\/01\/Sortie-Nature-et-Jardins-17-01-17-LASSERRAN-045.jpg 1024w\" sizes=\"auto, (max-width: 233px) 100vw, 233px\" \/><\/a><\/p>\n<p>&nbsp;<\/p>\n<p>&nbsp;<\/p>\n<p>&nbsp;<\/p>\n<p>&nbsp;<\/p>\n<p>&nbsp;<\/p>\n<p>&nbsp;<\/p>\n<p>Les surprises continuent : un ULM est stationn\u00e9 sous un hangar,attendant les beaux jours pour d\u00e9coller.<\/p>\n<p><a href=\"http:\/\/www.rabelais32.org\/wp-content\/uploads\/2017\/01\/Sortie-Nature-et-Jardins-17-01-17-LASSERRAN-049.jpg\" target=\"_blank\"><img loading=\"lazy\" decoding=\"async\" class=\"wp-image-3584 aligncenter\" src=\"http:\/\/www.rabelais32.org\/wp-content\/uploads\/2017\/01\/Sortie-Nature-et-Jardins-17-01-17-LASSERRAN-049-300x225.jpg\" alt=\"\" width=\"246\" height=\"185\" srcset=\"https:\/\/www.rabelais32.org\/wp-content\/uploads\/2017\/01\/Sortie-Nature-et-Jardins-17-01-17-LASSERRAN-049-300x225.jpg 300w, https:\/\/www.rabelais32.org\/wp-content\/uploads\/2017\/01\/Sortie-Nature-et-Jardins-17-01-17-LASSERRAN-049-768x576.jpg 768w, https:\/\/www.rabelais32.org\/wp-content\/uploads\/2017\/01\/Sortie-Nature-et-Jardins-17-01-17-LASSERRAN-049.jpg 1024w\" sizes=\"auto, (max-width: 246px) 100vw, 246px\" \/><\/a><a href=\"http:\/\/www.rabelais32.org\/wp-content\/uploads\/2017\/01\/Sortie-Nature-et-Jardins-17-01-17-LASSERRAN-0472.jpg\" target=\"_blank\"><img loading=\"lazy\" decoding=\"async\" class=\"wp-image-3583 alignleft\" src=\"http:\/\/www.rabelais32.org\/wp-content\/uploads\/2017\/01\/Sortie-Nature-et-Jardins-17-01-17-LASSERRAN-0472-300x225.jpg\" alt=\"\" width=\"226\" height=\"169\" srcset=\"https:\/\/www.rabelais32.org\/wp-content\/uploads\/2017\/01\/Sortie-Nature-et-Jardins-17-01-17-LASSERRAN-0472-300x225.jpg 300w, https:\/\/www.rabelais32.org\/wp-content\/uploads\/2017\/01\/Sortie-Nature-et-Jardins-17-01-17-LASSERRAN-0472-768x576.jpg 768w, https:\/\/www.rabelais32.org\/wp-content\/uploads\/2017\/01\/Sortie-Nature-et-Jardins-17-01-17-LASSERRAN-0472.jpg 1024w\" sizes=\"auto, (max-width: 226px) 100vw, 226px\" \/><\/a><\/p>\n<p><a href=\"http:\/\/www.rabelais32.org\/wp-content\/uploads\/2017\/01\/Sortie-Nature-et-Jardins-17-01-17-LASSERRAN-052.jpg\" target=\"_blank\"><img loading=\"lazy\" decoding=\"async\" class=\"wp-image-3587 alignright\" src=\"http:\/\/www.rabelais32.org\/wp-content\/uploads\/2017\/01\/Sortie-Nature-et-Jardins-17-01-17-LASSERRAN-052-300x225.jpg\" alt=\"\" width=\"211\" height=\"159\" srcset=\"https:\/\/www.rabelais32.org\/wp-content\/uploads\/2017\/01\/Sortie-Nature-et-Jardins-17-01-17-LASSERRAN-052-300x225.jpg 300w, https:\/\/www.rabelais32.org\/wp-content\/uploads\/2017\/01\/Sortie-Nature-et-Jardins-17-01-17-LASSERRAN-052-768x576.jpg 768w, https:\/\/www.rabelais32.org\/wp-content\/uploads\/2017\/01\/Sortie-Nature-et-Jardins-17-01-17-LASSERRAN-052.jpg 1024w\" sizes=\"auto, (max-width: 211px) 100vw, 211px\" \/><\/a><\/p>\n<p>Puis un \u00e9trange engin attire notre attention, c&rsquo;est pour l&rsquo;observation des \u00e9toiles.<\/p>\n<p>A c\u00f4t\u00e9, une table d\u2019orientation particuli\u00e8re, sur laquelle sont pos\u00e9s des triangles m\u00e9talliques grav\u00e9s du nom des sommets pyr\u00e9n\u00e9ens, un syst\u00e8me ing\u00e9nieux qui permet de les observer quand les Pyr\u00e9n\u00e9es sont visibles.<\/p>\n<p>&nbsp;<\/p>\n<p>&nbsp;<\/p>\n<p>&nbsp;<\/p>\n<p>&nbsp;<\/p>\n<p><a href=\"http:\/\/www.rabelais32.org\/wp-content\/uploads\/2017\/01\/Sortie-Nature-et-Jardins-17-01-17-LASSERRAN-056.jpg\" target=\"_blank\"><img loading=\"lazy\" decoding=\"async\" class=\"wp-image-3588 alignleft\" src=\"http:\/\/www.rabelais32.org\/wp-content\/uploads\/2017\/01\/Sortie-Nature-et-Jardins-17-01-17-LASSERRAN-056-300x225.jpg\" alt=\"\" width=\"226\" height=\"170\" srcset=\"https:\/\/www.rabelais32.org\/wp-content\/uploads\/2017\/01\/Sortie-Nature-et-Jardins-17-01-17-LASSERRAN-056-300x225.jpg 300w, https:\/\/www.rabelais32.org\/wp-content\/uploads\/2017\/01\/Sortie-Nature-et-Jardins-17-01-17-LASSERRAN-056-768x576.jpg 768w, https:\/\/www.rabelais32.org\/wp-content\/uploads\/2017\/01\/Sortie-Nature-et-Jardins-17-01-17-LASSERRAN-056.jpg 1024w\" sizes=\"auto, (max-width: 226px) 100vw, 226px\" \/><\/a><a href=\"http:\/\/www.rabelais32.org\/wp-content\/uploads\/2017\/01\/fin.jpg\" target=\"_blank\"><img loading=\"lazy\" decoding=\"async\" class=\"wp-image-3595 alignright\" src=\"http:\/\/www.rabelais32.org\/wp-content\/uploads\/2017\/01\/fin-300x213.jpg\" alt=\"\" width=\"242\" height=\"172\" srcset=\"https:\/\/www.rabelais32.org\/wp-content\/uploads\/2017\/01\/fin-300x213.jpg 300w, https:\/\/www.rabelais32.org\/wp-content\/uploads\/2017\/01\/fin-768x545.jpg 768w, https:\/\/www.rabelais32.org\/wp-content\/uploads\/2017\/01\/fin.jpg 1024w\" sizes=\"auto, (max-width: 242px) 100vw, 242px\" \/><\/a><\/p>\n<p>&nbsp;<\/p>\n<p>Notre visite s\u2019ach\u00e8ve avec l\u2019arriv\u00e9e de magnifiques poules noires d&rsquo;Astarac- Bigorre et autres venues chercher leur pitance du soir.<\/p>\n<p>&nbsp;<\/p>\n<p>&nbsp;<\/p>\n<p>&nbsp;<\/p>\n<p>&nbsp;<\/p>\n<p>Merci \u00e0 Dany pour cette sortie hivernale, \u00e0 Mr le Maire et son adjoint pour leur accueil chaleureux.<\/p>\n<p>A la prochaine\u2026\u2026\u2026<\/p>\n","protected":false},"excerpt":{"rendered":"<p>&nbsp; Mardi 17 janvier, 0\u00b0 au thermom\u00e8tre, mais tout de m\u00eame nous sommes une dizaine \u00e0 nous retrouver \u00e0 Lasserran, village situ\u00e9 \u00e0 quelques kilom\u00e8tres d\u2019Auch en direction de Mirande. Mr. le Maire et son adjoint nous accueillent \u00e0 la &hellip; <a href=\"https:\/\/www.rabelais32.org\/index.php\/2017\/01\/24\/sortie-nature-et-jardins-du-17-janvier-2017-a-lasserran\/\">Lire la suite\u00ad\u00ad<\/a><\/p>\n","protected":false},"author":3,"featured_media":3590,"comment_status":"open","ping_status":"closed","sticky":false,"template":"","format":"standard","meta":{"footnotes":""},"categories":[1],"tags":[],"class_list":["post-3573","post","type-post","status-publish","format-standard","has-post-thumbnail","hentry","category-autres"],"_links":{"self":[{"href":"https:\/\/www.rabelais32.org\/index.php\/wp-json\/wp\/v2\/posts\/3573","targetHints":{"allow":["GET"]}}],"collection":[{"href":"https:\/\/www.rabelais32.org\/index.php\/wp-json\/wp\/v2\/posts"}],"about":[{"href":"https:\/\/www.rabelais32.org\/index.php\/wp-json\/wp\/v2\/types\/post"}],"author":[{"embeddable":true,"href":"https:\/\/www.rabelais32.org\/index.php\/wp-json\/wp\/v2\/users\/3"}],"replies":[{"embeddable":true,"href":"https:\/\/www.rabelais32.org\/index.php\/wp-json\/wp\/v2\/comments?post=3573"}],"version-history":[{"count":17,"href":"https:\/\/www.rabelais32.org\/index.php\/wp-json\/wp\/v2\/posts\/3573\/revisions"}],"predecessor-version":[{"id":3608,"href":"https:\/\/www.rabelais32.org\/index.php\/wp-json\/wp\/v2\/posts\/3573\/revisions\/3608"}],"wp:featuredmedia":[{"embeddable":true,"href":"https:\/\/www.rabelais32.org\/index.php\/wp-json\/wp\/v2\/media\/3590"}],"wp:attachment":[{"href":"https:\/\/www.rabelais32.org\/index.php\/wp-json\/wp\/v2\/media?parent=3573"}],"wp:term":[{"taxonomy":"category","embeddable":true,"href":"https:\/\/www.rabelais32.org\/index.php\/wp-json\/wp\/v2\/categories?post=3573"},{"taxonomy":"post_tag","embeddable":true,"href":"https:\/\/www.rabelais32.org\/index.php\/wp-json\/wp\/v2\/tags?post=3573"}],"curies":[{"name":"wp","href":"https:\/\/api.w.org\/{rel}","templated":true}]}}