{"id":16415,"date":"2026-08-31T15:58:28","date_gmt":"2026-08-31T13:58:28","guid":{"rendered":"https:\/\/www.rabelais32.org\/?p=16415"},"modified":"2026-08-31T19:19:35","modified_gmt":"2026-08-31T17:19:35","slug":"gargantua-et-la-puree-septembrale-jai-lu-je-lis","status":"publish","type":"post","link":"https:\/\/www.rabelais32.org\/index.php\/2026\/08\/31\/gargantua-et-la-puree-septembrale-jai-lu-je-lis\/","title":{"rendered":"Gargantua et la pur\u00e9e septembrale : J&rsquo;AI LU&#8230;.JE LIS"},"content":{"rendered":"<p><a href=\"https:\/\/www.rabelais32.org\/wp-content\/uploads\/2026\/08\/raisinss.jpg\" target=\"_blank\" rel=\"noopener\"><img loading=\"lazy\" decoding=\"async\" class=\"size-medium wp-image-16438 aligncenter\" src=\"https:\/\/www.rabelais32.org\/wp-content\/uploads\/2026\/08\/raisinss-300x149.jpg\" alt=\"\" width=\"300\" height=\"149\" srcset=\"https:\/\/www.rabelais32.org\/wp-content\/uploads\/2026\/08\/raisinss-300x149.jpg 300w, https:\/\/www.rabelais32.org\/wp-content\/uploads\/2026\/08\/raisinss-1024x508.jpg 1024w, https:\/\/www.rabelais32.org\/wp-content\/uploads\/2026\/08\/raisinss-768x381.jpg 768w, https:\/\/www.rabelais32.org\/wp-content\/uploads\/2026\/08\/raisinss-1536x761.jpg 1536w, https:\/\/www.rabelais32.org\/wp-content\/uploads\/2026\/08\/raisinss.jpg 1600w\" sizes=\"auto, (max-width: 300px) 100vw, 300px\" \/><\/a><\/p>\n<p style=\"text-align: center;\"><em><strong><span class=\"\">De Rabelais : \u00a0 \u00a0 \u00a0Gargantua et la pur\u00e9e septembrale.<\/span><\/strong><\/em><\/p>\n<div class=\"\"><span class=\"\">\u00a0 \u00a0 \u00a0 \u00a0 \u00a0 \u00a0 \u00a0 \u00a0 \u00a0 \u00a0 \u00a0 \u00a0 \u00a0 \u00a0 \u00a0 \u00a0 \u00a0 \u00a0 \u00a0 \u00a0 \u00a0 \u00a0 \u00a0 \u00a0 \u00a0 \u00a0 \u00a0 \u00a0 \u00a0 \u00a0 \u00a0 \u00a0 \u00a0 \u00a0 \u00a0 \u00a0 \u00a0 \u00a0 \u00a0 \u00a0 \u00a0 \u00a0 Septembre, mois des vendanges et de la dive bouteille. \u00a0 \u00a0 \u00a0A sa naissance, comme tout le monde, Gargantua <a href=\"https:\/\/www.rabelais32.org\/wp-content\/uploads\/2026\/08\/gargantua-gargantua-au-berceau-ou-dans-le-socle-apres-l-illustration-par-albert-robida-de-gargantua-et-pantagruel-de-francois-rabelais-gf8wj8.jpg\" target=\"_blank\" rel=\"noopener\"><img loading=\"lazy\" decoding=\"async\" class=\" wp-image-16441 alignleft\" src=\"https:\/\/www.rabelais32.org\/wp-content\/uploads\/2026\/08\/gargantua-gargantua-au-berceau-ou-dans-le-socle-apres-l-illustration-par-albert-robida-de-gargantua-et-pantagruel-de-francois-rabelais-gf8wj8-300x228.jpg\" alt=\"\" width=\"266\" height=\"203\" srcset=\"https:\/\/www.rabelais32.org\/wp-content\/uploads\/2026\/08\/gargantua-gargantua-au-berceau-ou-dans-le-socle-apres-l-illustration-par-albert-robida-de-gargantua-et-pantagruel-de-francois-rabelais-gf8wj8-300x228.jpg 300w, https:\/\/www.rabelais32.org\/wp-content\/uploads\/2026\/08\/gargantua-gargantua-au-berceau-ou-dans-le-socle-apres-l-illustration-par-albert-robida-de-gargantua-et-pantagruel-de-francois-rabelais-gf8wj8-1024x779.jpg 1024w, https:\/\/www.rabelais32.org\/wp-content\/uploads\/2026\/08\/gargantua-gargantua-au-berceau-ou-dans-le-socle-apres-l-illustration-par-albert-robida-de-gargantua-et-pantagruel-de-francois-rabelais-gf8wj8-768x584.jpg 768w, https:\/\/www.rabelais32.org\/wp-content\/uploads\/2026\/08\/gargantua-gargantua-au-berceau-ou-dans-le-socle-apres-l-illustration-par-albert-robida-de-gargantua-et-pantagruel-de-francois-rabelais-gf8wj8.jpg 1300w\" sizes=\"auto, (max-width: 266px) 100vw, 266px\" \/><\/a><a href=\"https:\/\/www.rabelais32.org\/wp-content\/uploads\/2026\/08\/2048-scaled.webp\" target=\"_blank\" rel=\"noopener\"><img loading=\"lazy\" decoding=\"async\" class=\" wp-image-16440 alignright\" src=\"https:\/\/www.rabelais32.org\/wp-content\/uploads\/2026\/08\/2048-238x300.webp\" alt=\"\" width=\"183\" height=\"231\" srcset=\"https:\/\/www.rabelais32.org\/wp-content\/uploads\/2026\/08\/2048-238x300.webp 238w, https:\/\/www.rabelais32.org\/wp-content\/uploads\/2026\/08\/2048-814x1024.webp 814w, https:\/\/www.rabelais32.org\/wp-content\/uploads\/2026\/08\/2048-768x966.webp 768w, https:\/\/www.rabelais32.org\/wp-content\/uploads\/2026\/08\/2048-1221x1536.webp 1221w, https:\/\/www.rabelais32.org\/wp-content\/uploads\/2026\/08\/2048-1628x2048.webp 1628w, https:\/\/www.rabelais32.org\/wp-content\/uploads\/2026\/08\/2048-scaled.webp 2034w\" sizes=\"auto, (max-width: 183px) 100vw, 183px\" \/><\/a>aime le lait mais tr\u00e8s vite, pour le faire taire, car il criait beaucoup, il fallait lui donner du vin,\u00a0\u00ab\u00a0la pur\u00e9e septembrale\u00a0\u00bb\u00a0<\/span><\/div>\n<div class=\"\"><span class=\"\">\u00a0<\/span><\/div>\n<div class=\"\"><span class=\"\">\u00a0<\/span><span class=\"\">\u00ab \u00a0A un an et dix-huit mois, sur le conseil des m\u00e9decins, on commen\u00e7a \u00e0 le porter. Lui fut faite belle charrette \u00e0 boeufs. On le promenait par ci, par l\u00e0, joyeusement. On le montrait car il avait bonne trogne et avait presque dix-huit mentons. Il ne criait que tr\u00e8s peu mais il chiait \u00e0 toutes heures car il \u00e9tait flegmatique de la fesse tant par sa complexion naturelle que par la disposition qui lui \u00e9tait venue de trop humer la pur\u00e9e septembrale. \u00a0 S\u2019il advenait qu\u2019il fut courrouc\u00e9, f\u00e2ch\u00e9 ou marri\u2026s\u2019il tr\u00e9pignait, pleurait, criait\u2026lui apporter \u00e0 boire le remettait dans son \u00e9tat normal et soudain demeurait coi et joyeux.<\/span><\/div>\n<div class=\"\"><span class=\"\">\u00a0 \u00a0 Une de ses gouvernantes m\u2019a dit qu\u2019il \u00e9tait coutumier du fait, qu\u2019au seul son des pintes et flacons il entrait en extase comme s\u2019il go\u00fbtait les joies du paradis. \u00a0 En sorte que consid\u00e9rant cette complexion divine elles faisaient, devant lui, sonner des verres avec un couteau ou des flacons avec leurs bouchons ou des pintes avec leur couvercle. \u00a0A ce son, il s\u2019\u00e9gayait,\u00a0tressaillait, dodelinait de la t\u00eate tapotant en rythme de ses doigts <\/span><span class=\"\">et\u00a0barytonait\u00a0du cul.\u00a0\u00bb\u00a0<\/span><\/div>\n<div class=\"\"><span class=\"\">\u00a0<\/span><\/div>\n<div class=\"\">Choix : J.N<\/div>\n<div><a href=\"https:\/\/www.rabelais32.org\/wp-content\/uploads\/2026\/08\/Gargantua-2.jpg\" target=\"_blank\" rel=\"noopener\"><img loading=\"lazy\" decoding=\"async\" class=\"size-medium wp-image-16442 alignleft\" src=\"https:\/\/www.rabelais32.org\/wp-content\/uploads\/2026\/08\/Gargantua-2-200x300.jpg\" alt=\"\" width=\"200\" height=\"300\" srcset=\"https:\/\/www.rabelais32.org\/wp-content\/uploads\/2026\/08\/Gargantua-2-200x300.jpg 200w, https:\/\/www.rabelais32.org\/wp-content\/uploads\/2026\/08\/Gargantua-2.jpg 500w\" sizes=\"auto, (max-width: 200px) 100vw, 200px\" \/><\/a><a href=\"https:\/\/www.rabelais32.org\/wp-content\/uploads\/2026\/08\/30819671257.jpg\" target=\"_blank\" rel=\"noopener\"><img loading=\"lazy\" decoding=\"async\" class=\" wp-image-16443 alignright\" src=\"https:\/\/www.rabelais32.org\/wp-content\/uploads\/2026\/08\/30819671257-232x300.jpg\" alt=\"\" width=\"222\" height=\"288\" srcset=\"https:\/\/www.rabelais32.org\/wp-content\/uploads\/2026\/08\/30819671257-232x300.jpg 232w, https:\/\/www.rabelais32.org\/wp-content\/uploads\/2026\/08\/30819671257-790x1024.jpg 790w, https:\/\/www.rabelais32.org\/wp-content\/uploads\/2026\/08\/30819671257-768x995.jpg 768w, https:\/\/www.rabelais32.org\/wp-content\/uploads\/2026\/08\/30819671257-1186x1536.jpg 1186w, https:\/\/www.rabelais32.org\/wp-content\/uploads\/2026\/08\/30819671257.jpg 1235w\" sizes=\"auto, (max-width: 222px) 100vw, 222px\" \/><\/a><\/div>\n<div><\/div>\n<div class=\"\"><a href=\"https:\/\/www.rabelais32.org\/wp-content\/uploads\/2026\/08\/bouteille-gar.png\" target=\"_blank\" rel=\"noopener\"><img loading=\"lazy\" decoding=\"async\" class=\"size-medium wp-image-16451 aligncenter\" src=\"https:\/\/www.rabelais32.org\/wp-content\/uploads\/2026\/08\/bouteille-gar-225x300.png\" alt=\"\" width=\"225\" height=\"300\" srcset=\"https:\/\/www.rabelais32.org\/wp-content\/uploads\/2026\/08\/bouteille-gar-225x300.png 225w, https:\/\/www.rabelais32.org\/wp-content\/uploads\/2026\/08\/bouteille-gar.png 768w\" sizes=\"auto, (max-width: 225px) 100vw, 225px\" \/><\/a><\/div>\n<div class=\"\"><\/div>\n<div><\/div>\n<div><\/div>\n<div><\/div>\n<div><\/div>\n<div><\/div>\n<div><\/div>\n<div><\/div>\n<div><\/div>\n<div><\/div>\n<div><\/div>\n<div><\/div>\n<div><\/div>\n<div><\/div>\n","protected":false},"excerpt":{"rendered":"<p>De Rabelais : \u00a0 \u00a0 \u00a0Gargantua et la pur\u00e9e septembrale. \u00a0 \u00a0 \u00a0 \u00a0 \u00a0 \u00a0 \u00a0 \u00a0 \u00a0 \u00a0 \u00a0 \u00a0 \u00a0 \u00a0 \u00a0 \u00a0 \u00a0 \u00a0 \u00a0 \u00a0 \u00a0 \u00a0 \u00a0 \u00a0 \u00a0 \u00a0 \u00a0 \u00a0 \u00a0 \u00a0 &hellip; <a href=\"https:\/\/www.rabelais32.org\/index.php\/2026\/08\/31\/gargantua-et-la-puree-septembrale-jai-lu-je-lis\/\">Lire la suite\u00ad\u00ad<\/a><\/p>\n","protected":false},"author":1,"featured_media":16450,"comment_status":"open","ping_status":"closed","sticky":false,"template":"","format":"standard","meta":{"footnotes":""},"categories":[19,54],"tags":[],"class_list":["post-16415","post","type-post","status-publish","format-standard","has-post-thumbnail","hentry","category-a-partager","category-jai-lu-je-lis"],"_links":{"self":[{"href":"https:\/\/www.rabelais32.org\/index.php\/wp-json\/wp\/v2\/posts\/16415","targetHints":{"allow":["GET"]}}],"collection":[{"href":"https:\/\/www.rabelais32.org\/index.php\/wp-json\/wp\/v2\/posts"}],"about":[{"href":"https:\/\/www.rabelais32.org\/index.php\/wp-json\/wp\/v2\/types\/post"}],"author":[{"embeddable":true,"href":"https:\/\/www.rabelais32.org\/index.php\/wp-json\/wp\/v2\/users\/1"}],"replies":[{"embeddable":true,"href":"https:\/\/www.rabelais32.org\/index.php\/wp-json\/wp\/v2\/comments?post=16415"}],"version-history":[{"count":15,"href":"https:\/\/www.rabelais32.org\/index.php\/wp-json\/wp\/v2\/posts\/16415\/revisions"}],"predecessor-version":[{"id":16457,"href":"https:\/\/www.rabelais32.org\/index.php\/wp-json\/wp\/v2\/posts\/16415\/revisions\/16457"}],"wp:featuredmedia":[{"embeddable":true,"href":"https:\/\/www.rabelais32.org\/index.php\/wp-json\/wp\/v2\/media\/16450"}],"wp:attachment":[{"href":"https:\/\/www.rabelais32.org\/index.php\/wp-json\/wp\/v2\/media?parent=16415"}],"wp:term":[{"taxonomy":"category","embeddable":true,"href":"https:\/\/www.rabelais32.org\/index.php\/wp-json\/wp\/v2\/categories?post=16415"},{"taxonomy":"post_tag","embeddable":true,"href":"https:\/\/www.rabelais32.org\/index.php\/wp-json\/wp\/v2\/tags?post=16415"}],"curies":[{"name":"wp","href":"https:\/\/api.w.org\/{rel}","templated":true}]}}