{"id":16092,"date":"2026-04-26T19:53:42","date_gmt":"2026-04-26T17:53:42","guid":{"rendered":"https:\/\/www.rabelais32.org\/?p=16092"},"modified":"2026-04-26T19:53:42","modified_gmt":"2026-04-26T17:53:42","slug":"castres-sorreze-30-mars-2026","status":"publish","type":"post","link":"https:\/\/www.rabelais32.org\/index.php\/2026\/04\/26\/castres-sorreze-30-mars-2026\/","title":{"rendered":"Castres &#8211; Sorr\u00e8ze, 30 mars 2026"},"content":{"rendered":"<p>&nbsp;<\/p>\n<p><em><strong>CASTRES :<\/strong><\/em><\/p>\n<p>En cette fra\u00eeche\u00a0 matin\u00e9e du 30 mars, nous partons\u00a0 vers la sous pr\u00e9fecture du d\u00e9partement du Tarn, Castres, la ville natale de Jean Jaur\u00e8s. Si les\u00a0 maisons\u00a0\u00a0 des tisserands, teinturiers, tanneurs, chamoiseurs et parcheminiers construites en bordure de l\u2019Agout font l\u2019embl\u00e8me de cette\u00a0 charmante petite ville\u00a0 r\u00e9cemment <a href=\"https:\/\/www.rabelais32.org\/wp-content\/uploads\/2026\/04\/20260331_100217-rotated.jpg\" target=\"_blank\" rel=\"noopener\"><img loading=\"lazy\" decoding=\"async\" class=\"wp-image-16094 alignleft\" src=\"https:\/\/www.rabelais32.org\/wp-content\/uploads\/2026\/04\/20260331_100217-225x300.jpg\" alt=\"\" width=\"156\" height=\"208\" srcset=\"https:\/\/www.rabelais32.org\/wp-content\/uploads\/2026\/04\/20260331_100217-225x300.jpg 225w, https:\/\/www.rabelais32.org\/wp-content\/uploads\/2026\/04\/20260331_100217-rotated.jpg 768w\" sizes=\"auto, (max-width: 156px) 100vw, 156px\" \/><\/a>labellis\u00e9e \u00ab Ville d\u2019Art et d\u2019Histoire \u00bb, les touristes sont surtout attir\u00e9s par le mus\u00e9e Goya.<\/p>\n<p>Install\u00e9\u00a0 dans l\u2019ancien palais \u00e9piscopal construit\u00a0 en 1675 sur les plans de Jules Hardouin -Mansart, architecte de Versailles,\u00a0 le mus\u00e9e cr\u00e9\u00e9 en 1840 ne rassemble qu\u2019un petit nombre de tableaux de peintres fran\u00e7ais acquis par la ville de Castres. D\u2019abord modeste, le\u00a0 mus\u00e9e\u00a0 \u00e9toffe sa\u00a0 collection d\u00e8s 1870 et regroupe des objets d\u2019art, de peinture, des sculptures et un cabinet d\u2019histoire naturelle.<\/p>\n<p>Le don des premi\u00e8res \u0153uvres espagnoles par Monsieur et Madame Briguiboul en 1894, et ult\u00e9rieurement par leur fils, marque le point initial de la collection d\u2019art hispanique du mus\u00e9e de Castres. En 1947, sous l\u2019\u00e9gide du conservateur du mus\u00e9e, Gaston Poulain, le mus\u00e9e sera rebaptis\u00e9 \u00ab\u00a0Mus\u00e9e Goya\u00a0\u00bb marquant un tournant majeur dans\u00a0 son orientation artistique et culturelle d\u00e9sormais hispanique. En 1949 le mus\u00e9e du Louvre confirmera cet engagement\u00a0 par le d\u00e9p\u00f4t de prestigieux tableaux de Velasquez et de Murillo.<\/p>\n<p>D\u00e8s 1971, anticipant la hausse des tarifs des tableaux de ma\u00eetres\u2026, les conservateurs successifs\u00a0 enrichiront les collections par l\u2019achat d\u2019oeuvres de peintres espagnols\u00a0 avec l\u2019aide de l\u2019\u00e9tat, du minist\u00e8re de la Culture et la manne financi\u00e8re des laboratoires pharmaceutiques\u00a0 Pierre Fabre.<\/p>\n<p>Apr\u00e8s d\u2019importants travaux de r\u00e9novation entrepris en 2020, le mus\u00e9e ouvrira ses portes en 2023. C\u2019est aujourd\u2019hui la premi\u00e8re institution fran\u00e7aise \u00e0 proposer au public une version compl\u00e8te de l\u2019art espagnol des Grands Ma\u00eetres du XIV\u00b0 et XVII\u00b0 jusqu\u2019\u00e0 nos jours.<\/p>\n<p>Remontons le temps.<\/p>\n<p><a href=\"https:\/\/www.rabelais32.org\/wp-content\/uploads\/2026\/04\/adoration-des-mages.jpg\" target=\"_blank\" rel=\"noopener\"><img loading=\"lazy\" decoding=\"async\" class=\"wp-image-16095 alignright\" src=\"https:\/\/www.rabelais32.org\/wp-content\/uploads\/2026\/04\/adoration-des-mages-233x300.jpg\" alt=\"\" width=\"194\" height=\"250\" srcset=\"https:\/\/www.rabelais32.org\/wp-content\/uploads\/2026\/04\/adoration-des-mages-233x300.jpg 233w, https:\/\/www.rabelais32.org\/wp-content\/uploads\/2026\/04\/adoration-des-mages.jpg 505w\" sizes=\"auto, (max-width: 194px) 100vw, 194px\" \/><\/a>Au Moyen Age, la p\u00e9ninsule ib\u00e9rique est partag\u00e9e entre royaumes chr\u00e9tiens et musulmans. D\u00e8s le d\u00e9but de 722, la \u00ab\u00a0Reconquista Chr\u00e9tienne\u00a0\u00bb s\u2019accompagne de la production de nouvelles \u0153uvres religieuses pour les \u00e9glises et les couvents. Les \u00e9changes artistiques entre l\u2019Espagne, la France, l\u2019Italie et les Pays Bas favorisent l\u2019\u00e9mergence du style gothique caract\u00e9ris\u00e9 par l\u2019arabesque, l\u2019\u00e9l\u00e9gance des formes, les fonds d\u2019or, la vivacit\u00e9 des couleurs et l\u2019attention port\u00e9e aux d\u00e9tails. Le regard s\u2019\u00e9merveille en d\u00e9couvrant ors et couleurs des tableaux de bois peints.<\/p>\n<p>La d\u00e9couverte de l\u2019Am\u00e9rique marque la fin du Moyen Age&#8230;La Renaissance italienne et son go\u00fbt pour l\u2019art gr\u00e9co-romain influence les artistes espagnols.<\/p>\n<p>Le guide attirera notre attention sur le tableau\u00a0\u00bb l\u2019 Adoration des Mages\u00a0\u00bb et le contraste entre la finesse de certains d\u00e9tails et des \u00ab\u00a0d\u00e9fauts\u00a0\u00bb\u00a0&#8230;Pour un nouveau-n\u00e9, J\u00e9sus semble d\u00e9mesur\u00e9ment grand\u2026<br \/>\nNous nous attardons devant le panneau repr\u00e9sentant Saint Martin coiff\u00e9 de son chapeau rouge offrant un pan de son manteau \u00e0 un mendiant.<\/p>\n<p>Deux tableaux de la vie de J\u00e9sus r\u00e9v\u00e8lent une technique plus ma\u00eetris\u00e9e\u00a0. Influenc\u00e9s par le courant hispano-flamand, les peintres teintent leurs paysages de nuances bleut\u00e9es.<\/p>\n<p>Quatre bas-reliefs en bois provenant du ch\u00e2teau de V\u00e9lez-Blanco situ\u00e9 en Andalousie c\u00e9l\u00e8brent Jules C\u00e9sar\u00a0: on identifie le Colis\u00e9e, le char triomphal de C\u00e9sar, les porteurs de vaisselle pr\u00e9cieuse\u2026\u00a0et quelques \u00e9l\u00e9ments exotiques, en particulier des \u00e9l\u00e9phants\u2026<\/p>\n<p>Nous arrivons au si\u00e8cle d\u2019or, \u00ab\u00a0el Siglo de Oro\u00a0\u00bb. Sous le r\u00e8gne de Philippe II, Philippe IV et Charles II, l\u2019Espagne conna\u00eet un fort d\u00e9veloppement artistique et culturel. Au XVIII\u00b0, S\u00e9ville est une des plus grandes villes europ\u00e9ennes et attire de nombreux artistes dont le peintre Pacheco\u00a0 dont nous pouvons admirer deux tableaux.<\/p>\n<p>\u00ab\u00a0Le\u00a0 jugement dernier\u00a0\u00bb\u00a0 symbolise le voyage des \u00e2mes apr\u00e8s la mort, le jugement devant le Christ au d\u00e9part pour le paradis ou l\u2019enfer. L\u2019expression des visages des personnages\u00a0 expriment\u00a0 s\u00e9r\u00e9nit\u00e9 ou angoisse \u2026<\/p>\n<p><a href=\"https:\/\/www.rabelais32.org\/wp-content\/uploads\/2026\/04\/20260331_105511-scaled.jpg\" target=\"_blank\" rel=\"noopener\"><img loading=\"lazy\" decoding=\"async\" class=\" wp-image-16096 alignleft\" src=\"https:\/\/www.rabelais32.org\/wp-content\/uploads\/2026\/04\/20260331_105511-300x208.jpg\" alt=\"\" width=\"235\" height=\"163\" srcset=\"https:\/\/www.rabelais32.org\/wp-content\/uploads\/2026\/04\/20260331_105511-300x208.jpg 300w, https:\/\/www.rabelais32.org\/wp-content\/uploads\/2026\/04\/20260331_105511-1024x708.jpg 1024w, https:\/\/www.rabelais32.org\/wp-content\/uploads\/2026\/04\/20260331_105511-768x531.jpg 768w, https:\/\/www.rabelais32.org\/wp-content\/uploads\/2026\/04\/20260331_105511-1536x1063.jpg 1536w, https:\/\/www.rabelais32.org\/wp-content\/uploads\/2026\/04\/20260331_105511-2048x1417.jpg 2048w\" sizes=\"auto, (max-width: 235px) 100vw, 235px\" \/><\/a>La deuxi\u00e8me toile \u00ab\u00a0Le\u00a0 Christ servi par les anges dans le d\u00e9sert\u00a0\u00bb, peinte entre 1615 et 1616\u00a0 demeure l\u2019 incontestable chef-d\u2019oeuvre de l\u2019artiste.\u00a0 La sc\u00e8ne se d\u00e9roule devant une grotte derri\u00e8re laquelle se dessinent des arbres et des rochers, sur la droite du tableau, \u00e0 l\u2019arri\u00e8re plan, se distinguent J\u00e9rusalem\u00a0 et le Jourdain. Douze personnages sont repr\u00e9sent\u00e9s. La nature morte au centre du tableau a \u00e9t\u00e9 r\u00e9alis\u00e9e en collaboration avec Diego Velasquez alors \u00e2g\u00e9 de 17 ans.<br \/>\nCe jeune g\u00e9nie deviendra peintre du roi et r\u00e9alisera entre 1634 et 1636 un portrait intimiste de Philippe IV au pied d\u2019un ch\u00eane,\u00a0 arbre symbole de force et de majest\u00e9\u2026<\/p>\n<p>Nous traversons une longue galerie vitr\u00e9e. L\u2019occasion id\u00e9ale d\u2019admirer le parc que nous avions rapidement travers\u00e9 \u00e0 notre arriv\u00e9e. Il faut avouer que le temps maussade n\u2019incitait\u00a0 pas \u00e0\u00a0 fl\u00e2ner dans les all\u00e9es de ce jardin d\u2019agr\u00e9ment \u00e0 la fran\u00e7aise cr\u00e9\u00e9 en 1876 par Monseigneur de Maup\u00e9ou&#8230;\u00a0 Compos\u00e9 de parterres de buis, de broderies et d\u2019arabesques \u00e0 la mani\u00e8re des jardins royaux am\u00e9nag\u00e9s par Andr\u00e9 Le N\u00f4tre, l\u2019 espace verdoyant \u00e0 \u00e9t\u00e9 achev\u00e9 en 1700.<\/p>\n<p>Nous voici dans la salle des Etats Dioc\u00e9sains couronn\u00e9e d\u2019un plafond \u00e0 la fran\u00e7aise aux poutres apparentes. Sur la partie sup\u00e9rieure murale se d\u00e9tachent les armoiries des 35 \u00e9v\u00eaques de Castres, du Moyen Age \u00e0 l\u2019\u00e9poque moderne ainsi que l\u2019\u00e9vocation du passage du roi de France Henri IV \u00e0 Castres en 1585. Des diff\u00e9rents objets meublant cette pi\u00e8ce, on retiendra le casque d\u2019apparat en ivoire du Roi George II d\u2019Angleterre port\u00e9 lors des c\u00e9r\u00e9monies ou de grandes parades \u00e9questres. Un arr\u00eat s\u2019imposait devant cette r\u00e9alisation offerte par le roi \u00e0 Jean Louis Ligonier (1680-1770), mar\u00e9chal fran\u00e7ais ayant combattu pour l\u2019Angleterre<\/p>\n<p><a href=\"https:\/\/www.rabelais32.org\/wp-content\/uploads\/2026\/04\/Castres_Alonso_Cano_-_Le_Mariage_de_la_Vierge_-_Musee_Goya.jpg\" target=\"_blank\" rel=\"noopener\"><img loading=\"lazy\" decoding=\"async\" class=\"wp-image-16106 alignleft\" src=\"https:\/\/www.rabelais32.org\/wp-content\/uploads\/2026\/04\/Castres_Alonso_Cano_-_Le_Mariage_de_la_Vierge_-_Musee_Goya-235x300.jpg\" alt=\"\" width=\"177\" height=\"226\" srcset=\"https:\/\/www.rabelais32.org\/wp-content\/uploads\/2026\/04\/Castres_Alonso_Cano_-_Le_Mariage_de_la_Vierge_-_Musee_Goya-235x300.jpg 235w, https:\/\/www.rabelais32.org\/wp-content\/uploads\/2026\/04\/Castres_Alonso_Cano_-_Le_Mariage_de_la_Vierge_-_Musee_Goya.jpg 250w\" sizes=\"auto, (max-width: 177px) 100vw, 177px\" \/><\/a><\/p>\n<p>Une salle est consacr\u00e9e \u00e0 la \u00ab\u00a0Figure f\u00e9minine au si\u00e8cle d\u2019Or\u00a0\u00bb. Les catholiques vouent un culte \u00e0 la vierge Marie et r\u00e9affirme sa place comme figure centrale du dogme, avec en Espagne une d\u00e9votion particuli\u00e8re pour l\u2019Immacul\u00e9e Conception.<\/p>\n<p>Cano repr\u00e9sente la vierge fa\u00e7on id\u00e9alis\u00e9e \u00e0 la mani\u00e8re de Rapha\u00ebl tandis que Murillo prend pour mod\u00e8le une jeune femme qui incarne la douceur et l\u2019humanit\u00e9 dans un profond naturalisme.<\/p>\n<p>Dans l\u2019Espagne du Si\u00e8cle d\u2019Or, les artistes ex\u00e9cutent au service de la foi des repr\u00e9sentations souvent empreintes de violence et de mysticisme, notamment\u00a0 dans la peinture et la sculpture. En traitant le th\u00e8me du martyre des saints et des saintes, ils repr\u00e9sentent la mort pour d\u00e9livrer des messages moraux. La peinture se caract\u00e9rise par l\u2019exaltation des \u00e9motions, la libert\u00e9 du trait, les contrastes de clair-obscur. Trois tableaux retiendront notre attention, une huile dans l\u2019esprit du Greco,\u00a0\u00ab\u00a0Saint Fran\u00e7ois d\u2019Assise et Fr\u00e8re L\u00e9on\u00a0\u00bb m\u00e9ditant sur la mort, \u00ab\u00a0le martyre de Saint Andr\u00e9\u00a0\u00bb, et une \u0153uvre de\u00a0 Luca Giordano,\u00a0\u00bbHercule au repos\u00a0\u00bb.<\/p>\n<p><a href=\"https:\/\/www.rabelais32.org\/wp-content\/uploads\/2026\/04\/20260331_112646-rotated.jpg\" target=\"_blank\" rel=\"noopener\"><img loading=\"lazy\" decoding=\"async\" class=\"wp-image-16098 alignright\" src=\"https:\/\/www.rabelais32.org\/wp-content\/uploads\/2026\/04\/20260331_112646-300x225.jpg\" alt=\"\" width=\"241\" height=\"181\" srcset=\"https:\/\/www.rabelais32.org\/wp-content\/uploads\/2026\/04\/20260331_112646-300x225.jpg 300w, https:\/\/www.rabelais32.org\/wp-content\/uploads\/2026\/04\/20260331_112646-rotated.jpg 768w\" sizes=\"auto, (max-width: 241px) 100vw, 241px\" \/><\/a>Un ensemble sculpt\u00e9 exceptionnel attribu\u00e9 \u00e0 Giovani Antonio Matera, le massacre des Innocents, repr\u00e9sente les sc\u00e8nes d\u2019atrocit\u00e9s li\u00e9es\u00a0 \u00e0 l\u2019\u00e9pisode biblique relat\u00e9 dans l\u2019\u00e9vangile selon Saint Mathieu. Pour accentuer la vraisemblance, les yeux\u00a0 sont ex\u00e9cut\u00e9s dans des minuscules lamelles de verre color\u00e9. Les personnages en bois polychrome sont repr\u00e9sent\u00e9s en mouvement, un soin particulier est apport\u00e9 au traitement des v\u00eatements et des accessoires.<\/p>\n<p>Nous passons \u00e0 la salle consacr\u00e9e \u00e0 l\u2019art de la Nature Morte. D\u00e8s les premi\u00e8res d\u00e9cennies du XVII\u00b0 , l\u2019art espagnol \u00e9labore un genre de nature morte appel\u00e9 le \u00ab\u00a0Bodegon\u00a0\u00bb, embl\u00e9matique de l\u2019\u00e9cole espagnole. Il se d\u00e9veloppe \u00e0 Tol\u00e8de et \u00e0 S\u00e9ville et se caract\u00e9rise par la repr\u00e9sentation exclusive d\u2019aliments et de sc\u00e8nes de cuisine. Le \u00ab\u00a0bodegon\u00a0\u00bb\u00a0\u00a0\u00a0\u00a0\u00a0\u00a0\u00a0\u00a0\u00a0\u00a0\u00a0\u00a0\u00a0\u00a0\u00a0\u00a0\u00a0\u00a0\u00a0\u00a0\u00a0\u00a0\u00a0\u00a0\u00a0\u00a0\u00a0\u00a0\u00a0\u00a0\u00a0\u00a0\u00a0\u00a0\u00a0\u00a0\u00a0\u00a0\u00a0\u00a0\u00a0\u00a0\u00a0\u00a0\u00a0\u00a0\u00a0\u00a0\u00a0\u00a0\u00a0\u00a0\u00a0\u00a0\u00a0\u00a0\u00a0\u00a0\u00a0\u00a0\u00a0\u00a0\u00a0\u00a0\u00a0\u00a0\u00a0\u00a0\u00a0\u00a0\u00a0\u00a0\u00a0\u00a0\u00a0\u00a0\u00a0\u00a0\u00a0\u00a0\u00a0\u00a0\u00a0\u00a0\u00a0\u00a0\u00a0\u00a0\u00a0\u00a0\u00a0\u00a0\u00a0\u00a0 \u00a0\u00a0\u00a0\u00a0\u00a0\u00a0\u00a0\u00a0\u00a0\u00a0\u00a0\u00a0\u00a0\u00a0\u00a0\u00a0\u00a0\u00a0\u00a0\u00a0\u00a0\u00a0\u00a0\u00a0\u00a0\u00a0\u00a0\u00a0\u00a0\u00a0\u00a0\u00a0\u00a0\u00a0\u00a0\u00a0\u00a0s\u2019identifie par le minimalisme de ses compositions l\u2019aust\u00e9rit\u00e9 des couleurs et l\u2019utilisation\u00a0 syst\u00e9matique de clair-obscur.<\/p>\n<p>Nous voici arriv\u00e9s au salon \u00ab\u00a0 Fransisco Goya y Lucientes\u00a0\u00bb o\u00f9 une frise chronologique retrace les principaux \u00e9v\u00e8nements de son existence.<\/p>\n<p>Peintre et graveur virtuose, Goya n\u00e9 le 30 mars 1748 dans une petite bourgade d\u2019Aragon aux environs de Saragosse est consid\u00e9r\u00e9 comme l\u2019un des plus grands <a href=\"https:\/\/www.rabelais32.org\/wp-content\/uploads\/2026\/04\/Francisco_de_Goya_y_Lucientes_-_Los_fusilamientos_del_tres_de_mayo_-_1814.jpg\" target=\"_blank\" rel=\"noopener\"><img loading=\"lazy\" decoding=\"async\" class=\"wp-image-16099 alignleft\" src=\"https:\/\/www.rabelais32.org\/wp-content\/uploads\/2026\/04\/Francisco_de_Goya_y_Lucientes_-_Los_fusilamientos_del_tres_de_mayo_-_1814-300x229.jpg\" alt=\"\" width=\"236\" height=\"180\" srcset=\"https:\/\/www.rabelais32.org\/wp-content\/uploads\/2026\/04\/Francisco_de_Goya_y_Lucientes_-_Los_fusilamientos_del_tres_de_mayo_-_1814-300x229.jpg 300w, https:\/\/www.rabelais32.org\/wp-content\/uploads\/2026\/04\/Francisco_de_Goya_y_Lucientes_-_Los_fusilamientos_del_tres_de_mayo_-_1814-1024x782.jpg 1024w, https:\/\/www.rabelais32.org\/wp-content\/uploads\/2026\/04\/Francisco_de_Goya_y_Lucientes_-_Los_fusilamientos_del_tres_de_mayo_-_1814-768x586.jpg 768w, https:\/\/www.rabelais32.org\/wp-content\/uploads\/2026\/04\/Francisco_de_Goya_y_Lucientes_-_Los_fusilamientos_del_tres_de_mayo_-_1814.jpg 1280w\" sizes=\"auto, (max-width: 236px) 100vw, 236px\" \/><\/a>artistes espagnols . Il r\u00e9alise des cartons pour la fabrique royale de tapisserie, de prestigieuses commandes royales, puis, l\u2019un des plus c\u00e9l\u00e8bres nus f\u00e9minins du XIX\u00b0 \u00ab\u00a0La Maja nue\u00a0\u00bb. Ces peintures comm\u00e9moreront la guerre contre la France et la r\u00e9sistance espagnole\u00a0: \u00ab\u00a0El tres de Mayo de 1808 en Madrid\u00a0\u00bb est un des tableaux le plus connu\u00a0 du peintre. Le sujet de la toile, son incarnation ainsi que l\u2019\u00e9motion qu\u2019elle d\u00e9gage font de cette toile peinte en 1814 l\u2019une des repr\u00e9sentations les plus connues de la d\u00e9nonciation des horreurs li\u00e9es \u00e0 la guerre.<\/p>\n<p>Atteint de surdit\u00e9 \u00e0 l\u2019\u00e2ge de 47 ans, Goya d\u00e9veloppe \u00e0 c\u00f4t\u00e9 de sa carri\u00e8re de peintre de cour un art tr\u00e8s personnel noir et tourment\u00e9. Sa proximit\u00e9 avec les \u00ab\u00a0Ilustrados\u00a0\u00bb qui adh\u00e8rent aux id\u00e9es des Si\u00e8cles des Lumi\u00e8res lui vaut quelques revers avec l\u2019Inquisition et le pouvoir royal. Il quittera l\u2019Espagne \u00e0 l\u2019\u00e2ge de 78 ans pour s\u2019installer en France\u00a0. Il meurt \u00e0 Bordeaux quatre ans apr\u00e8s, en 1828.<\/p>\n<p>Le salon regroupe les trois \u0153uvres majeures du peintre offertes par Marcel Briguiboul \u00e0 la fin du XIX\u00b0\u00a0:\u00a0 le portrait de Francisco del Mazo peint vers 1820 et l\u2019autoportrait \u00e0 lunettes peint vers 1800. Goya se repr\u00e9sente \u00e2g\u00e9 de 53 ans. Il est au sommet de sa gloire en sa qualit\u00e9 de Premier peintre de la Chambre du roi. Son regard trahit sa presbytie et sa volont\u00e9 de montrer sans complaisance ce qu\u2019il est exactement dans l\u2019instant repr\u00e9sent\u00e9. La m\u00eame ann\u00e9e, il r\u00e9alise la s\u00e9rie grav\u00e9e des \u00ab\u00a0Caprices\u00a0\u00bb.<\/p>\n<p><a href=\"https:\/\/www.rabelais32.org\/wp-content\/uploads\/2026\/04\/Francisco-de-Goya-The-Junta-of-the-Philippines-1815-MeisterDrucke-93047.jpg\" target=\"_blank\" rel=\"noopener\"><img loading=\"lazy\" decoding=\"async\" class=\" wp-image-16103 alignright\" src=\"https:\/\/www.rabelais32.org\/wp-content\/uploads\/2026\/04\/Francisco-de-Goya-The-Junta-of-the-Philippines-1815-MeisterDrucke-93047-300x219.jpg\" alt=\"\" width=\"259\" height=\"189\" srcset=\"https:\/\/www.rabelais32.org\/wp-content\/uploads\/2026\/04\/Francisco-de-Goya-The-Junta-of-the-Philippines-1815-MeisterDrucke-93047-300x219.jpg 300w, https:\/\/www.rabelais32.org\/wp-content\/uploads\/2026\/04\/Francisco-de-Goya-The-Junta-of-the-Philippines-1815-MeisterDrucke-93047-1024x748.jpg 1024w, https:\/\/www.rabelais32.org\/wp-content\/uploads\/2026\/04\/Francisco-de-Goya-The-Junta-of-the-Philippines-1815-MeisterDrucke-93047-768x561.jpg 768w, https:\/\/www.rabelais32.org\/wp-content\/uploads\/2026\/04\/Francisco-de-Goya-The-Junta-of-the-Philippines-1815-MeisterDrucke-93047.jpg 1260w\" sizes=\"auto, (max-width: 259px) 100vw, 259px\" \/><\/a>La troisi\u00e8me \u0153uvre offerte est l\u2019 un des tableaux acquis en 1881 par Marcel Briguiboul\u00a0 lors d\u2019un voyage \u00e0 Madrid \u00ab\u00a0La Junte des Philippines\u00a0\u00bb,la plus grande peinture d\u2019Histoire r\u00e9alis\u00e9e par Goya. Bien que l\u2019oeuvre ait \u00e9t\u00e9 command\u00e9e pour mettre en valeur le c\u00e9r\u00e9monial, la lumi\u00e8re met en \u00e9vidence de mani\u00e8re peu flatteuse la centralit\u00e9 d\u2019un roi impuissant repr\u00e9sent\u00e9 en grande pompe flanqu\u00e9 des ses deux conseillers. L\u2019assembl\u00e9e, des actionnaires g\u00e9rant les int\u00e9r\u00eats financiers espagnols en Extr\u00eame Orient est divis\u00e9e en deux sur des bancs parall\u00e8les s\u00e9par\u00e9s par tapis inond\u00e9 d\u2019une \u00e9blouissante clart\u00e9 et semble tr\u00e8s peu attentive au discours du monarque\u2026 La satire sous entend ici la critique sociale.<\/p>\n<p>Une salle rend hommage aux donateurs du mus\u00e9e.\u00a0 Marcel Briguiboul et\u00a0 sa femme Valentine y sont particuli\u00e8rement c\u00e9l\u00e9br\u00e9s. Des pi\u00e8ces mexicaines \u00e9tonnantes d\u2019originalit\u00e9s t\u00e9moignent des costumes et traditions de ce pays au XIX\u00b0. Une place\u00a0 particuli\u00e8re\u00a0 est donn\u00e9e \u00e0 la remarquable collection d\u2019armes l\u00e9gu\u00e9e en 1998\u00a0 par Ren\u00e9 Gayral, r\u00e9sistant de la premi\u00e8re heure et ancien du \u00ab\u00a0corps franc de la Montagne Noire\u00a0\u00bb.<\/p>\n<p>Au XX\u00b0, l\u2019art espagnol s\u2019impose sur la sc\u00e8ne artistique gr\u00e2ce \u00e0 l\u2019oeuvre des grands ma\u00eetres avant-gardistes tel que Dali, Miro, Picasso. Cette g\u00e9n\u00e9ration d\u2019artistes brille \u00e0 Paris et renouvelle non seulement la peinture espagnole mais aussi l\u2019art moderne dans son ensemble. Picasso, peintre dessinateur sculpteur et graveur, domine tous les autres\u2026 Picasso est \u00e2g\u00e9 de 80 ans lorsqu\u2019il r\u00e9alise le \u00ab\u00a0Buste d\u2019homme \u00e9crivant\u00a0\u00bb\u00a0: couronn\u00e9 de laurier, le po\u00e8te\u00a0 repr\u00e9sent\u00e9 tout en courbes et en tourbillons color\u00e9s scrute et pense le monde, s\u2019interroge et \u00e9crit\u2026<\/p>\n<p><a href=\"https:\/\/www.rabelais32.org\/wp-content\/uploads\/2026\/04\/20260331_114337-scaled.jpg\" target=\"_blank\" rel=\"noopener\"><img loading=\"lazy\" decoding=\"async\" class=\"wp-image-16102 alignleft\" src=\"https:\/\/www.rabelais32.org\/wp-content\/uploads\/2026\/04\/20260331_114337-300x225.jpg\" alt=\"\" width=\"224\" height=\"168\" srcset=\"https:\/\/www.rabelais32.org\/wp-content\/uploads\/2026\/04\/20260331_114337-300x225.jpg 300w, https:\/\/www.rabelais32.org\/wp-content\/uploads\/2026\/04\/20260331_114337-1024x768.jpg 1024w, https:\/\/www.rabelais32.org\/wp-content\/uploads\/2026\/04\/20260331_114337-768x576.jpg 768w, https:\/\/www.rabelais32.org\/wp-content\/uploads\/2026\/04\/20260331_114337-1536x1152.jpg 1536w, https:\/\/www.rabelais32.org\/wp-content\/uploads\/2026\/04\/20260331_114337-2048x1536.jpg 2048w\" sizes=\"auto, (max-width: 224px) 100vw, 224px\" \/><\/a>Partenaire du mus\u00e9e Goya, le mus\u00e9e Soulages a pr\u00eat\u00e9 l\u2019un des fameux outre noirs de l\u2019artiste ruth\u00e9nois\u00a0: les queues de morue, le brou de noix et l\u2019encre d\u2019imprimerie sont les premiers outils de sa r\u00e9v\u00e9lation artistique. Travaillant d\u2019abord \u00e0 la peinture \u00e0 l\u2019huile puis \u00e0 la peinture acrylique \u00e0 partir de 2004, Pierre Soulages fait na\u00eetre les effets de lumi\u00e8re depuis le fond le plus obscur de ses toiles.<\/p>\n<p>Terminons l\u2019\u00e9tude des \u0153uvres de Goya par la d\u00e9couverte de plusieurs\u00a0 gravures\u00a0 extraites des quatre s\u00e9ries,\u00a0\u00bb les Caprices\u00a0\u00bb,\u00a0\u00ab\u00a0les d\u00e9sastres de la guerre\u00a0\u00bb et\u00a0 \u00ab\u00a0la tauromachie\u00a0\u00bb .\u00a0 D\u00e9couverte en 1828\u00a0 dans la maison madril\u00e8ne\u00a0 de l\u2019artiste apr\u00e8s sa mort, la s\u00e9rie d\u2019estampes grav\u00e9e entre 1816 et 1823 , \u00ab\u00a0les Proverbes\u00a0\u00bb, m\u00e9rite une mention particuli\u00e8re . La plus \u00e9nigmatique de ses s\u00e9ries. C\u2019est le moment o\u00f9 le peintre, alors sourd, quitte l\u2019Espagne. <a href=\"https:\/\/www.rabelais32.org\/wp-content\/uploads\/2026\/04\/20260331_121121-scaled.jpg\" target=\"_blank\" rel=\"noopener\"><img loading=\"lazy\" decoding=\"async\" class=\" wp-image-16104 alignright\" src=\"https:\/\/www.rabelais32.org\/wp-content\/uploads\/2026\/04\/20260331_121121-225x300.jpg\" alt=\"\" width=\"170\" height=\"227\" srcset=\"https:\/\/www.rabelais32.org\/wp-content\/uploads\/2026\/04\/20260331_121121-225x300.jpg 225w, https:\/\/www.rabelais32.org\/wp-content\/uploads\/2026\/04\/20260331_121121-768x1024.jpg 768w, https:\/\/www.rabelais32.org\/wp-content\/uploads\/2026\/04\/20260331_121121-1152x1536.jpg 1152w, https:\/\/www.rabelais32.org\/wp-content\/uploads\/2026\/04\/20260331_121121-1536x2048.jpg 1536w, https:\/\/www.rabelais32.org\/wp-content\/uploads\/2026\/04\/20260331_121121-scaled.jpg 1920w\" sizes=\"auto, (max-width: 170px) 100vw, 170px\" \/><\/a>S\u2019agit-il d\u2019une illustration des proverbes de l\u2019\u00e9poque,, d\u2019une critique des institutions militaires et religieuses ou d\u2019une all\u00e9gorie politique\u00a0? Outre leur message, les qualit\u00e9s purement artistiques et leur puissance d\u2019\u00e9vocation conf\u00e9rent \u00e0 ces estampes une dimension universelle et intemporelle.<\/p>\n<p>Nous nous arr\u00eatons devant une lithographie en couleur de Salvador Dali\u00a0 peinte en 1974 ,\u00ab\u00a0Mo\u00cfse\u00a0 et le Monoth\u00e9isme\u00a0\u00bb et entrons dans l\u2019univers color\u00e9 de Joan Miro.<\/p>\n<p>L\u2019artiste catalan a cr\u00e9\u00e9 une \u0153uvre plastique tr\u00e8s personnelle hors des grands mouvements picturaux de son temps bien qu\u2019il fut d\u2019abord associ\u00e9 aux artistes surr\u00e9alistes. Dans les ann\u00e9es 1930, il invente son propre univers pictural constitu\u00e9 de formes et de symboles imaginaires, entre figuration et abstraction. Entre 1975 et 1979, il cr\u00e9e \u00ab\u00a0la s\u00e9rie Gaudi\u00a0\u00bb, une s\u00e9rie de gravures afin de rendre hommage \u00e0 l\u2019architecte catalan de g\u00e9nie. Miro y repr\u00e9sente des formes aux couleurs complexes et dynamiques et un monde de signes caract\u00e9ristiques de son \u0153uvre depuis les ann\u00e9es 1940\u00a0:\u00a0 des \u00e9toiles, des t\u00e2ches, des collages de papier journal se c\u00f4toient pour cr\u00e9er un ensemble tr\u00e8s po\u00e9tique.<\/p>\n<p>Galerie Castres, Mus\u00e9e GOYA :<\/p>\n<style id=\"bwg-style-0\">      #bwg_container1_0 #bwg_container2_0 #bwg_mosaic_thumbnails_div_0 {        width: 100%;        position: relative;        background-color: rgba(255, 255, 255, 0.00);        text-align: center;        justify-content: center;                  margin-left: auto;          margin-right: auto;                    padding-left: 4px;          padding-top: 4px;                }          #bwg_container1_0 #bwg_container2_0 .bwg_mosaic_thumb_spun_0 {        display: block;        position: absolute;\t\t\t\tborder-radius: 0;\t\t\t\tborder: 0px none #CCCCCC;    \t\t    \t\tbackground-color:rgba(0,0,0, 0.30);        -moz-box-sizing: content-box !important;        -webkit-box-sizing: content-box !important;        box-sizing: content-box !important;      }\t\t\t#bwg_container1_0 #bwg_container2_0 .bwg_mosaic_thumb_0 {\t\t\t\tdisplay: block;\t\t\t\t-moz-box-sizing: content-box !important;\t\t\t\t-webkit-box-sizing: content-box !important;\t\t\t\tbox-sizing: content-box !important;\t\t\t\tmargin: 0;\t\t\t\topacity: 1.00;\t\t\t}      #bwg_container1_0 #bwg_container2_0 .bwg_mosaic_thumb_spun_0:hover {        opacity: 1;        backface-visibility: hidden;        -webkit-backface-visibility: hidden;        -moz-backface-visibility: hidden;        -ms-backface-visibility: hidden;        z-index: 102;      }\t      @media only screen and (min-width: 480px) {        #bwg_container1_0 #bwg_container2_0 .bwg_mosaic_thumb_spun_0:hover {          transform: scale(1.1);          -ms-transform: scale(1.1);          -webkit-transform: scale(1.1);        }      }\t      #bwg_container1_0 #bwg_container2_0 .bwg_mosaic_thumbnails_0 {        background-color: rgba(255, 255, 255, 0.00);        font-size: 0;        position: relative;        text-align: center;        display: inline-block;        visibility: hidden;              }\t  \/*image title styles*\/      #bwg_container1_0 #bwg_container2_0 .bwg_mosaic_title_spun1_0,      #bwg_container1_0 #bwg_container2_0 .bwg-mosaic-thumbnails .bwg_ecommerce_spun1_0 {        position: absolute;        display: block;        opacity: 0;        box-sizing: border-box;        text-align: center;\t\t\t\ttop: 50%;\t\t\t\tleft: 50%;\t\t\t\ttransform: translate(-50%, -50%);      }      #bwg_container1_0 #bwg_container2_0 .bwg-mosaic-thumbnails .bwg_mosaic_title_spun2_0,      #bwg_container1_0 #bwg_container2_0 .bwg-mosaic-thumbnails .bwg_ecommerce_spun2_0 {\t\t    color: #CCCCCC;        font-family: segoe ui;        font-size: 16px;        font-weight: bold;        text-shadow: 0px 0px 0px #888888;        vertical-align: middle;        word-wrap: break-word;      }            .bwg_mosaic_play_icon_spun_0 {        display: table;        position: absolute;        left: -10000px;        top: 0px;        opacity: 0;      }      .bwg_mosaic_play_icon_0 {        color: #CCCCCC;        font-size: 32px;        vertical-align: middle;        display: table-cell !important;        z-index: 1;        text-align: center;        margin: 0 auto;      }      #bwg_container1_0 #bwg_container2_0 .bwg_gal_title_0 {        background-color: rgba(0, 0, 0, 0);        color: #323A45;        display: block;        font-family: Ubuntu;        font-size: 16px;        font-weight: bold;        padding: 2px;        text-shadow: ;        text-align: center;      }            @media screen and (max-width: 240px) {      div[class^=\"bwg_mosaic_thumbnails_\"],      span[class^=\"bwg_mosaic_thumb_spun_\"] {      width: 100% !important;      }      img[class^=\"bwg_mosaic_thumb_\"] {      width: 100% !important;      height: auto !important;      margin: 0px auto !important;      }      }      <\/style>    <div id=\"bwg_container1_0\"         class=\"bwg_container bwg_thumbnail bwg_thumbnails_mosaic \"         data-right-click-protection=\"0\"         data-bwg=\"0\"         data-scroll=\"0\"         data-gallery-type=\"thumbnails_mosaic\"         data-gallery-view-type=\"thumbnails_mosaic\"         data-current-url=\"\/index.php\/wp-json\/wp\/v2\/posts\/16092\"         data-lightbox-url=\"https:\/\/www.rabelais32.org\/wp-admin\/admin-ajax.php?action=GalleryBox&#038;current_view=0&#038;gallery_id=428&#038;tag=0&#038;theme_id=1&#038;shortcode_id=852&#038;sort_by=order&#038;order_by=asc&#038;current_url=%2Findex.php%2Fwp-json%2Fwp%2Fv2%2Fposts%2F16092\"         data-gallery-id=\"428\"         data-popup-width=\"800\"         data-popup-height=\"500\"         data-is-album=\"gallery\"         data-buttons-position=\"bottom\">      <div id=\"bwg_container2_0\">             <div id=\"ajax_loading_0\" class=\"bwg_loading_div_1\">      <div class=\"bwg_loading_div_2\">        <div class=\"bwg_loading_div_3\">          <div id=\"loading_div_0\" class=\"bwg_spider_ajax_loading\">          <\/div>        <\/div>      <\/div>    <\/div>            <form id=\"gal_front_form_0\"              class=\"bwg-hidden\"              method=\"post\"              action=\"#\"              data-current=\"0\"              data-shortcode-id=\"852\"              data-gallery-type=\"thumbnails_mosaic\"              data-gallery-id=\"428\"              data-tag=\"0\"              data-album-id=\"0\"              data-theme-id=\"1\"              data-ajax-url=\"https:\/\/www.rabelais32.org\/wp-admin\/admin-ajax.php?action=bwg_frontend_data\">          <div id=\"bwg_container3_0\" class=\"bwg-background bwg-background-0\">                <div id=\"bwg_mosaic_thumbnails_div_0\"         class=\"bwg-container-0 bwg-container bwg-mosaic-thumbnails\"         data-bwg=\"0\"         data-mosaic-direction=\"vertical\"         data-resizable=\"1\"         data-width=\"140\"         data-height=\"140\"         data-total-width=\"100\"         data-block-id=\"bwg_thumbnails_mosaic_0\"         data-thumb-padding=\"4\"         data-thumb-border=\"0\"         data-title-margin=\"2px\"         data-image-title=\"none\"         data-play-icon=\"0\"         data-ecommerce-icon=\"none\"         data-gallery-id=\"428\"         data-lightbox-url=\"https:\/\/www.rabelais32.org\/wp-admin\/admin-ajax.php?action=GalleryBox&#038;current_view=0&#038;gallery_id=428&#038;tag=0&#038;theme_id=1&#038;shortcode_id=852&#038;sort_by=order&#038;order_by=asc&#038;current_url=%2Findex.php%2Fwp-json%2Fwp%2Fv2%2Fposts%2F16092\"         data-mosaic-thumb-transition=\"1\"         style=\"visibility: hidden\" >      <div id=\"bwg_thumbnails_mosaic_0\" class=\"bwg_mosaic_thumbnails_0\">                  <a  class=\"bwg-a bwg_lightbox bwg_lightbox_0\" href=\"https:\/\/www.rabelais32.org\/wp-content\/uploads\/photo-gallery\/castres_goya\/20260331_101943.jpg?bwg=1777225379\" data-image-id=\"8191\" data-elementor-open-lightbox=\"no\">          <div class=\"bwg_mosaic_thumb_spun_0 bwg-item0 bwg-mosaic-thumb-span \">            <img decoding=\"async\" class=\"bwg_mosaic_thumb_0 skip-lazy bwg_img_clear bwg_img_custom \"                 id=\"8191\"                 src=\"https:\/\/www.rabelais32.org\/wp-content\/uploads\/photo-gallery\/castres_goya\/thumb\/20260331_101943.jpg?bwg=1777225379\"                 data-src=\"https:\/\/www.rabelais32.org\/wp-content\/uploads\/photo-gallery\/castres_goya\/thumb\/20260331_101943.jpg?bwg=1777225379\"                 data-width=\"218.00\"                 data-height=\"300.00\"                 alt=\"20260331 101943\"                 title=\"20260331 101943\" \/>                      <\/div>        <\/a>                <a  class=\"bwg-a bwg_lightbox bwg_lightbox_0\" href=\"https:\/\/www.rabelais32.org\/wp-content\/uploads\/photo-gallery\/castres_goya\/20260331_101959.jpg?bwg=1777225379\" data-image-id=\"8192\" data-elementor-open-lightbox=\"no\">          <div class=\"bwg_mosaic_thumb_spun_0 bwg-item0 bwg-mosaic-thumb-span \">            <img decoding=\"async\" class=\"bwg_mosaic_thumb_0 skip-lazy bwg_img_clear bwg_img_custom \"                 id=\"8192\"                 src=\"https:\/\/www.rabelais32.org\/wp-content\/uploads\/photo-gallery\/castres_goya\/thumb\/20260331_101959.jpg?bwg=1777225379\"                 data-src=\"https:\/\/www.rabelais32.org\/wp-content\/uploads\/photo-gallery\/castres_goya\/thumb\/20260331_101959.jpg?bwg=1777225379\"                 data-width=\"262.00\"                 data-height=\"300.00\"                 alt=\"20260331 101959\"                 title=\"20260331 101959\" \/>                      <\/div>        <\/a>                <a  class=\"bwg-a bwg_lightbox bwg_lightbox_0\" href=\"https:\/\/www.rabelais32.org\/wp-content\/uploads\/photo-gallery\/castres_goya\/20260331_102608.jpg?bwg=1777225379\" data-image-id=\"8193\" data-elementor-open-lightbox=\"no\">          <div class=\"bwg_mosaic_thumb_spun_0 bwg-item0 bwg-mosaic-thumb-span \">            <img decoding=\"async\" class=\"bwg_mosaic_thumb_0 skip-lazy bwg_img_clear bwg_img_custom \"                 id=\"8193\"                 src=\"https:\/\/www.rabelais32.org\/wp-content\/uploads\/photo-gallery\/castres_goya\/thumb\/20260331_102608.jpg?bwg=1777225379\"                 data-src=\"https:\/\/www.rabelais32.org\/wp-content\/uploads\/photo-gallery\/castres_goya\/thumb\/20260331_102608.jpg?bwg=1777225379\"                 data-width=\"280.00\"                 data-height=\"300.00\"                 alt=\"20260331 102608\"                 title=\"20260331 102608\" \/>                      <\/div>        <\/a>                <a  class=\"bwg-a bwg_lightbox bwg_lightbox_0\" href=\"https:\/\/www.rabelais32.org\/wp-content\/uploads\/photo-gallery\/castres_goya\/20260331_102524.jpg?bwg=1777225379\" data-image-id=\"8194\" data-elementor-open-lightbox=\"no\">          <div class=\"bwg_mosaic_thumb_spun_0 bwg-item0 bwg-mosaic-thumb-span \">            <img decoding=\"async\" class=\"bwg_mosaic_thumb_0 skip-lazy bwg_img_clear bwg_img_custom \"                 id=\"8194\"                 src=\"https:\/\/www.rabelais32.org\/wp-content\/uploads\/photo-gallery\/castres_goya\/thumb\/20260331_102524.jpg?bwg=1777225379\"                 data-src=\"https:\/\/www.rabelais32.org\/wp-content\/uploads\/photo-gallery\/castres_goya\/thumb\/20260331_102524.jpg?bwg=1777225379\"                 data-width=\"300.00\"                 data-height=\"250.00\"                 alt=\"20260331 102524\"                 title=\"20260331 102524\" \/>                      <\/div>        <\/a>                <a  class=\"bwg-a bwg_lightbox bwg_lightbox_0\" href=\"https:\/\/www.rabelais32.org\/wp-content\/uploads\/photo-gallery\/castres_goya\/20260331_103111.jpg?bwg=1777225379\" data-image-id=\"8195\" data-elementor-open-lightbox=\"no\">          <div class=\"bwg_mosaic_thumb_spun_0 bwg-item0 bwg-mosaic-thumb-span \">            <img decoding=\"async\" class=\"bwg_mosaic_thumb_0 skip-lazy bwg_img_clear bwg_img_custom \"                 id=\"8195\"                 src=\"https:\/\/www.rabelais32.org\/wp-content\/uploads\/photo-gallery\/castres_goya\/thumb\/20260331_103111.jpg?bwg=1777225379\"                 data-src=\"https:\/\/www.rabelais32.org\/wp-content\/uploads\/photo-gallery\/castres_goya\/thumb\/20260331_103111.jpg?bwg=1777225379\"                 data-width=\"182.00\"                 data-height=\"300.00\"                 alt=\"20260331 103111\"                 title=\"20260331 103111\" \/>                      <\/div>        <\/a>                <a  class=\"bwg-a bwg_lightbox bwg_lightbox_0\" href=\"https:\/\/www.rabelais32.org\/wp-content\/uploads\/photo-gallery\/castres_goya\/20260331_103407.jpg?bwg=1777225379\" data-image-id=\"8196\" data-elementor-open-lightbox=\"no\">          <div class=\"bwg_mosaic_thumb_spun_0 bwg-item0 bwg-mosaic-thumb-span \">            <img decoding=\"async\" class=\"bwg_mosaic_thumb_0 skip-lazy bwg_img_clear bwg_img_custom \"                 id=\"8196\"                 src=\"https:\/\/www.rabelais32.org\/wp-content\/uploads\/photo-gallery\/castres_goya\/thumb\/20260331_103407.jpg?bwg=1777225379\"                 data-src=\"https:\/\/www.rabelais32.org\/wp-content\/uploads\/photo-gallery\/castres_goya\/thumb\/20260331_103407.jpg?bwg=1777225379\"                 data-width=\"190.00\"                 data-height=\"300.00\"                 alt=\"20260331 103407\"                 title=\"20260331 103407\" \/>                      <\/div>        <\/a>                <a  class=\"bwg-a bwg_lightbox bwg_lightbox_0\" href=\"https:\/\/www.rabelais32.org\/wp-content\/uploads\/photo-gallery\/castres_goya\/20260331_103429.jpg?bwg=1777225379\" data-image-id=\"8197\" data-elementor-open-lightbox=\"no\">          <div class=\"bwg_mosaic_thumb_spun_0 bwg-item0 bwg-mosaic-thumb-span \">            <img decoding=\"async\" class=\"bwg_mosaic_thumb_0 skip-lazy bwg_img_clear bwg_img_custom \"                 id=\"8197\"                 src=\"https:\/\/www.rabelais32.org\/wp-content\/uploads\/photo-gallery\/castres_goya\/thumb\/20260331_103429.jpg?bwg=1777225379\"                 data-src=\"https:\/\/www.rabelais32.org\/wp-content\/uploads\/photo-gallery\/castres_goya\/thumb\/20260331_103429.jpg?bwg=1777225379\"                 data-width=\"300.00\"                 data-height=\"189.00\"                 alt=\"20260331 103429\"                 title=\"20260331 103429\" \/>                      <\/div>        <\/a>                <a  class=\"bwg-a bwg_lightbox bwg_lightbox_0\" href=\"https:\/\/www.rabelais32.org\/wp-content\/uploads\/photo-gallery\/castres_goya\/20260331_103454.jpg?bwg=1777225379\" data-image-id=\"8198\" data-elementor-open-lightbox=\"no\">          <div class=\"bwg_mosaic_thumb_spun_0 bwg-item0 bwg-mosaic-thumb-span \">            <img decoding=\"async\" class=\"bwg_mosaic_thumb_0 skip-lazy bwg_img_clear bwg_img_custom \"                 id=\"8198\"                 src=\"https:\/\/www.rabelais32.org\/wp-content\/uploads\/photo-gallery\/castres_goya\/thumb\/20260331_103454.jpg?bwg=1777225379\"                 data-src=\"https:\/\/www.rabelais32.org\/wp-content\/uploads\/photo-gallery\/castres_goya\/thumb\/20260331_103454.jpg?bwg=1777225379\"                 data-width=\"180.00\"                 data-height=\"300.00\"                 alt=\"20260331 103454\"                 title=\"20260331 103454\" \/>                      <\/div>        <\/a>                <a  class=\"bwg-a bwg_lightbox bwg_lightbox_0\" href=\"https:\/\/www.rabelais32.org\/wp-content\/uploads\/photo-gallery\/castres_goya\/20260331_104341.jpg?bwg=1777225379\" data-image-id=\"8199\" data-elementor-open-lightbox=\"no\">          <div class=\"bwg_mosaic_thumb_spun_0 bwg-item0 bwg-mosaic-thumb-span \">            <img decoding=\"async\" class=\"bwg_mosaic_thumb_0 skip-lazy bwg_img_clear bwg_img_custom \"                 id=\"8199\"                 src=\"https:\/\/www.rabelais32.org\/wp-content\/uploads\/photo-gallery\/castres_goya\/thumb\/20260331_104341.jpg?bwg=1777225379\"                 data-src=\"https:\/\/www.rabelais32.org\/wp-content\/uploads\/photo-gallery\/castres_goya\/thumb\/20260331_104341.jpg?bwg=1777225379\"                 data-width=\"139.00\"                 data-height=\"300.00\"                 alt=\"20260331 104341\"                 title=\"20260331 104341\" \/>                      <\/div>        <\/a>                <a  class=\"bwg-a bwg_lightbox bwg_lightbox_0\" href=\"https:\/\/www.rabelais32.org\/wp-content\/uploads\/photo-gallery\/castres_goya\/20260331_104505.jpg?bwg=1777225379\" data-image-id=\"8200\" data-elementor-open-lightbox=\"no\">          <div class=\"bwg_mosaic_thumb_spun_0 bwg-item0 bwg-mosaic-thumb-span \">            <img decoding=\"async\" class=\"bwg_mosaic_thumb_0 skip-lazy bwg_img_clear bwg_img_custom \"                 id=\"8200\"                 src=\"https:\/\/www.rabelais32.org\/wp-content\/uploads\/photo-gallery\/castres_goya\/thumb\/20260331_104505.jpg?bwg=1777225379\"                 data-src=\"https:\/\/www.rabelais32.org\/wp-content\/uploads\/photo-gallery\/castres_goya\/thumb\/20260331_104505.jpg?bwg=1777225379\"                 data-width=\"258.00\"                 data-height=\"300.00\"                 alt=\"20260331 104505\"                 title=\"20260331 104505\" \/>                      <\/div>        <\/a>                <a  class=\"bwg-a bwg_lightbox bwg_lightbox_0\" href=\"https:\/\/www.rabelais32.org\/wp-content\/uploads\/photo-gallery\/castres_goya\/20260331_105027.jpg?bwg=1777225379\" data-image-id=\"8201\" data-elementor-open-lightbox=\"no\">          <div class=\"bwg_mosaic_thumb_spun_0 bwg-item0 bwg-mosaic-thumb-span \">            <img decoding=\"async\" class=\"bwg_mosaic_thumb_0 skip-lazy bwg_img_clear bwg_img_custom \"                 id=\"8201\"                 src=\"https:\/\/www.rabelais32.org\/wp-content\/uploads\/photo-gallery\/castres_goya\/thumb\/20260331_105027.jpg?bwg=1777225379\"                 data-src=\"https:\/\/www.rabelais32.org\/wp-content\/uploads\/photo-gallery\/castres_goya\/thumb\/20260331_105027.jpg?bwg=1777225379\"                 data-width=\"225.00\"                 data-height=\"300.00\"                 alt=\"20260331 105027\"                 title=\"20260331 105027\" \/>                      <\/div>        <\/a>                <a  class=\"bwg-a bwg_lightbox bwg_lightbox_0\" href=\"https:\/\/www.rabelais32.org\/wp-content\/uploads\/photo-gallery\/castres_goya\/20260331_105729.jpg?bwg=1777225379\" data-image-id=\"8202\" data-elementor-open-lightbox=\"no\">          <div class=\"bwg_mosaic_thumb_spun_0 bwg-item0 bwg-mosaic-thumb-span \">            <img decoding=\"async\" class=\"bwg_mosaic_thumb_0 skip-lazy bwg_img_clear bwg_img_custom \"                 id=\"8202\"                 src=\"https:\/\/www.rabelais32.org\/wp-content\/uploads\/photo-gallery\/castres_goya\/thumb\/20260331_105729.jpg?bwg=1777225379\"                 data-src=\"https:\/\/www.rabelais32.org\/wp-content\/uploads\/photo-gallery\/castres_goya\/thumb\/20260331_105729.jpg?bwg=1777225379\"                 data-width=\"196.00\"                 data-height=\"300.00\"                 alt=\"20260331 105729\"                 title=\"20260331 105729\" \/>                      <\/div>        <\/a>                <a  class=\"bwg-a bwg_lightbox bwg_lightbox_0\" href=\"https:\/\/www.rabelais32.org\/wp-content\/uploads\/photo-gallery\/castres_goya\/20260331_105511.jpg?bwg=1777225379\" data-image-id=\"8203\" data-elementor-open-lightbox=\"no\">          <div class=\"bwg_mosaic_thumb_spun_0 bwg-item0 bwg-mosaic-thumb-span \">            <img decoding=\"async\" class=\"bwg_mosaic_thumb_0 skip-lazy bwg_img_clear bwg_img_custom \"                 id=\"8203\"                 src=\"https:\/\/www.rabelais32.org\/wp-content\/uploads\/photo-gallery\/castres_goya\/thumb\/20260331_105511.jpg?bwg=1777225379\"                 data-src=\"https:\/\/www.rabelais32.org\/wp-content\/uploads\/photo-gallery\/castres_goya\/thumb\/20260331_105511.jpg?bwg=1777225379\"                 data-width=\"300.00\"                 data-height=\"208.00\"                 alt=\"20260331 105511\"                 title=\"20260331 105511\" \/>                      <\/div>        <\/a>                <a  class=\"bwg-a bwg_lightbox bwg_lightbox_0\" href=\"https:\/\/www.rabelais32.org\/wp-content\/uploads\/photo-gallery\/castres_goya\/20260331_110208.jpg?bwg=1777225379\" data-image-id=\"8204\" data-elementor-open-lightbox=\"no\">          <div class=\"bwg_mosaic_thumb_spun_0 bwg-item0 bwg-mosaic-thumb-span \">            <img decoding=\"async\" class=\"bwg_mosaic_thumb_0 skip-lazy bwg_img_clear bwg_img_custom \"                 id=\"8204\"                 src=\"https:\/\/www.rabelais32.org\/wp-content\/uploads\/photo-gallery\/castres_goya\/thumb\/20260331_110208.jpg?bwg=1777225379\"                 data-src=\"https:\/\/www.rabelais32.org\/wp-content\/uploads\/photo-gallery\/castres_goya\/thumb\/20260331_110208.jpg?bwg=1777225379\"                 data-width=\"225.00\"                 data-height=\"300.00\"                 alt=\"20260331 110208\"                 title=\"20260331 110208\" \/>                      <\/div>        <\/a>                <a  class=\"bwg-a bwg_lightbox bwg_lightbox_0\" href=\"https:\/\/www.rabelais32.org\/wp-content\/uploads\/photo-gallery\/castres_goya\/20260331_110112.jpg?bwg=1777225379\" data-image-id=\"8205\" data-elementor-open-lightbox=\"no\">          <div class=\"bwg_mosaic_thumb_spun_0 bwg-item0 bwg-mosaic-thumb-span \">            <img decoding=\"async\" class=\"bwg_mosaic_thumb_0 skip-lazy bwg_img_clear bwg_img_custom \"                 id=\"8205\"                 src=\"https:\/\/www.rabelais32.org\/wp-content\/uploads\/photo-gallery\/castres_goya\/thumb\/20260331_110112.jpg?bwg=1777225379\"                 data-src=\"https:\/\/www.rabelais32.org\/wp-content\/uploads\/photo-gallery\/castres_goya\/thumb\/20260331_110112.jpg?bwg=1777225379\"                 data-width=\"225.00\"                 data-height=\"300.00\"                 alt=\"20260331 110112\"                 title=\"20260331 110112\" \/>                      <\/div>        <\/a>                <a  class=\"bwg-a bwg_lightbox bwg_lightbox_0\" href=\"https:\/\/www.rabelais32.org\/wp-content\/uploads\/photo-gallery\/castres_goya\/20260331_110420.jpg?bwg=1777225379\" data-image-id=\"8206\" data-elementor-open-lightbox=\"no\">          <div class=\"bwg_mosaic_thumb_spun_0 bwg-item0 bwg-mosaic-thumb-span \">            <img decoding=\"async\" class=\"bwg_mosaic_thumb_0 skip-lazy bwg_img_clear bwg_img_custom \"                 id=\"8206\"                 src=\"https:\/\/www.rabelais32.org\/wp-content\/uploads\/photo-gallery\/castres_goya\/thumb\/20260331_110420.jpg?bwg=1777225379\"                 data-src=\"https:\/\/www.rabelais32.org\/wp-content\/uploads\/photo-gallery\/castres_goya\/thumb\/20260331_110420.jpg?bwg=1777225379\"                 data-width=\"225.00\"                 data-height=\"300.00\"                 alt=\"20260331 110420\"                 title=\"20260331 110420\" \/>                      <\/div>        <\/a>                <a  class=\"bwg-a bwg_lightbox bwg_lightbox_0\" href=\"https:\/\/www.rabelais32.org\/wp-content\/uploads\/photo-gallery\/castres_goya\/20260331_111516.jpg?bwg=1777225379\" data-image-id=\"8207\" data-elementor-open-lightbox=\"no\">          <div class=\"bwg_mosaic_thumb_spun_0 bwg-item0 bwg-mosaic-thumb-span \">            <img decoding=\"async\" class=\"bwg_mosaic_thumb_0 skip-lazy bwg_img_clear bwg_img_custom \"                 id=\"8207\"                 src=\"https:\/\/www.rabelais32.org\/wp-content\/uploads\/photo-gallery\/castres_goya\/thumb\/20260331_111516.jpg?bwg=1777225379\"                 data-src=\"https:\/\/www.rabelais32.org\/wp-content\/uploads\/photo-gallery\/castres_goya\/thumb\/20260331_111516.jpg?bwg=1777225379\"                 data-width=\"205.00\"                 data-height=\"300.00\"                 alt=\"20260331 111516\"                 title=\"20260331 111516\" \/>                      <\/div>        <\/a>                <a  class=\"bwg-a bwg_lightbox bwg_lightbox_0\" href=\"https:\/\/www.rabelais32.org\/wp-content\/uploads\/photo-gallery\/castres_goya\/20260331_111455.jpg?bwg=1777225379\" data-image-id=\"8208\" data-elementor-open-lightbox=\"no\">          <div class=\"bwg_mosaic_thumb_spun_0 bwg-item0 bwg-mosaic-thumb-span \">            <img decoding=\"async\" class=\"bwg_mosaic_thumb_0 skip-lazy bwg_img_clear bwg_img_custom \"                 id=\"8208\"                 src=\"https:\/\/www.rabelais32.org\/wp-content\/uploads\/photo-gallery\/castres_goya\/thumb\/20260331_111455.jpg?bwg=1777225379\"                 data-src=\"https:\/\/www.rabelais32.org\/wp-content\/uploads\/photo-gallery\/castres_goya\/thumb\/20260331_111455.jpg?bwg=1777225379\"                 data-width=\"225.00\"                 data-height=\"300.00\"                 alt=\"20260331 111455\"                 title=\"20260331 111455\" \/>                      <\/div>        <\/a>                <a  class=\"bwg-a bwg_lightbox bwg_lightbox_0\" href=\"https:\/\/www.rabelais32.org\/wp-content\/uploads\/photo-gallery\/castres_goya\/20260331_111529.jpg?bwg=1777225379\" data-image-id=\"8209\" data-elementor-open-lightbox=\"no\">          <div class=\"bwg_mosaic_thumb_spun_0 bwg-item0 bwg-mosaic-thumb-span \">            <img decoding=\"async\" class=\"bwg_mosaic_thumb_0 skip-lazy bwg_img_clear bwg_img_custom \"                 id=\"8209\"                 src=\"https:\/\/www.rabelais32.org\/wp-content\/uploads\/photo-gallery\/castres_goya\/thumb\/20260331_111529.jpg?bwg=1777225379\"                 data-src=\"https:\/\/www.rabelais32.org\/wp-content\/uploads\/photo-gallery\/castres_goya\/thumb\/20260331_111529.jpg?bwg=1777225379\"                 data-width=\"216.00\"                 data-height=\"300.00\"                 alt=\"20260331 111529\"                 title=\"20260331 111529\" \/>                      <\/div>        <\/a>                <a  class=\"bwg-a bwg_lightbox bwg_lightbox_0\" href=\"https:\/\/www.rabelais32.org\/wp-content\/uploads\/photo-gallery\/castres_goya\/20260331_112155.jpg?bwg=1777225379\" data-image-id=\"8210\" data-elementor-open-lightbox=\"no\">          <div class=\"bwg_mosaic_thumb_spun_0 bwg-item0 bwg-mosaic-thumb-span \">            <img decoding=\"async\" class=\"bwg_mosaic_thumb_0 skip-lazy bwg_img_clear bwg_img_custom \"                 id=\"8210\"                 src=\"https:\/\/www.rabelais32.org\/wp-content\/uploads\/photo-gallery\/castres_goya\/thumb\/20260331_112155.jpg?bwg=1777225379\"                 data-src=\"https:\/\/www.rabelais32.org\/wp-content\/uploads\/photo-gallery\/castres_goya\/thumb\/20260331_112155.jpg?bwg=1777225379\"                 data-width=\"140.00\"                 data-height=\"300.00\"                 alt=\"20260331 112155\"                 title=\"20260331 112155\" \/>                      <\/div>        <\/a>                <a  class=\"bwg-a bwg_lightbox bwg_lightbox_0\" href=\"https:\/\/www.rabelais32.org\/wp-content\/uploads\/photo-gallery\/castres_goya\/20260331_111656.jpg?bwg=1777225379\" data-image-id=\"8211\" data-elementor-open-lightbox=\"no\">          <div class=\"bwg_mosaic_thumb_spun_0 bwg-item0 bwg-mosaic-thumb-span \">            <img decoding=\"async\" class=\"bwg_mosaic_thumb_0 skip-lazy bwg_img_clear bwg_img_custom \"                 id=\"8211\"                 src=\"https:\/\/www.rabelais32.org\/wp-content\/uploads\/photo-gallery\/castres_goya\/thumb\/20260331_111656.jpg?bwg=1777225379\"                 data-src=\"https:\/\/www.rabelais32.org\/wp-content\/uploads\/photo-gallery\/castres_goya\/thumb\/20260331_111656.jpg?bwg=1777225379\"                 data-width=\"300.00\"                 data-height=\"225.00\"                 alt=\"20260331 111656\"                 title=\"20260331 111656\" \/>                      <\/div>        <\/a>                <a  class=\"bwg-a bwg_lightbox bwg_lightbox_0\" href=\"https:\/\/www.rabelais32.org\/wp-content\/uploads\/photo-gallery\/castres_goya\/20260331_112203.jpg?bwg=1777225379\" data-image-id=\"8212\" data-elementor-open-lightbox=\"no\">          <div class=\"bwg_mosaic_thumb_spun_0 bwg-item0 bwg-mosaic-thumb-span \">            <img decoding=\"async\" class=\"bwg_mosaic_thumb_0 skip-lazy bwg_img_clear bwg_img_custom \"                 id=\"8212\"                 src=\"https:\/\/www.rabelais32.org\/wp-content\/uploads\/photo-gallery\/castres_goya\/thumb\/20260331_112203.jpg?bwg=1777225379\"                 data-src=\"https:\/\/www.rabelais32.org\/wp-content\/uploads\/photo-gallery\/castres_goya\/thumb\/20260331_112203.jpg?bwg=1777225379\"                 data-width=\"201.00\"                 data-height=\"300.00\"                 alt=\"20260331 112203\"                 title=\"20260331 112203\" \/>                      <\/div>        <\/a>                <a  class=\"bwg-a bwg_lightbox bwg_lightbox_0\" href=\"https:\/\/www.rabelais32.org\/wp-content\/uploads\/photo-gallery\/castres_goya\/20260331_112621.jpg?bwg=1777225379\" data-image-id=\"8213\" data-elementor-open-lightbox=\"no\">          <div class=\"bwg_mosaic_thumb_spun_0 bwg-item0 bwg-mosaic-thumb-span \">            <img decoding=\"async\" class=\"bwg_mosaic_thumb_0 skip-lazy bwg_img_clear bwg_img_custom \"                 id=\"8213\"                 src=\"https:\/\/www.rabelais32.org\/wp-content\/uploads\/photo-gallery\/castres_goya\/thumb\/20260331_112621.jpg?bwg=1777225379\"                 data-src=\"https:\/\/www.rabelais32.org\/wp-content\/uploads\/photo-gallery\/castres_goya\/thumb\/20260331_112621.jpg?bwg=1777225379\"                 data-width=\"226.00\"                 data-height=\"300.00\"                 alt=\"20260331 112621\"                 title=\"20260331 112621\" \/>                      <\/div>        <\/a>                <a  class=\"bwg-a bwg_lightbox bwg_lightbox_0\" href=\"https:\/\/www.rabelais32.org\/wp-content\/uploads\/photo-gallery\/castres_goya\/20260331_112646.jpg?bwg=1777225379\" data-image-id=\"8214\" data-elementor-open-lightbox=\"no\">          <div class=\"bwg_mosaic_thumb_spun_0 bwg-item0 bwg-mosaic-thumb-span \">            <img decoding=\"async\" class=\"bwg_mosaic_thumb_0 skip-lazy bwg_img_clear bwg_img_custom \"                 id=\"8214\"                 src=\"https:\/\/www.rabelais32.org\/wp-content\/uploads\/photo-gallery\/castres_goya\/thumb\/20260331_112646.jpg?bwg=1777225379\"                 data-src=\"https:\/\/www.rabelais32.org\/wp-content\/uploads\/photo-gallery\/castres_goya\/thumb\/20260331_112646.jpg?bwg=1777225379\"                 data-width=\"300.00\"                 data-height=\"225.00\"                 alt=\"20260331 112646\"                 title=\"20260331 112646\" \/>                      <\/div>        <\/a>                <a  class=\"bwg-a bwg_lightbox bwg_lightbox_0\" href=\"https:\/\/www.rabelais32.org\/wp-content\/uploads\/photo-gallery\/castres_goya\/20260331_113137.jpg?bwg=1777225379\" data-image-id=\"8215\" data-elementor-open-lightbox=\"no\">          <div class=\"bwg_mosaic_thumb_spun_0 bwg-item0 bwg-mosaic-thumb-span \">            <img decoding=\"async\" class=\"bwg_mosaic_thumb_0 skip-lazy bwg_img_clear bwg_img_custom \"                 id=\"8215\"                 src=\"https:\/\/www.rabelais32.org\/wp-content\/uploads\/photo-gallery\/castres_goya\/thumb\/20260331_113137.jpg?bwg=1777225379\"                 data-src=\"https:\/\/www.rabelais32.org\/wp-content\/uploads\/photo-gallery\/castres_goya\/thumb\/20260331_113137.jpg?bwg=1777225379\"                 data-width=\"225.00\"                 data-height=\"300.00\"                 alt=\"20260331 113137\"                 title=\"20260331 113137\" \/>                      <\/div>        <\/a>                <a  class=\"bwg-a bwg_lightbox bwg_lightbox_0\" href=\"https:\/\/www.rabelais32.org\/wp-content\/uploads\/photo-gallery\/castres_goya\/20260331_112815.jpg?bwg=1777225379\" data-image-id=\"8216\" data-elementor-open-lightbox=\"no\">          <div class=\"bwg_mosaic_thumb_spun_0 bwg-item0 bwg-mosaic-thumb-span \">            <img decoding=\"async\" class=\"bwg_mosaic_thumb_0 skip-lazy bwg_img_clear bwg_img_custom \"                 id=\"8216\"                 src=\"https:\/\/www.rabelais32.org\/wp-content\/uploads\/photo-gallery\/castres_goya\/thumb\/20260331_112815.jpg?bwg=1777225379\"                 data-src=\"https:\/\/www.rabelais32.org\/wp-content\/uploads\/photo-gallery\/castres_goya\/thumb\/20260331_112815.jpg?bwg=1777225379\"                 data-width=\"225.00\"                 data-height=\"300.00\"                 alt=\"20260331 112815\"                 title=\"20260331 112815\" \/>                      <\/div>        <\/a>                <a  class=\"bwg-a bwg_lightbox bwg_lightbox_0\" href=\"https:\/\/www.rabelais32.org\/wp-content\/uploads\/photo-gallery\/castres_goya\/20260331_114424.jpg?bwg=1777225379\" data-image-id=\"8217\" data-elementor-open-lightbox=\"no\">          <div class=\"bwg_mosaic_thumb_spun_0 bwg-item0 bwg-mosaic-thumb-span \">            <img decoding=\"async\" class=\"bwg_mosaic_thumb_0 skip-lazy bwg_img_clear bwg_img_custom \"                 id=\"8217\"                 src=\"https:\/\/www.rabelais32.org\/wp-content\/uploads\/photo-gallery\/castres_goya\/thumb\/20260331_114424.jpg?bwg=1777225379\"                 data-src=\"https:\/\/www.rabelais32.org\/wp-content\/uploads\/photo-gallery\/castres_goya\/thumb\/20260331_114424.jpg?bwg=1777225379\"                 data-width=\"228.00\"                 data-height=\"300.00\"                 alt=\"20260331 114424\"                 title=\"20260331 114424\" \/>                      <\/div>        <\/a>                <a  class=\"bwg-a bwg_lightbox bwg_lightbox_0\" href=\"https:\/\/www.rabelais32.org\/wp-content\/uploads\/photo-gallery\/castres_goya\/20260331_114237.jpg?bwg=1777225379\" data-image-id=\"8218\" data-elementor-open-lightbox=\"no\">          <div class=\"bwg_mosaic_thumb_spun_0 bwg-item0 bwg-mosaic-thumb-span \">            <img decoding=\"async\" class=\"bwg_mosaic_thumb_0 skip-lazy bwg_img_clear bwg_img_custom \"                 id=\"8218\"                 src=\"https:\/\/www.rabelais32.org\/wp-content\/uploads\/photo-gallery\/castres_goya\/thumb\/20260331_114237.jpg?bwg=1777225379\"                 data-src=\"https:\/\/www.rabelais32.org\/wp-content\/uploads\/photo-gallery\/castres_goya\/thumb\/20260331_114237.jpg?bwg=1777225379\"                 data-width=\"216.00\"                 data-height=\"300.00\"                 alt=\"20260331 114237\"                 title=\"20260331 114237\" \/>                      <\/div>        <\/a>                <a  class=\"bwg-a bwg_lightbox bwg_lightbox_0\" href=\"https:\/\/www.rabelais32.org\/wp-content\/uploads\/photo-gallery\/castres_goya\/20260331_114625.jpg?bwg=1777225379\" data-image-id=\"8219\" data-elementor-open-lightbox=\"no\">          <div class=\"bwg_mosaic_thumb_spun_0 bwg-item0 bwg-mosaic-thumb-span \">            <img decoding=\"async\" class=\"bwg_mosaic_thumb_0 skip-lazy bwg_img_clear bwg_img_custom \"                 id=\"8219\"                 src=\"https:\/\/www.rabelais32.org\/wp-content\/uploads\/photo-gallery\/castres_goya\/thumb\/20260331_114625.jpg?bwg=1777225379\"                 data-src=\"https:\/\/www.rabelais32.org\/wp-content\/uploads\/photo-gallery\/castres_goya\/thumb\/20260331_114625.jpg?bwg=1777225379\"                 data-width=\"252.00\"                 data-height=\"300.00\"                 alt=\"20260331 114625\"                 title=\"20260331 114625\" \/>                      <\/div>        <\/a>                <a  class=\"bwg-a bwg_lightbox bwg_lightbox_0\" href=\"https:\/\/www.rabelais32.org\/wp-content\/uploads\/photo-gallery\/castres_goya\/20260331_114641.jpg?bwg=1777225379\" data-image-id=\"8220\" data-elementor-open-lightbox=\"no\">          <div class=\"bwg_mosaic_thumb_spun_0 bwg-item0 bwg-mosaic-thumb-span \">            <img decoding=\"async\" class=\"bwg_mosaic_thumb_0 skip-lazy bwg_img_clear bwg_img_custom \"                 id=\"8220\"                 src=\"https:\/\/www.rabelais32.org\/wp-content\/uploads\/photo-gallery\/castres_goya\/thumb\/20260331_114641.jpg?bwg=1777225379\"                 data-src=\"https:\/\/www.rabelais32.org\/wp-content\/uploads\/photo-gallery\/castres_goya\/thumb\/20260331_114641.jpg?bwg=1777225379\"                 data-width=\"247.00\"                 data-height=\"300.00\"                 alt=\"20260331 114641\"                 title=\"20260331 114641\" \/>                      <\/div>        <\/a>            <\/div>    <\/div>    <style>      \/*pagination styles*\/      #bwg_container1_0 #bwg_container2_0 .tablenav-pages_0 {\t\t\t\ttext-align: center;\t\t\t\tfont-size: 12px;\t\t\t\tfont-family: segoe ui;\t\t\t\tfont-weight: bold;\t\t\t\tcolor: #666666;\t\t\t\tmargin: 6px 0 4px;\t\t\t\tdisplay: block;      }      @media only screen and (max-width : 320px) {      #bwg_container1_0 #bwg_container2_0 .displaying-num_0 {     \t display: none;      }      }      #bwg_container1_0 #bwg_container2_0 .displaying-num_0 {\t\t\t\tfont-size: 12px;\t\t\t\tfont-family: segoe ui;\t\t\t\tfont-weight: bold;\t\t\t\tcolor: #666666;\t\t\t\tmargin-right: 10px;\t\t\t\tvertical-align: middle;      }      #bwg_container1_0 #bwg_container2_0 .paging-input_0 {\t\t\t\tfont-size: 12px;\t\t\t\tfont-family: segoe ui;\t\t\t\tfont-weight: bold;\t\t\t\tcolor: #666666;\t\t\t\tvertical-align: middle;      }      #bwg_container1_0 #bwg_container2_0 .tablenav-pages_0 a.disabled,      #bwg_container1_0 #bwg_container2_0 .tablenav-pages_0 a.disabled:hover,      #bwg_container1_0 #bwg_container2_0 .tablenav-pages_0 a.disabled:focus,\t\t\t#bwg_container1_0 #bwg_container2_0 .tablenav-pages_0 input.bwg_current_page {\t\t\t\tcursor: default;\t\t\t\tcolor: rgba(102, 102, 102, 0.5);      }      #bwg_container1_0 #bwg_container2_0 .tablenav-pages_0 a,      #bwg_container1_0 #bwg_container2_0 .tablenav-pages_0 input.bwg_current_page {\t\t\t\tcursor: pointer;\t\t\t\ttext-align: center;\t\t\t\tfont-size: 12px;\t\t\t\tfont-family: segoe ui;\t\t\t\tfont-weight: bold;\t\t\t\tcolor: #666666;\t\t\t\ttext-decoration: none;\t\t\t\tpadding: 3px 6px;\t\t\t\tmargin: 0;\t\t\t\tborder-radius: 0;\t\t\t\tborder-style: solid;\t\t\t\tborder-width: 1px;\t\t\t\tborder-color: #E3E3E3;\t\t\t\t\t\t\t\tbackground-color: rgba(255, 255, 255, 1.00);\t\t\t\tbox-shadow: 0;\t\t\t\ttransition: all 0.3s ease 0s;-webkit-transition: all 0.3s ease 0s;      }      <\/style>      <span class=\"bwg_nav_cont_0\">              <div class=\"tablenav-pages_0\">                      <span class=\"pagination-links_0 pagination-links\" data-pages-count=\"2\">              <span class=\"pagination-links_col1\">              <a class=\"bwg-a first-page disabled\" title=\"Go to the first page\" >\u00ab<\/a>              <a class=\"bwg-a prev-page disabled\" title=\"Go to the previous page\" >\u2039<\/a>              <\/span>\t\t\t\t\t\t\t<span class=\"pagination-links_col2\">\t\t\t\t\t\t\t\t\t<input type=\"number\" class=\"bwg_current_page\" name=\"bwg_current_page\" value=\"1\" data-url-info=\"page_number_0\" onkeypress=\"return bwg_change_page_0(event, this)\" min=\"1\" oninput=\"validity.valid||(value='')\" \/>\t\t\t\t\t\t\t\t\t\tof\t\t\t\t\t\t\t\t\t\t<span class=\"total-pages_0\">\t\t\t\t\t\t\t\t\t\t\t2\t\t\t\t\t\t\t\t\t\t<\/span>\t\t\t\t\t\t\t<\/span>              <span class=\"pagination-links_col3\">                <a class=\"bwg-a next-page-0\" title=\"Go to the next page\" href=\"\/index.php\/wp-json\/wp\/v2\/posts\/16092?page_number_0=2\">\u203a<\/a>                <a class=\"bwg-a last-page-0\" title=\"Go to the last page\" href=\"\/index.php\/wp-json\/wp\/v2\/posts\/16092?page_number_0=2\">\u00bb<\/a>              <\/span>\t\t\t\t\t\t<\/span>\t\t\t\t\t\t        <\/div>                <input type=\"hidden\" id=\"page_number_0\" name=\"page_number_0\" value=\"1\" \/>      <script type=\"text\/javascript\">        if( jQuery('.bwg_nav_cont_0').length > 1 ) {          jQuery('.bwg_nav_cont_0').first().remove()        }        function spider_page_0(cur, x, y, load_more) {          if (typeof load_more == \"undefined\") {            var load_more = false;          }          if (jQuery(cur).hasClass('disabled')) {            return false;          }          var items_county_0 = 2;          switch (y) {            case 1:              if (x >= items_county_0) {                document.getElementById('page_number_0').value = items_county_0;              }              else {                document.getElementById('page_number_0').value = x + 1;              }              break;            case 2:              document.getElementById('page_number_0').value = items_county_0;              break;            case -1:              if (x == 1) {                document.getElementById('page_number_0').value = 1;              }              else {                document.getElementById('page_number_0').value = x - 1;              }              break;            case -2:              document.getElementById('page_number_0').value = 1;              break;\t\t\t\t\t\tcase 0:              document.getElementById('page_number_0').value = x;              break;            default:              document.getElementById('page_number_0').value = 1;          }          bwg_ajax('gal_front_form_0', '0', 'bwg_thumbnails_mosaic_0', '0', '', 'gallery', 0, '', '', load_more, '', 1);        }                    jQuery('.first-page disabled').on('click', function () {              spider_page_0(this, 1, -2, 'numeric');              return false;            });            jQuery('.prev-page disabled').on('click', function () {              spider_page_0(this, 1, -1, 'numeric');              return false;            });            jQuery('.next-page-0').on('click', function () {              spider_page_0(this, 1, 1, 'numeric');              return false;            });            jQuery('.last-page-0').on('click', function () {              spider_page_0(this, 1, 2, 'numeric');              return false;            });        \t\t\t\t\/* Change page on input enter. *\/        function bwg_change_page_0( e, that ) {          if (  e.key == 'Enter' ) {            var to_page = parseInt(jQuery(that).val());            var pages_count = jQuery(that).parents(\".pagination-links\").data(\"pages-count\");            var current_url_param = jQuery(that).attr('data-url-info');            if (to_page > pages_count) {              to_page = 1;            }\t \t\t\t\t\t\t\t\t\t\t\t\tspider_page_0(this, to_page, 0, 'numeric');\t\t\t\t\t\t\treturn false;\t\t\t\t\t\t          }          return true;        }        jQuery('.bwg_load_btn_0').on('click', function () {            spider_page_0(this, 1, 1, true);            return false;        });      <\/script>      <\/span>                <\/div>        <\/form>        <style>          #bwg_container1_0 #bwg_container2_0 #spider_popup_overlay_0 {          background-color: #000000;          opacity: 0.70;          }          <\/style>        <div id=\"bwg_spider_popup_loading_0\" class=\"bwg_spider_popup_loading\"><\/div>        <div id=\"spider_popup_overlay_0\" class=\"spider_popup_overlay\" onclick=\"spider_destroypopup(1000)\"><\/div>        <input type=\"hidden\" id=\"bwg_random_seed_0\" value=\"345640635\">                <\/div>    <\/div>    <script>      if (document.readyState === 'complete') {        if( typeof bwg_main_ready == 'function' ) {          if ( jQuery(\"#bwg_container1_0\").height() ) {            bwg_main_ready(jQuery(\"#bwg_container1_0\"));          }        }      } else {        document.addEventListener('DOMContentLoaded', function() {          if( typeof bwg_main_ready == 'function' ) {            if ( jQuery(\"#bwg_container1_0\").height() ) {             bwg_main_ready(jQuery(\"#bwg_container1_0\"));            }          }        });      }    <\/script>    \n<p>&nbsp;<\/p>\n<p>&nbsp;<\/p>\n<p><em><strong>SOR\u00c9ZE :<\/strong><\/em><\/p>\n<p style=\"text-align: left;\">\u00a0\u00a0\u00a0\u00a0\u00a0\u00a0\u00a0\u00a0\u00a0\u00a0\u00a0\u00a0\u00a0\u00a0\u00a0\u00a0\u00a0\u00a0\u00a0\u00a0\u00a0\u00a0\u00a0\u00a0\u00a0\u00a0\u00a0\u00a0\u00a0\u00a0\u00a0\u00a0\u00a0\u00a0\u00a0\u00a0\u00a0\u00a0\u00a0\u00a0\u00a0\u00a0\u00a0\u00a0\u00a0\u00a0\u00a0\u00a0\u00a0\u00a0\u00a0\u00a0\u00a0\u00a0\u00a0\u00a0\u00a0\u00a0\u00a0\u00a0\u00a0\u00a0\u00a0\u00a0\u00a0 D\u00e9part pour Sor\u00e8ze,\u00a0 petite cit\u00e9 touristique au pied de la Montagne Noire. Serpentant au pied de la ville, un petit ruisseau\u00a0 autrefois appel\u00e9 le \u00ab\u00a0Suricinum\u00a0\u00bb, \u00ab\u00a0soricinus\u00a0\u00bb , \u00ab\u00a0Petit Sor\u00a0\u00bb, aujourd\u2019hui baptis\u00e9 \u00ab\u00a0l\u2019Orival\u00a0\u00bb\u00a0 a donn\u00e9 son nom \u00e0 la ville. Nous parcourons les rues m\u00e9di\u00e9vales bord\u00e9es de maisons \u00e0 colombages et encorbellements datant du XV\u00b0 et XVII\u00b0 \u00e0 la recherche de notre restaurant\u00a0\u2026 A l\u2019angle d\u2019une ruelle se dresse le clocher Saint-Martin, unique vestige de l\u2019\u00e9glise paroissiale incendi\u00e9e en 1573 lors des guerres de religion.<\/p>\n<p style=\"text-align: left;\">Suivons Monique\u2026 et surtout son GPS..\u00a0 en \u00e9vitant de tr\u00e9bucher sur les pav\u00e9s\u00a0 de ces ruelles typiques arborant fi\u00e8rement les devantures d\u2019anciennes \u00e9choppes d\u00e9fiant le temps. D\u00e9tours, tours, contours et retours en arri\u00e8re&#8230; et nous finissons\u00a0 par d\u00e9couvrir , dissimul\u00e9es par l\u2019\u00e9pais rideau d\u2019un luxuriant ch\u00e8vrefeuille,\u00a0 la fa\u00e7ade et la porte de notre restaurant\u00a0: un cadre particulier et original, une d\u00e9coration surprenante\u00a0 mais accueillante.<\/p>\n<p style=\"text-align: left;\">\u00a0\u00a0\u00a0\u00a0\u00a0\u00a0\u00a0\u00a0\u00a0\u00a0\u00a0\u00a0\u00a0\u00a0\u00a0\u00a0\u00a0\u00a0\u00a0\u00a0<a href=\"https:\/\/www.rabelais32.org\/wp-content\/uploads\/2026\/04\/20260331_143954-scaled.jpg\" target=\"_blank\" rel=\"noopener\"><img loading=\"lazy\" decoding=\"async\" class=\"wp-image-16110 alignleft\" src=\"https:\/\/www.rabelais32.org\/wp-content\/uploads\/2026\/04\/20260331_143954-225x300.jpg\" alt=\"\" width=\"165\" height=\"220\" srcset=\"https:\/\/www.rabelais32.org\/wp-content\/uploads\/2026\/04\/20260331_143954-225x300.jpg 225w, https:\/\/www.rabelais32.org\/wp-content\/uploads\/2026\/04\/20260331_143954-768x1024.jpg 768w, https:\/\/www.rabelais32.org\/wp-content\/uploads\/2026\/04\/20260331_143954-1152x1536.jpg 1152w, https:\/\/www.rabelais32.org\/wp-content\/uploads\/2026\/04\/20260331_143954-1536x2048.jpg 1536w, https:\/\/www.rabelais32.org\/wp-content\/uploads\/2026\/04\/20260331_143954-scaled.jpg 1920w\" sizes=\"auto, (max-width: 165px) 100vw, 165px\" \/><\/a>\u00a0\u00a0\u00a0\u00a0\u00a0\u00a0\u00a0\u00a0\u00a0\u00a0\u00a0\u00a0\u00a0\u00a0\u00a0\u00a0\u00a0\u00a0\u00a0\u00a0\u00a0\u00a0\u00a0\u00a0\u00a0\u00a0\u00a0\u00a0\u00a0\u00a0\u00a0\u00a0\u00a0\u00a0\u00a0\u00a0\u00a0\u00a0\u00a0\u00a0\u00a0\u00a0\u00a0\u00a0\u00a0\u00a0\u00a0 Apr\u00e8s le repas, nous n\u2019avions plus qu\u2019\u00e0 traverser la rue pour visiter l\u2019abbaye.<\/p>\n<p style=\"text-align: left;\">\u00a0\u00a0\u00a0\u00a0\u00a0\u00a0\u00a0\u00a0\u00a0\u00a0\u00a0\u00a0\u00a0\u00a0\u00a0\u00a0\u00a0\u00a0\u00a0\u00a0\u00a0\u00a0\u00a0\u00a0\u00a0\u00a0\u00a0\u00a0\u00a0\u00a0\u00a0\u00a0\u00a0\u00a0\u00a0\u00a0\u00a0\u00a0\u00a0\u00a0\u00a0\u00a0\u00a0\u00a0\u00a0\u00a0\u00a0\u00a0\u00a0\u00a0\u00a0\u00a0\u00a0\u00a0\u00a0\u00a0\u00a0\u00a0\u00a0\u00a0\u00a0\u00a0\u00a0\u00a0\u00a0\u00a0\u00a0 Notre guide nous conduit dans l\u2019immense \u00ab\u00a0cour des Grands\u00a0\u00bb dont les piliers sont tapiss\u00e9s de graffitis sculpt\u00e9s par de nombreux talents connus venus se forger \u00e0 l\u2019enseignement rigoureux dispens\u00e9 dans l\u2019\u00e9tablissement. Isabelle retrace l\u2019origine du b\u00e2timent reconstruit au X\u00b0 apr\u00e8s la destruction de l\u2019abbaye\u00a0 carolingienne fond\u00e9e en 754 par P\u00e9pin d\u2019Aquitaine. Sor\u00e8ze conna\u00eetra les tourments des guerres de Religion. Le monast\u00e8re sera d\u00e9truit en 1573 par les protestants.<\/p>\n<p style=\"text-align: left;\">\u00a0\u00a0\u00a0\u00a0\u00a0\u00a0\u00a0\u00a0\u00a0\u00a0\u00a0\u00a0\u00a0\u00a0\u00a0\u00a0\u00a0\u00a0\u00a0\u00a0\u00a0\u00a0\u00a0\u00a0\u00a0\u00a0\u00a0\u00a0\u00a0\u00a0\u00a0\u00a0\u00a0\u00a0\u00a0\u00a0\u00a0\u00a0\u00a0\u00a0\u00a0\u00a0\u00a0\u00a0\u00a0\u00a0\u00a0\u00a0\u00a0\u00a0\u00a0\u00a0\u00a0\u00a0\u00a0\u00a0\u00a0\u00a0\u00a0\u00a0\u00a0\u00a0\u00a0\u00a0\u00a0\u00a0\u00a0\u00a0\u00a0\u00a0 Les b\u00e2timents sont restaur\u00e9s\u00a0 en 1636 et en 1682,\u00a0les moines b\u00e9n\u00e9dictins de la Congr\u00e9gation de Saint Maur y ouvrent une \u00e9cole appel\u00e9e \u00ab\u00a0s\u00e9minaire\u00a0\u00bb. Entre 1682 et 1722, il est destin\u00e9 \u00e0 l\u2019\u00e9ducation des fils de gentilshommes peu fortun\u00e9s. Son ouverture a \u00e9t\u00e9 d\u00e9cid\u00e9e pour concurrencer l\u2019Acad\u00e9mie protestante de Puylaurens. En 1759, le P\u00e8re Dom Victor de Fougeras propose une p\u00e9dagogie novatrice en rupture avec l\u2019enseignement traditionnel\u00a0: chaque \u00e9l\u00e8ve re\u00e7oit des <a href=\"https:\/\/www.rabelais32.org\/wp-content\/uploads\/2026\/04\/20260331_150439-scaled.jpg\" target=\"_blank\" rel=\"noopener\"><img loading=\"lazy\" decoding=\"async\" class=\" wp-image-16112 alignright\" src=\"https:\/\/www.rabelais32.org\/wp-content\/uploads\/2026\/04\/20260331_150439-225x300.jpg\" alt=\"\" width=\"154\" height=\"205\" srcset=\"https:\/\/www.rabelais32.org\/wp-content\/uploads\/2026\/04\/20260331_150439-225x300.jpg 225w, https:\/\/www.rabelais32.org\/wp-content\/uploads\/2026\/04\/20260331_150439-768x1024.jpg 768w, https:\/\/www.rabelais32.org\/wp-content\/uploads\/2026\/04\/20260331_150439-1152x1536.jpg 1152w, https:\/\/www.rabelais32.org\/wp-content\/uploads\/2026\/04\/20260331_150439-1536x2048.jpg 1536w, https:\/\/www.rabelais32.org\/wp-content\/uploads\/2026\/04\/20260331_150439-scaled.jpg 1920w\" sizes=\"auto, (max-width: 154px) 100vw, 154px\" \/><\/a>connaissances g\u00e9n\u00e9rales par niveau et choisit ses options selon ses centres d\u2019int\u00e9r\u00eats\u00a0: la pratique de l\u2019enseignement religieux, du grec et\u00a0 du latin est compl\u00e9t\u00e9 par l\u2019apprentissage de la grammaire et de la th\u00e9orique, des sciences et des arts d\u2019agr\u00e9ment tels que le dessin, la musique et la gymnastique&#8230; En 1760 la centaine d\u2019\u00e9l\u00e8ves fr\u00e9quentant l\u2019\u00e9tablissement se soumet \u00e0 des conditions de vie et d\u2019\u00e9ducation strictes\u00a0: le mercredi est jour de cong\u00e9, les vacances se prennent dans l\u2019\u00e9cole de septembre \u00e0 d\u00e9but novembre\u2026Les jours de semaine, les pensionnaires se l\u00e8vent \u00e0 cinq heures et se couchent \u00e0 huit heures.<\/p>\n<p style=\"text-align: left;\">\u00a0D\u00e8s le XVIII\u00b0, Sor\u00e8ze doit sa notori\u00e9t\u00e9 au mode d\u2019enseignement pratiqu\u00e9\u00a0 et en 1776,\u00a0 l\u2019\u00e9cole agrandie devient l\u2019une des douze \u00ab\u00a0Ecoles royales militaires\u00a0\u00bb cr\u00e9\u00e9es par Louis XVI.<\/p>\n<p style=\"text-align: left;\">\u00a0\u00a0\u00a0\u00a0\u00a0\u00a0\u00a0\u00a0\u00a0\u00a0\u00a0\u00a0\u00a0\u00a0\u00a0\u00a0\u00a0\u00a0\u00a0\u00a0\u00a0\u00a0\u00a0\u00a0\u00a0\u00a0\u00a0\u00a0\u00a0\u00a0\u00a0\u00a0\u00a0\u00a0\u00a0\u00a0\u00a0\u00a0\u00a0\u00a0\u00a0\u00a0\u00a0\u00a0\u00a0\u00a0\u00a0\u00a0\u00a0\u00a0\u00a0\u00a0\u00a0\u00a0\u00a0\u00a0\u00a0\u00a0\u00a0\u00a0\u00a0\u00a0\u00a0\u00a0\u00a0\u00a0\u00a0\u00a0\u00a0 De 1854 \u00e0 1861, le P\u00e8re Henri Dominique Lacordaire, restaurateur de l\u2019ordre dominicain et grand orateur,\u00a0 applique un enseignement diversifi\u00e9 et des\u00a0 d\u00e9marches p\u00e9dagogiques renouvel\u00e9es . L\u2019universalisme des Lumi\u00e8res y est a alors enseign\u00e9. Lieu d\u2019intelligence, l\u2019\u00e9cole est un v\u00e9ritable laboratoire intellectuel d\u00e8s le XVIII\u00b0 et sa renomm\u00e9e d\u00e9borde largement la r\u00e9gion et les fronti\u00e8res du pays.<\/p>\n<p style=\"text-align: left;\">\u00a0En 1854, Lacordaire officialisera le port de l\u2019uniforme. Les \u00e9l\u00e8ves seront group\u00e9s par division selon les \u00e2ges et diff\u00e9renci\u00e9s par des couleurs, jaune\u00a0\u00a0 pour le coll\u00e8ge, bleu pour les lyc\u00e9ens, rouge pour les bacheliers, couleurs que l\u2019on retrouve sur les collets d\u2019uniforme et le drapeau de l\u2019\u00e9cole. Vers 1880, les costumes sont r\u00e9alis\u00e9s en drap marron, les vestes sont orn\u00e9es de martingale\u00a0 de ganse tress\u00e9e et de boutons aux armes de l\u2019\u00e9cole. Au XX\u00b0, une tenue de couleur marron plus simple est adopt\u00e9e pour les gar\u00e7ons et les filles qui sont admises depuis 1980.<\/p>\n<p style=\"text-align: left;\">\u00a0En\u00a0 fl\u00e2nant\u00a0 dans un corridor, on imagine\u00a0 les pensionnaires\u00a0transis de\u00a0 froid dans des locaux non chauff\u00e9s\u00a0 \u00e9clair\u00e9s par de simples bougies. L\u2019\u00e9clairage au gaz n\u2019intervient qu\u2019en 1862, l\u2019\u00e9lectricit\u00e9 en 1893.<\/p>\n<p style=\"text-align: left;\">\u00a0Dans la plupart des cas, l\u2019\u00e9tablissement est fr\u00e9quent\u00e9 par des enfants issus de familles de nobles d\u2019\u00e9p\u00e9e et des nobles de robes, mais aussi par\u00a0 des fils de n\u00e9gociants, des cr\u00e9oles et des \u00e9trangers venus notamment d\u2019Espagne et d\u2019Italie.\u00a0 L\u2019effectif passera d\u2019une trentaine d\u2019\u00e9l\u00e8ves en 1759 \u00e0 plus de deux cents en 1770.<\/p>\n<p style=\"text-align: left;\">\u00a0\u00a0\u00a0\u00a0\u00a0\u00a0\u00a0\u00a0\u00a0\u00a0\u00a0\u00a0\u00a0\u00a0\u00a0\u00a0\u00a0\u00a0\u00a0\u00a0\u00a0\u00a0\u00a0\u00a0\u00a0\u00a0\u00a0\u00a0\u00a0\u00a0\u00a0\u00a0\u00a0\u00a0\u00a0\u00a0\u00a0\u00a0\u00a0\u00a0\u00a0\u00a0\u00a0\u00a0\u00a0\u00a0\u00a0\u00a0\u00a0\u00a0\u00a0\u00a0\u00a0\u00a0\u00a0\u00a0\u00a0\u00a0\u00a0\u00a0\u00a0\u00a0\u00a0\u00a0\u00a0\u00a0\u00a0\u00a0\u00a0\u00a0 Le fonctionnement du Coll\u00e8ge exige la pr\u00e9sence d\u2019un personnel\u00a0 important recrut\u00e9 le plus souvent parmi les habitants de Sor\u00e8ze et capable de couvrir toutes les fonctions qu\u2019exige la vie domestique.<\/p>\n<p style=\"text-align: left;\">\u00a0\u00a0\u00a0\u00a0\u00a0\u00a0\u00a0\u00a0\u00a0\u00a0\u00a0\u00a0\u00a0\u00a0\u00a0\u00a0\u00a0\u00a0\u00a0\u00a0\u00a0\u00a0\u00a0\u00a0\u00a0\u00a0\u00a0\u00a0\u00a0\u00a0\u00a0\u00a0\u00a0\u00a0\u00a0\u00a0\u00a0\u00a0\u00a0\u00a0\u00a0\u00a0\u00a0\u00a0\u00a0\u00a0\u00a0\u00a0\u00a0\u00a0\u00a0\u00a0\u00a0\u00a0\u00a0\u00a0\u00a0\u00a0\u00a0\u00a0\u00a0\u00a0\u00a0\u00a0\u00a0\u00a0\u00a0\u00a0\u00a0\u00a0 L\u2019abbaye conna\u00eet son apog\u00e9e au XIX\u00b0 gr\u00e2ce au P\u00e8re Lacordaire qui s\u2019applique \u00e0 cr\u00e9er une grande institution o\u00f9 r\u00e8gne la discipline comme le laisse transpara\u00eetre une de ces devises grav\u00e9e sur le\u00a0 mur\u00a0de la salle\u00a0 des\u00a0 R\u00e9compenses, une des seules salles o\u00f9 les \u00e9l\u00e8ves des diff\u00e9rentes sections se croisent<\/p>\n<p style=\"text-align: left;\">\u00a0\u00a0\u00a0\u00a0\u00a0\u00a0\u00a0\u00a0\u00a0\u00a0\u00a0\u00a0\u00a0\u00a0\u00a0\u00a0\u00a0\u00a0\u00a0\u00a0\u00a0\u00a0\u00a0\u00a0\u00a0\u00a0\u00a0\u00a0\u00a0\u00a0\u00a0\u00a0\u00a0\u00a0\u00a0\u00a0\u00a0 \u00ab\u00a0Messieurs, nous sommes \u00e0 une \u00e9poque o\u00f9 la noblesse c\u2019est le travail<\/p>\n<p style=\"text-align: left;\">\u00a0\u00a0\u00a0\u00a0\u00a0\u00a0\u00a0\u00a0\u00a0\u00a0\u00a0\u00a0\u00a0\u00a0\u00a0\u00a0\u00a0\u00a0\u00a0\u00a0\u00a0\u00a0\u00a0\u00a0\u00a0\u00a0\u00a0\u00a0\u00a0\u00a0\u00a0\u00a0\u00a0\u00a0\u00a0\u00a0\u00a0\u00a0 Vous avez des erreurs \u00e0 vaincre et le monde \u00e0 gouverner par<\/p>\n<p style=\"text-align: left;\">\u00a0\u00a0\u00a0\u00a0\u00a0\u00a0\u00a0\u00a0\u00a0\u00a0\u00a0\u00a0\u00a0\u00a0\u00a0\u00a0\u00a0\u00a0\u00a0\u00a0\u00a0\u00a0\u00a0\u00a0\u00a0\u00a0\u00a0\u00a0\u00a0\u00a0\u00a0\u00a0\u00a0\u00a0\u00a0\u00a0\u00a0\u00a0\u00a0 l\u2019ascendant de l\u2019intelligence et du d\u00e9vouement.\u00a0\u00bb<\/p>\n<p style=\"text-align: left;\"><a href=\"https:\/\/www.rabelais32.org\/wp-content\/uploads\/2026\/04\/20260331_15123211-scaled.jpg\" target=\"_blank\" rel=\"noopener\"><img loading=\"lazy\" decoding=\"async\" class=\" wp-image-16113 alignleft\" src=\"https:\/\/www.rabelais32.org\/wp-content\/uploads\/2026\/04\/20260331_15123211-300x225.jpg\" alt=\"\" width=\"208\" height=\"156\" srcset=\"https:\/\/www.rabelais32.org\/wp-content\/uploads\/2026\/04\/20260331_15123211-300x225.jpg 300w, https:\/\/www.rabelais32.org\/wp-content\/uploads\/2026\/04\/20260331_15123211-1024x768.jpg 1024w, https:\/\/www.rabelais32.org\/wp-content\/uploads\/2026\/04\/20260331_15123211-768x576.jpg 768w, https:\/\/www.rabelais32.org\/wp-content\/uploads\/2026\/04\/20260331_15123211-1536x1152.jpg 1536w, https:\/\/www.rabelais32.org\/wp-content\/uploads\/2026\/04\/20260331_15123211-2048x1536.jpg 2048w\" sizes=\"auto, (max-width: 208px) 100vw, 208px\" \/><\/a>\u00a0Nous prenons le loisir d\u2019admirer cette salle d\u00e9cor\u00e9e de fresques, de peintures r\u00e9alis\u00e9es au XVIII\u00b0 par les \u00e9l\u00e8ves et d\u2019un plafond \u00e0 la fran\u00e7aise du XIX\u00b0 aux couleurs de la r\u00e9publique. La pi\u00e8ce accueillait\u00a0 les c\u00e9r\u00e9monies des r\u00e9compenses et des f\u00eates. Aujourd\u2019hui,\u00a0 les bustes des cinquante-trois \u00e9l\u00e8ves les plus c\u00e9l\u00e8bres toisent les visiteurs. De grandes personnalit\u00e9s ont fr\u00e9quent\u00e9 les bancs de l\u2019\u00e9cole . On retiendra les noms de Jean-Pierre Fourcade, Gilles des Robien, Jean Mistler ,secr\u00e9taire perp\u00e9tuel de l\u2019acad\u00e9mie fran\u00e7aise dont les textes racontent la vie de l\u2019\u00e9cole au tournant du XX\u00b0. A noter aussi les noms d\u2019Hugues Aufray, Igor et Grichka Bogdanoff et Claude Nogaro&#8230;<\/p>\n<p style=\"text-align: left;\">L\u2019\u00e9tablissement fermera en 1991.<\/p>\n<p style=\"text-align: left;\">\u00a0\u00a0\u00a0\u00a0\u00a0\u00a0\u00a0\u00a0\u00a0\u00a0\u00a0\u00a0\u00a0\u00a0\u00a0\u00a0\u00a0\u00a0\u00a0\u00a0\u00a0\u00a0\u00a0\u00a0\u00a0\u00a0\u00a0\u00a0\u00a0\u00a0\u00a0\u00a0\u00a0\u00a0\u00a0\u00a0\u00a0\u00a0\u00a0\u00a0\u00a0\u00a0\u00a0\u00a0\u00a0\u00a0\u00a0\u00a0\u00a0\u00a0\u00a0\u00a0\u00a0\u00a0 Sous la conduite d\u2019Isabelle, nous traversons la salle des pas perdus, une des deux plus belles salles construites \u00e0 l\u2019initiative du P\u00e8re Lacordaire pour visiter le mus\u00e9e install\u00e9 dans une aile de l\u2019abbaye.<\/p>\n<p style=\"text-align: left;\">\u00a0\u00a0\u00a0\u00a0\u00a0\u00a0\u00a0\u00a0\u00a0\u00a0\u00a0\u00a0\u00a0\u00a0\u00a0\u00a0\u00a0\u00a0\u00a0\u00a0\u00a0\u00a0\u00a0\u00a0\u00a0\u00a0\u00a0\u00a0\u00a0\u00a0\u00a0\u00a0\u00a0\u00a0\u00a0\u00a0\u00a0\u00a0\u00a0\u00a0\u00a0\u00a0\u00a0\u00a0\u00a0\u00a0\u00a0\u00a0\u00a0\u00a0\u00a0\u00a0\u00a0\u00a0\u00a0\u00a0 Con\u00e7u par Suzanna Ferrini, le mus\u00e9e\u00a0 ouvert en 2015 est un mariage d\u2019acier, de poutres de bois et de tommettes anciennes.\u00a0 L\u2019exposition \u00ab\u00a0Les prairies fleuries\u00a0\u00bb offre une v\u00e9ritable promenade magnifiant la faune et la flore et rend compte de l\u2019oeuvre originale et foisonnante du peintre cartonnier Dom Robert Guy de Chaunac- Lanzac, moine b\u00e9n\u00e9dictin de l\u2019Abbaye d\u2019En Calcat\u00a0 dans le Tarn, un des ma\u00eetres de la tapisserie contemporaine.<\/p>\n<p style=\"text-align: left;\"><a href=\"https:\/\/www.rabelais32.org\/wp-content\/uploads\/2026\/04\/20260331_160840-scaled.jpg\" target=\"_blank\" rel=\"noopener\"><img loading=\"lazy\" decoding=\"async\" class=\" wp-image-16114 alignleft\" src=\"https:\/\/www.rabelais32.org\/wp-content\/uploads\/2026\/04\/20260331_160840-300x225.jpg\" alt=\"\" width=\"234\" height=\"175\" srcset=\"https:\/\/www.rabelais32.org\/wp-content\/uploads\/2026\/04\/20260331_160840-300x225.jpg 300w, https:\/\/www.rabelais32.org\/wp-content\/uploads\/2026\/04\/20260331_160840-1024x768.jpg 1024w, https:\/\/www.rabelais32.org\/wp-content\/uploads\/2026\/04\/20260331_160840-768x576.jpg 768w, https:\/\/www.rabelais32.org\/wp-content\/uploads\/2026\/04\/20260331_160840-1536x1152.jpg 1536w, https:\/\/www.rabelais32.org\/wp-content\/uploads\/2026\/04\/20260331_160840-2048x1536.jpg 2048w\" sizes=\"auto, (max-width: 234px) 100vw, 234px\" \/><\/a> <a href=\"https:\/\/www.rabelais32.org\/wp-content\/uploads\/2026\/04\/20260331_161456-rotated.jpg\"><img loading=\"lazy\" decoding=\"async\" class=\" wp-image-16116 alignright\" src=\"https:\/\/www.rabelais32.org\/wp-content\/uploads\/2026\/04\/20260331_161456-300x240.jpg\" alt=\"\" width=\"228\" height=\"182\" srcset=\"https:\/\/www.rabelais32.org\/wp-content\/uploads\/2026\/04\/20260331_161456-300x240.jpg 300w, https:\/\/www.rabelais32.org\/wp-content\/uploads\/2026\/04\/20260331_161456-rotated.jpg 768w\" sizes=\"auto, (max-width: 228px) 100vw, 228px\" \/><\/a>N\u00e9 en 1907 d\u2019une grande famille aristocratique, il m\u00e8ne d\u2019abord la vie d\u2019un jeune artiste, au sein des milieux culturels et intellectuels de Paris des ann\u00e9es 1920. En 1930, ses relations avec Jean Cocteau et Maxime Jacob, compositeur et futur Dom Cl\u00e9ment Jacob, le conduisent \u00e0 l\u2019abbaye d\u2019En Calcat. Gr\u00e2ce \u00e0 sa rencontre avec le philosophe catholique Jacques Maritain, il entame un cheminement spirituel.\u00a0 Il entre au noviciat et prend le nom de \u00ab\u00a0Fr\u00e8re Robert\u00a0\u00bb comme nom religieux, puis,\u00a0 \u00ab\u00a0Dom Robert\u00a0\u00bb quand il est ordonn\u00e9 pr\u00eatre en 1937\u2026 Il n\u2019aime pas trop le parcours scolaire et apr\u00e8s des \u00e9tudes de philosophie et de th\u00e9ologie, il reprend son activit\u00e9 artistique et r\u00e9alise enluminures et aquarelles.<br \/>\nIl aurait eu un \u00ab\u00a0d\u00e9clic\u00a0\u00bb en 1940 lors de la visite d\u2019un parc. Il \u00e9crit\u00a0:<\/p>\n<p style=\"text-align: left;\">\u00a0\u00a0\u00a0\u00a0\u00a0 \u2026 \u00ab\u00a0On fait un vaste tour\u2026<\/p>\n<p style=\"text-align: left;\">\u00a0\u00a0\u00a0\u00a0 Alors l\u00e0, une fontaine, un paon\u2026 et des paons, des coqs, des poules et des canards.<\/p>\n<p style=\"text-align: left;\">\u00a0\u00a0\u00a0\u00a0 L\u00e0, cela a \u00e9t\u00e9 quelque chose de foudroyant et je crois que j\u2019ai senti soudainement acquis un style.<br \/>\nJ\u2019ignorais compl\u00e8tement ce que cela deviendrait, mais cela est sorti.<\/p>\n<p style=\"text-align: left;\">\u00a0\u00a0\u00a0\u00a0 Je me suis mis \u00e0 dessiner sans arr\u00eat.\u00a0\u00bb<\/p>\n<p style=\"text-align: left;\">\u00a0\u00a0\u00a0\u00a0\u00a0\u00a0\u00a0\u00a0\u00a0\u00a0\u00a0\u00a0\u00a0\u00a0\u00a0\u00a0\u00a0\u00a0\u00a0\u00a0\u00a0\u00a0\u00a0\u00a0\u00a0\u00a0\u00a0\u00a0\u00a0\u00a0\u00a0\u00a0\u00a0\u00a0\u00a0\u00a0\u00a0\u00a0\u00a0\u00a0\u00a0\u00a0\u00a0\u00a0\u00a0\u00a0\u00a0\u00a0\u00a0\u00a0\u00a0\u00a0\u00a0\u00a0\u00a0\u00a0\u00a0\u00a0\u00a0\u00a0\u00a0\u00a0\u00a0 Sa rencontre avec Jean Lur\u00e7at en 1941 d\u00e9cide de son destin de peintre cartonnier. De 1948 \u00e0 1957, il continue son \u0153uvre au monast\u00e8re de Buckfast en Angleterre. De retour \u00e0 En Calcat en 1958, la faune et la flore de la Montagne Noire sont sa veine d\u2019inspiration.<\/p>\n<p style=\"text-align: left;\">De 1962 \u00e0 1974 Dom Robert expose \u00e0 Paris. C\u2019est un des artistes permanents de la galerie \u00ab\u00a0La Demeure\u00a0\u00bb dirig\u00e9e par Denise Majorel, fondatrice en 1947, avec Jean Lur\u00e7at, de l\u2019Association des Peintres Cartonniers de Tapisserie.<\/p>\n<p style=\"text-align: left;\">Dom Robert cr\u00e9era jusqu\u2019en 1994 o\u00f9 une chute l\u2019oblige \u00e0 cesser toute activit\u00e9&#8230;Son dernier carton \u00ab\u00a0l\u2019herbe qui l\u00e8ve\u00a0\u00bb restera inachev\u00e9e\u2026 Il d\u00e9c\u00e9dera\u00a0 \u00e0 En Calcat en 1997.<\/p>\n<p style=\"text-align: left;\">\u00a0\u00a0\u00a0\u00a0\u00a0\u00a0\u00a0\u00a0\u00a0\u00a0\u00a0\u00a0\u00a0\u00a0\u00a0\u00a0\u00a0\u00a0\u00a0\u00a0\u00a0\u00a0\u00a0\u00a0\u00a0\u00a0\u00a0\u00a0\u00a0\u00a0\u00a0\u00a0\u00a0\u00a0\u00a0\u00a0\u00a0\u00a0\u00a0\u00a0\u00a0\u00a0\u00a0\u00a0\u00a0\u00a0\u00a0\u00a0\u00a0\u00a0\u00a0\u00a0\u00a0\u00a0\u00a0\u00a0\u00a0\u00a0\u00a0\u00a0\u00a0\u00a0\u00a0\u00a0 Le parcours permet de suivre le processus de cr\u00e9ation d\u2019une tapisserie depuis le dessin de l\u2019artiste jusqu\u2019\u00e0 l\u2019oeuvre achev\u00e9e en passant par la cr\u00e9ation du carton de tapisserie.<\/p>\n<p style=\"text-align: left;\"><a href=\"https:\/\/www.rabelais32.org\/wp-content\/uploads\/2026\/04\/20260331_164818-rotated.jpg\" target=\"_blank\" rel=\"noopener\"><img loading=\"lazy\" decoding=\"async\" class=\" wp-image-16117 alignleft\" src=\"https:\/\/www.rabelais32.org\/wp-content\/uploads\/2026\/04\/20260331_164818-225x300.jpg\" alt=\"\" width=\"188\" height=\"251\" srcset=\"https:\/\/www.rabelais32.org\/wp-content\/uploads\/2026\/04\/20260331_164818-225x300.jpg 225w, https:\/\/www.rabelais32.org\/wp-content\/uploads\/2026\/04\/20260331_164818-rotated.jpg 768w\" sizes=\"auto, (max-width: 188px) 100vw, 188px\" \/><\/a>Nous entrons dans l\u2019univers color\u00e9 et foisonnant des dessins et tapisseries, un univers tr\u00e8s vivant surprenant par rapport \u00e0\u00a0 ce que l\u2019on attend habituellement d\u2019un artiste religieux.\u00ab\u00a0Petit coq\u00a0\u00bb est un d\u00e9tail de la tapisserie \u00ab\u00a0l\u2019herbe haute\u00a0\u00bb dat\u00e9e de 1961. \u00ab\u00a0La ferme de Palaja\u00a0\u00bb, une aquarelle de 1940, un dessin fait comme un aveugle\u00a0\u00bb dira l\u2019artiste. \u00ab\u00a0Paonne\u00a0\u00bb, un r\u00e9sidu du premier carton de tapisserie \u00ab\u00a0l\u2019Et\u00e9\u00a0\u00bb\u00a0: pour donner naissance \u00e0 une nouvelle tapisserie, Dom Robert coupe le carton\u00a0et ne retient qu\u2019un d\u00e9tail de l\u2019oeuvre originelle.\u00a0 En 1967, le gouvernement fran\u00e7ais a conf\u00e9r\u00e9 aux tapisseries brod\u00e9es le statut juridique \u00ab\u00a0 d\u2019 oeuvre d\u2019art\u00a0\u00bb limitant ainsi \u00e0 huit le nombre de reproductions de chaque carton .<\/p>\n<p style=\"text-align: left;\">Que dire de \u00ab\u00a0Garden Party\u00a0\u00bb,\u00a0 inspir\u00e9e\u00a0 des fleurs\u00a0 cultiv\u00e9es en plate-bande dans le monast\u00e8re, un l\u00e9vrier afghan, un chien qui joue les trouble-f\u00eates dans la basse cour\u2026<\/p>\n<p style=\"text-align: left;\">On sourit devant l\u2019aquarelle peinte en 1950, \u00ab\u00a0les moines jouant au cricket \u00e0 Buckfast, une oeuvre d\u00e9di\u00e9e \u00e0 la vie monastique et aux \u00ab\u00a0r\u00e9cr\u00e9ations\u00a0\u00bb qu\u2019elle pouvait procurer\u2026 A En Calcat, les moines b\u00e9n\u00e9dictins pratiquent le volley-ball&#8230;<\/p>\n<p style=\"text-align: left;\">\u00a0\u00a0\u00a0\u00a0\u00a0\u00a0\u00a0\u00a0\u00a0\u00a0\u00a0\u00a0\u00a0\u00a0\u00a0\u00a0\u00a0\u00a0\u00a0\u00a0\u00a0\u00a0\u00a0\u00a0\u00a0\u00a0\u00a0\u00a0\u00a0\u00a0\u00a0\u00a0\u00a0\u00a0\u00a0\u00a0\u00a0\u00a0\u00a0\u00a0\u00a0\u00a0\u00a0\u00a0\u00a0\u00a0\u00a0\u00a0\u00a0\u00a0\u00a0\u00a0\u00a0\u00a0\u00a0\u00a0\u00a0\u00a0\u00a0\u00a0\u00a0\u00a0\u00a0\u00a0\u00a0\u00a0\u00a0\u00a0 Les tapisseries de Dom Robert, ce ne sont pas des champs verdoyants, un arbre qui fleurit ou une mare paisible, mais bien le bourdonnement de l\u2019abeille, le battement d\u2019aile du\u00a0 papillon, le p\u00e9piement de l\u2019oiseau, le bondissement du chien, le chat qui se faufile avec souplesse, des coqs espi\u00e8gles, des paons , des chevaux fougueux , des sc\u00e8nes champ\u00eatres de style na\u00eff color\u00e9es et\u00a0 exub\u00e9rantes de nature.<\/p>\n<p style=\"text-align: left;\">\u00a0\u00a0\u00a0\u00a0\u00a0\u00a0\u00a0\u00a0\u00a0\u00a0\u00a0\u00a0\u00a0\u00a0\u00a0\u00a0\u00a0\u00a0\u00a0\u00a0\u00a0\u00a0\u00a0\u00a0\u00a0\u00a0\u00a0\u00a0\u00a0\u00a0\u00a0\u00a0\u00a0\u00a0\u00a0\u00a0\u00a0\u00a0\u00a0\u00a0\u00a0\u00a0\u00a0\u00a0\u00a0\u00a0\u00a0\u00a0\u00a0\u00a0\u00a0\u00a0\u00a0\u00a0\u00a0\u00a0\u00a0\u00a0\u00a0\u00a0\u00a0\u00a0\u00a0\u00a0\u00a0 <a href=\"https:\/\/www.rabelais32.org\/wp-content\/uploads\/2026\/04\/20260331_164925-scaled.jpg\" target=\"_blank\" rel=\"noopener\"><img loading=\"lazy\" decoding=\"async\" class=\" wp-image-16118 alignright\" src=\"https:\/\/www.rabelais32.org\/wp-content\/uploads\/2026\/04\/20260331_164925-300x225.jpg\" alt=\"\" width=\"272\" height=\"204\" srcset=\"https:\/\/www.rabelais32.org\/wp-content\/uploads\/2026\/04\/20260331_164925-300x225.jpg 300w, https:\/\/www.rabelais32.org\/wp-content\/uploads\/2026\/04\/20260331_164925-1024x768.jpg 1024w, https:\/\/www.rabelais32.org\/wp-content\/uploads\/2026\/04\/20260331_164925-768x576.jpg 768w, https:\/\/www.rabelais32.org\/wp-content\/uploads\/2026\/04\/20260331_164925-1536x1152.jpg 1536w, https:\/\/www.rabelais32.org\/wp-content\/uploads\/2026\/04\/20260331_164925-2048x1536.jpg 2048w\" sizes=\"auto, (max-width: 272px) 100vw, 272px\" \/><\/a>\u00a0\u00a0\u00a0\u00a0 Poursuivons notre visite en appliquant les dires de l\u2019artiste\u00a0:<\/p>\n<p style=\"text-align: left;\">\u00a0\u00a0\u00a0\u00a0\u00a0\u00a0\u00a0\u00a0\u00a0\u00a0\u00a0\u00a0\u00a0\u00a0\u00a0\u00a0\u00a0\u00a0\u00a0\u00a0\u00a0\u00a0\u00a0\u00a0\u00a0\u00a0\u00a0\u00a0\u00a0\u00a0\u00a0\u00a0\u00a0\u00a0\u00a0\u00a0\u00a0\u00a0\u00a0\u00a0\u00a0\u00a0\u00a0\u00a0\u00a0\u00a0\u00a0\u00a0\u00a0\u00a0\u00a0 \u00ab\u00a0Dans une tapisserie, on se prom\u00e8ne, on fl\u00e2ne,<\/p>\n<p style=\"text-align: left;\">\u00a0\u00a0\u00a0\u00a0\u00a0\u00a0\u00a0\u00a0\u00a0\u00a0\u00a0\u00a0\u00a0\u00a0\u00a0\u00a0\u00a0\u00a0\u00a0\u00a0\u00a0\u00a0\u00a0\u00a0\u00a0\u00a0\u00a0\u00a0\u00a0\u00a0\u00a0\u00a0\u00a0\u00a0\u00a0\u00a0\u00a0\u00a0\u00a0\u00a0\u00a0\u00a0\u00a0\u00a0\u00a0\u00a0\u00a0\u00a0\u00a0\u00a0\u00a0\u00a0\u00a0\u00a0 Un d\u00e9tail vous conduit \u00e0 un autre.<\/p>\n<p style=\"text-align: left;\">\u00a0\u00a0\u00a0\u00a0\u00a0\u00a0\u00a0\u00a0\u00a0\u00a0\u00a0\u00a0\u00a0\u00a0\u00a0\u00a0\u00a0\u00a0\u00a0\u00a0\u00a0\u00a0\u00a0\u00a0\u00a0\u00a0\u00a0\u00a0\u00a0\u00a0\u00a0\u00a0\u00a0\u00a0\u00a0\u00a0\u00a0\u00a0\u00a0\u00a0\u00a0\u00a0\u00a0\u00a0\u00a0\u00a0\u00a0\u00a0\u00a0\u00a0\u00a0\u00a0\u00a0\u00a0 Tout \u00e0 coup on d\u00e9couvre un oiseau<\/p>\n<p style=\"text-align: left;\">\u00a0\u00a0\u00a0\u00a0\u00a0\u00a0\u00a0\u00a0\u00a0\u00a0\u00a0\u00a0\u00a0\u00a0\u00a0\u00a0\u00a0\u00a0\u00a0\u00a0\u00a0\u00a0\u00a0\u00a0\u00a0\u00a0\u00a0\u00a0\u00a0\u00a0\u00a0\u00a0\u00a0\u00a0\u00a0\u00a0\u00a0\u00a0\u00a0\u00a0\u00a0\u00a0\u00a0\u00a0\u00a0\u00a0\u00a0\u00a0\u00a0\u00a0\u00a0\u00a0\u00a0\u00a0 Un \u00e9cureuil qui voulait se cacher<\/p>\n<p style=\"text-align: left;\">\u00a0\u00a0\u00a0\u00a0\u00a0\u00a0\u00a0\u00a0\u00a0\u00a0\u00a0\u00a0\u00a0\u00a0\u00a0\u00a0\u00a0\u00a0\u00a0\u00a0\u00a0\u00a0\u00a0\u00a0\u00a0\u00a0\u00a0\u00a0\u00a0\u00a0\u00a0\u00a0\u00a0\u00a0\u00a0\u00a0\u00a0\u00a0\u00a0\u00a0\u00a0\u00a0\u00a0\u00a0\u00a0\u00a0\u00a0\u00a0\u00a0\u00a0\u00a0\u00a0\u00a0\u00a0 On en cherche d\u2019autres\u2026<\/p>\n<p style=\"text-align: left;\">\u00a0\u00a0\u00a0\u00a0\u00a0\u00a0\u00a0\u00a0\u00a0\u00a0\u00a0\u00a0\u00a0\u00a0\u00a0\u00a0\u00a0\u00a0\u00a0\u00a0\u00a0\u00a0\u00a0\u00a0\u00a0\u00a0\u00a0\u00a0\u00a0\u00a0\u00a0\u00a0\u00a0\u00a0\u00a0\u00a0\u00a0\u00a0\u00a0\u00a0\u00a0\u00a0\u00a0\u00a0\u00a0\u00a0\u00a0\u00a0\u00a0\u00a0\u00a0\u00a0\u00a0\u00a0 Pour faire court<\/p>\n<p style=\"text-align: left;\">\u00a0\u00a0\u00a0\u00a0\u00a0\u00a0\u00a0\u00a0\u00a0\u00a0\u00a0\u00a0\u00a0\u00a0\u00a0\u00a0\u00a0\u00a0\u00a0\u00a0\u00a0\u00a0\u00a0\u00a0\u00a0\u00a0\u00a0\u00a0\u00a0\u00a0\u00a0\u00a0\u00a0\u00a0\u00a0\u00a0\u00a0\u00a0\u00a0\u00a0\u00a0\u00a0\u00a0\u00a0\u00a0\u00a0\u00a0\u00a0\u00a0\u00a0\u00a0\u00a0\u00a0\u00a0 Disons que la peinture est un art d\u2019espace<\/p>\n<p style=\"text-align: left;\">\u00a0\u00a0\u00a0\u00a0\u00a0\u00a0\u00a0\u00a0\u00a0\u00a0\u00a0\u00a0\u00a0\u00a0\u00a0\u00a0\u00a0\u00a0\u00a0\u00a0\u00a0\u00a0\u00a0\u00a0\u00a0\u00a0\u00a0\u00a0\u00a0\u00a0\u00a0\u00a0\u00a0\u00a0\u00a0\u00a0\u00a0\u00a0\u00a0\u00a0\u00a0\u00a0\u00a0\u00a0\u00a0\u00a0\u00a0\u00a0\u00a0\u00a0\u00a0\u00a0\u00a0\u00a0 Tandis que la tapisserie est un art du temps&#8230;\u00a0\u00bb<\/p>\n<p style=\"text-align: left;\">\u00a0\u00a0\u00a0\u00a0\u00a0\u00a0\u00a0\u00a0\u00a0\u00a0\u00a0\u00a0\u00a0\u00a0\u00a0\u00a0\u00a0\u00a0\u00a0\u00a0\u00a0\u00a0\u00a0\u00a0\u00a0\u00a0\u00a0\u00a0\u00a0\u00a0\u00a0\u00a0\u00a0\u00a0\u00a0\u00a0\u00a0\u00a0\u00a0\u00a0\u00a0\u00a0\u00a0\u00a0\u00a0\u00a0\u00a0\u00a0\u00a0\u00a0\u00a0\u00a0\u00a0\u00a0\u00a0\u00a0\u00a0\u00a0\u00a0\u00a0\u00a0\u00a0\u00a0\u00a0\u00a0\u00a0\u00a0\u00a0\u00a0\u00a0\u00a0\u00a0 Plusieurs photos ponctuant l\u2019exposition traduisent la personnalit\u00e9 d\u2019un personnage volontaire et attachant, sensible et plein d\u2019humour.<\/p>\n<p style=\"text-align: left;\">\u00a0\u00a0\u00a0\u00a0\u00a0\u00a0\u00a0\u00a0\u00a0\u00a0\u00a0\u00a0\u00a0\u00a0\u00a0\u00a0\u00a0\u00a0\u00a0\u00a0\u00a0\u00a0\u00a0\u00a0\u00a0\u00a0\u00a0\u00a0\u00a0\u00a0\u00a0\u00a0\u00a0\u00a0\u00a0\u00a0\u00a0\u00a0\u00a0\u00a0\u00a0\u00a0\u00a0\u00a0\u00a0\u00a0\u00a0\u00a0\u00a0\u00a0\u00a0\u00a0\u00a0\u00a0\u00a0\u00a0\u00a0\u00a0\u00a0\u00a0\u00a0\u00a0\u00a0\u00a0\u00a0\u00a0\u00a0\u00a0\u00a0\u00a0\u00a0\u00a0\u00a0 Une section du parcours restitue l\u2019ambiance dans laquelle Dom Robert a fait tisser la majorit\u00e9 de ses\u00a0 tapisseries, l\u2019atelier Tabard et Goubely \u00e0 Aubusson. Devenue manufacture royale au XVII\u00b0 par la volont\u00e9 de Colbert, Aubusson est la capitale de la tapisserie de haute lisse, <a href=\"https:\/\/www.rabelais32.org\/wp-content\/uploads\/2026\/04\/20260331_164839-rotated.jpg\" target=\"_blank\" rel=\"noopener\"><img loading=\"lazy\" decoding=\"async\" class=\" wp-image-16121 alignleft\" src=\"https:\/\/www.rabelais32.org\/wp-content\/uploads\/2026\/04\/20260331_164839-225x300.jpg\" alt=\"\" width=\"176\" height=\"235\" srcset=\"https:\/\/www.rabelais32.org\/wp-content\/uploads\/2026\/04\/20260331_164839-225x300.jpg 225w, https:\/\/www.rabelais32.org\/wp-content\/uploads\/2026\/04\/20260331_164839-rotated.jpg 768w\" sizes=\"auto, (max-width: 176px) 100vw, 176px\" \/><\/a>elle est le seul lieu au monde o\u00f9 coexistent, depuis six si\u00e8cles tous les m\u00e9tiers participant \u00e0 la r\u00e9alisation d\u2019une tapisserie\u00a0: filateur, teinturier, lissier, restaurateur.\u00a0\u00a0\u00a0\u00a0\u00a0\u00a0\u00a0 Devant un m\u00e9tier \u00e0 tisser plac\u00e9 \u00e0 l\u2019horizontale,\u00a0 Isabelle d\u00e9taillera les t\u00e2ches complexes du lissier, l\u2019 artisan charg\u00e9 du tissage.<\/p>\n<p style=\"text-align: left;\">Ce nom provient du terme \u00ab\u00a0lisse\u00a0\u00bb d\u00e9signant la cordelette formant une boucle fix\u00e9e sur chaque fil de cha\u00eene tendu sur le m\u00e9tier pour le relier, par l\u2019interm\u00e9diaire de la barre de lisse, \u00e0 une p\u00e9dale, dite \u00ab\u00a0marche\u00a0\u00bb, actionn\u00e9e avec les pieds\u2026 C\u2019est un m\u00e9tier manuel qui exige un savoir-faire tr\u00e8s qualifi\u00e9 et n\u00e9cessite un tr\u00e8s long temps d\u2019ex\u00e9cution: un m\u00e8tre carr\u00e9 demande un mois de travail.<\/p>\n<p style=\"text-align: left;\">\u00a0Les r\u00e9alisations sont le fruit de la collaboration \u00e9troite entre l\u2019artiste et l\u2019atelier de tissage\u00a0: le travail d\u2019interpr\u00e9tation textile de l\u2019oeuvre de l\u2019artiste est l\u2019expression du savoir-faire du lissier et de sa compr\u00e9hension\u00a0 de l\u2019intention artistique.<\/p>\n<p style=\"text-align: left;\"><a href=\"https:\/\/www.rabelais32.org\/wp-content\/uploads\/2026\/04\/photo.jpg\" target=\"_blank\" rel=\"noopener\"><img loading=\"lazy\" decoding=\"async\" class=\" wp-image-16119 alignright\" src=\"https:\/\/www.rabelais32.org\/wp-content\/uploads\/2026\/04\/photo-300x214.jpg\" alt=\"\" width=\"262\" height=\"187\" srcset=\"https:\/\/www.rabelais32.org\/wp-content\/uploads\/2026\/04\/photo-300x214.jpg 300w, https:\/\/www.rabelais32.org\/wp-content\/uploads\/2026\/04\/photo.jpg 716w\" sizes=\"auto, (max-width: 262px) 100vw, 262px\" \/><\/a>En septembre 2009, l\u2019Unesco\u00a0 inscrira la tapisserie d\u2019Aubusson au \u00ab\u00a0Patrimoine culturel immat\u00e9riel de l\u2019humanit\u00e9 mettant \u00e0 l\u2019honneur les \u0153uvre Don Robert,\u00a0 de ses contemporains et le savoir faire des lissiers.<\/p>\n<p style=\"text-align: left;\">\u00a0\u00a0\u00a0\u00a0\u00a0\u00a0\u00a0\u00a0\u00a0\u00a0\u00a0\u00a0\u00a0\u00a0\u00a0\u00a0\u00a0\u00a0\u00a0\u00a0\u00a0\u00a0\u00a0\u00a0\u00a0\u00a0\u00a0\u00a0\u00a0\u00a0\u00a0\u00a0\u00a0\u00a0\u00a0\u00a0\u00a0\u00a0\u00a0\u00a0\u00a0\u00a0\u00a0\u00a0\u00a0\u00a0\u00a0\u00a0\u00a0\u00a0\u00a0\u00a0\u00a0\u00a0 Nous ne pouvions pas quitter l\u2019exposition consacr\u00e9e \u00e0 Dom Robert, v\u00e9ritable cr\u00e9ateur capable de m\u00ealer spiritualit\u00e9, observation du monde vivant et recherche artistique\u00a0 sans poser notre regard sur l\u2019une des derni\u00e8res tapisseries pr\u00e9sent\u00e9es, \u00ab\u00a0Mille-fleurs sauvages\u00a0\u00bb r\u00e9alis\u00e9e d\u2019apr\u00e8s un carton datant de 1961 sur le th\u00e8me de la prairie fleurie ch\u00e8re \u00e0 Dom Robert\u00a0: elle incarne toute l\u2019\u00e2me du peintre cartonnier\u00a0: la nature et ses couleurs vibrantes\u00a0.<\/p>\n<p style=\"text-align: left;\">\u00a0 \u00a0 \u00a0 \u00a0 \u00a0 \u00a0 \u00a0 \u00a0 \u00a0 \u00a0 \u00a0 \u00a0 \u00a0 \u00a0 \u00a0 \u00a0 \u00a0 \u00a0 \u00a0 \u00a0 \u00a0 \u00a0 \u00a0 \u00a0 \u00a0 \u00a0 \u00a0 \u00a0 Nous laissons \u00e0 regret\u00a0 les animaux de basse-cour aux plumages \u00e9bouriff\u00e9s dansant dans une jungle de fleurs des champs.<\/p>\n<p>Galerie Sor\u00e8ze , Mus\u00e9e Dom ROBERT<\/p>\n<style id=\"bwg-style-1\">      #bwg_container1_1 #bwg_container2_1 #bwg_mosaic_thumbnails_div_1 {        width: 100%;        position: relative;        background-color: rgba(255, 255, 255, 0.00);        text-align: center;        justify-content: center;                  margin-left: auto;          margin-right: auto;                    padding-left: 4px;          padding-top: 4px;                }          #bwg_container1_1 #bwg_container2_1 .bwg_mosaic_thumb_spun_1 {        display: block;        position: absolute;\t\t\t\tborder-radius: 2px;\t\t\t\tborder: 1px none #CCCCCC;    \t\t    \t\tbackground-color:rgba(0,0,0, 0.30);        -moz-box-sizing: content-box !important;        -webkit-box-sizing: content-box !important;        box-sizing: content-box !important;      }\t\t\t#bwg_container1_1 #bwg_container2_1 .bwg_mosaic_thumb_1 {\t\t\t\tdisplay: block;\t\t\t\t-moz-box-sizing: content-box !important;\t\t\t\t-webkit-box-sizing: content-box !important;\t\t\t\tbox-sizing: content-box !important;\t\t\t\tmargin: 0;\t\t\t\topacity: 0.80;\t\t\t}      #bwg_container1_1 #bwg_container2_1 .bwg_mosaic_thumb_spun_1:hover {        opacity: 1;        backface-visibility: hidden;        -webkit-backface-visibility: hidden;        -moz-backface-visibility: hidden;        -ms-backface-visibility: hidden;        z-index: 102;      }\t      @media only screen and (min-width: 480px) {        #bwg_container1_1 #bwg_container2_1 .bwg_mosaic_thumb_spun_1:hover {          transform: rotate(2deg);          -ms-transform: rotate(2deg);          -webkit-transform: rotate(2deg);        }      }\t      #bwg_container1_1 #bwg_container2_1 .bwg_mosaic_thumbnails_1 {        background-color: rgba(255, 255, 255, 0.00);        font-size: 0;        position: relative;        text-align: center;        display: inline-block;        visibility: hidden;              }\t  \/*image title styles*\/      #bwg_container1_1 #bwg_container2_1 .bwg_mosaic_title_spun1_1,      #bwg_container1_1 #bwg_container2_1 .bwg-mosaic-thumbnails .bwg_ecommerce_spun1_1 {        position: absolute;        display: block;        opacity: 0;        box-sizing: border-box;        text-align: center;\t\t\t\ttop: 50%;\t\t\t\tleft: 50%;\t\t\t\ttransform: translate(-50%, -50%);      }      #bwg_container1_1 #bwg_container2_1 .bwg-mosaic-thumbnails .bwg_mosaic_title_spun2_1,      #bwg_container1_1 #bwg_container2_1 .bwg-mosaic-thumbnails .bwg_ecommerce_spun2_1 {\t\t    color: #CCCCCC;        font-family: segoe ui;        font-size: 16px;        font-weight: bold;        text-shadow: 0px 0px 0px #888888;        vertical-align: middle;        word-wrap: break-word;      }            .bwg_mosaic_play_icon_spun_1 {        display: table;        position: absolute;        left: -10000px;        top: 0px;        opacity: 0;      }      .bwg_mosaic_play_icon_1 {        color: #CCCCCC;        font-size: 32px;        vertical-align: middle;        display: table-cell !important;        z-index: 1;        text-align: center;        margin: 0 auto;      }      #bwg_container1_1 #bwg_container2_1 .bwg_gal_title_1 {        background-color: rgba(0, 0, 0, 0);        color: #323A45;        display: block;        font-family: Ubuntu;        font-size: 16px;        font-weight: bold;        padding: 2px;        text-shadow: ;        text-align: center;      }            @media screen and (max-width: 240px) {      div[class^=\"bwg_mosaic_thumbnails_\"],      span[class^=\"bwg_mosaic_thumb_spun_\"] {      width: 100% !important;      }      img[class^=\"bwg_mosaic_thumb_\"] {      width: 100% !important;      height: auto !important;      margin: 0px auto !important;      }      }      <\/style>    <div id=\"bwg_container1_1\"         class=\"bwg_container bwg_thumbnail bwg_thumbnails_mosaic \"         data-right-click-protection=\"0\"         data-bwg=\"1\"         data-scroll=\"0\"         data-gallery-type=\"thumbnails_mosaic\"         data-gallery-view-type=\"thumbnails_mosaic\"         data-current-url=\"\/index.php\/wp-json\/wp\/v2\/posts\/16092\"         data-lightbox-url=\"https:\/\/www.rabelais32.org\/wp-admin\/admin-ajax.php?action=GalleryBox&#038;current_view=1&#038;gallery_id=429&#038;tag=0&#038;theme_id=2&#038;shortcode_id=856&#038;sort_by=order&#038;order_by=asc&#038;current_url=%2Findex.php%2Fwp-json%2Fwp%2Fv2%2Fposts%2F16092\"         data-gallery-id=\"429\"         data-popup-width=\"800\"         data-popup-height=\"500\"         data-is-album=\"gallery\"         data-buttons-position=\"bottom\">      <div id=\"bwg_container2_1\">             <div id=\"ajax_loading_1\" class=\"bwg_loading_div_1\">      <div class=\"bwg_loading_div_2\">        <div class=\"bwg_loading_div_3\">          <div id=\"loading_div_1\" class=\"bwg_spider_ajax_loading\">          <\/div>        <\/div>      <\/div>    <\/div>            <form id=\"gal_front_form_1\"              class=\"bwg-hidden\"              method=\"post\"              action=\"#\"              data-current=\"1\"              data-shortcode-id=\"856\"              data-gallery-type=\"thumbnails_mosaic\"              data-gallery-id=\"429\"              data-tag=\"0\"              data-album-id=\"0\"              data-theme-id=\"2\"              data-ajax-url=\"https:\/\/www.rabelais32.org\/wp-admin\/admin-ajax.php?action=bwg_frontend_data\">          <div id=\"bwg_container3_1\" class=\"bwg-background bwg-background-1\">                <div id=\"bwg_mosaic_thumbnails_div_1\"         class=\"bwg-container-1 bwg-container bwg-mosaic-thumbnails\"         data-bwg=\"1\"         data-mosaic-direction=\"vertical\"         data-resizable=\"1\"         data-width=\"140\"         data-height=\"140\"         data-total-width=\"100\"         data-block-id=\"bwg_thumbnails_mosaic_1\"         data-thumb-padding=\"4\"         data-thumb-border=\"1\"         data-title-margin=\"2px\"         data-image-title=\"none\"         data-play-icon=\"0\"         data-ecommerce-icon=\"none\"         data-gallery-id=\"429\"         data-lightbox-url=\"https:\/\/www.rabelais32.org\/wp-admin\/admin-ajax.php?action=GalleryBox&#038;current_view=1&#038;gallery_id=429&#038;tag=0&#038;theme_id=2&#038;shortcode_id=856&#038;sort_by=order&#038;order_by=asc&#038;current_url=%2Findex.php%2Fwp-json%2Fwp%2Fv2%2Fposts%2F16092\"         data-mosaic-thumb-transition=\"1\"         style=\"visibility: hidden\" >      <div id=\"bwg_thumbnails_mosaic_1\" class=\"bwg_mosaic_thumbnails_1\">                  <a  class=\"bwg-a bwg_lightbox bwg_lightbox_1\" href=\"https:\/\/www.rabelais32.org\/wp-content\/uploads\/photo-gallery\/soreze\/20260331_150605.jpg?bwg=1777225709\" data-image-id=\"8232\" data-elementor-open-lightbox=\"no\">          <div class=\"bwg_mosaic_thumb_spun_1 bwg-item0 bwg-mosaic-thumb-span \">            <img decoding=\"async\" class=\"bwg_mosaic_thumb_1 skip-lazy bwg_img_clear bwg_img_custom \"                 id=\"8232\"                 src=\"https:\/\/www.rabelais32.org\/wp-content\/uploads\/photo-gallery\/soreze\/thumb\/20260331_150605.jpg?bwg=1777225709\"                 data-src=\"https:\/\/www.rabelais32.org\/wp-content\/uploads\/photo-gallery\/soreze\/thumb\/20260331_150605.jpg?bwg=1777225709\"                 data-width=\"194.00\"                 data-height=\"300.00\"                 alt=\"20260331 150605\"                 title=\"20260331 150605\" \/>                      <\/div>        <\/a>                <a  class=\"bwg-a bwg_lightbox bwg_lightbox_1\" href=\"https:\/\/www.rabelais32.org\/wp-content\/uploads\/photo-gallery\/soreze\/20260331_150535.jpg?bwg=1777225709\" data-image-id=\"8233\" data-elementor-open-lightbox=\"no\">          <div class=\"bwg_mosaic_thumb_spun_1 bwg-item0 bwg-mosaic-thumb-span \">            <img decoding=\"async\" class=\"bwg_mosaic_thumb_1 skip-lazy bwg_img_clear bwg_img_custom \"                 id=\"8233\"                 src=\"https:\/\/www.rabelais32.org\/wp-content\/uploads\/photo-gallery\/soreze\/thumb\/20260331_150535.jpg?bwg=1777225709\"                 data-src=\"https:\/\/www.rabelais32.org\/wp-content\/uploads\/photo-gallery\/soreze\/thumb\/20260331_150535.jpg?bwg=1777225709\"                 data-width=\"221.00\"                 data-height=\"300.00\"                 alt=\"20260331 150535\"                 title=\"20260331 150535\" \/>                      <\/div>        <\/a>                <a  class=\"bwg-a bwg_lightbox bwg_lightbox_1\" href=\"https:\/\/www.rabelais32.org\/wp-content\/uploads\/photo-gallery\/soreze\/20260331_143936.jpg?bwg=1777225709\" data-image-id=\"8234\" data-elementor-open-lightbox=\"no\">          <div class=\"bwg_mosaic_thumb_spun_1 bwg-item0 bwg-mosaic-thumb-span \">            <img decoding=\"async\" class=\"bwg_mosaic_thumb_1 skip-lazy bwg_img_clear bwg_img_custom \"                 id=\"8234\"                 src=\"https:\/\/www.rabelais32.org\/wp-content\/uploads\/photo-gallery\/soreze\/thumb\/20260331_143936.jpg?bwg=1777225709\"                 data-src=\"https:\/\/www.rabelais32.org\/wp-content\/uploads\/photo-gallery\/soreze\/thumb\/20260331_143936.jpg?bwg=1777225709\"                 data-width=\"216.00\"                 data-height=\"300.00\"                 alt=\"20260331 143936\"                 title=\"20260331 143936\" \/>                      <\/div>        <\/a>                <a  class=\"bwg-a bwg_lightbox bwg_lightbox_1\" href=\"https:\/\/www.rabelais32.org\/wp-content\/uploads\/photo-gallery\/soreze\/20260331_152832.jpg?bwg=1777225709\" data-image-id=\"8235\" data-elementor-open-lightbox=\"no\">          <div class=\"bwg_mosaic_thumb_spun_1 bwg-item0 bwg-mosaic-thumb-span \">            <img decoding=\"async\" class=\"bwg_mosaic_thumb_1 skip-lazy bwg_img_clear bwg_img_custom \"                 id=\"8235\"                 src=\"https:\/\/www.rabelais32.org\/wp-content\/uploads\/photo-gallery\/soreze\/thumb\/20260331_152832.jpg?bwg=1777225709\"                 data-src=\"https:\/\/www.rabelais32.org\/wp-content\/uploads\/photo-gallery\/soreze\/thumb\/20260331_152832.jpg?bwg=1777225709\"                 data-width=\"225.00\"                 data-height=\"300.00\"                 alt=\"20260331 152832\"                 title=\"20260331 152832\" \/>                      <\/div>        <\/a>                <a  class=\"bwg-a bwg_lightbox bwg_lightbox_1\" href=\"https:\/\/www.rabelais32.org\/wp-content\/uploads\/photo-gallery\/soreze\/20260331_153816.jpg?bwg=1777225709\" data-image-id=\"8236\" data-elementor-open-lightbox=\"no\">          <div class=\"bwg_mosaic_thumb_spun_1 bwg-item0 bwg-mosaic-thumb-span \">            <img decoding=\"async\" class=\"bwg_mosaic_thumb_1 skip-lazy bwg_img_clear bwg_img_custom \"                 id=\"8236\"                 src=\"https:\/\/www.rabelais32.org\/wp-content\/uploads\/photo-gallery\/soreze\/thumb\/20260331_153816.jpg?bwg=1777225709\"                 data-src=\"https:\/\/www.rabelais32.org\/wp-content\/uploads\/photo-gallery\/soreze\/thumb\/20260331_153816.jpg?bwg=1777225709\"                 data-width=\"225.00\"                 data-height=\"300.00\"                 alt=\"20260331 153816\"                 title=\"20260331 153816\" \/>                      <\/div>        <\/a>                <a  class=\"bwg-a bwg_lightbox bwg_lightbox_1\" href=\"https:\/\/www.rabelais32.org\/wp-content\/uploads\/photo-gallery\/soreze\/20260331_154317.jpg?bwg=1777225709\" data-image-id=\"8237\" data-elementor-open-lightbox=\"no\">          <div class=\"bwg_mosaic_thumb_spun_1 bwg-item0 bwg-mosaic-thumb-span \">            <img decoding=\"async\" class=\"bwg_mosaic_thumb_1 skip-lazy bwg_img_clear bwg_img_custom \"                 id=\"8237\"                 src=\"https:\/\/www.rabelais32.org\/wp-content\/uploads\/photo-gallery\/soreze\/thumb\/20260331_154317.jpg?bwg=1777225709\"                 data-src=\"https:\/\/www.rabelais32.org\/wp-content\/uploads\/photo-gallery\/soreze\/thumb\/20260331_154317.jpg?bwg=1777225709\"                 data-width=\"225.00\"                 data-height=\"300.00\"                 alt=\"20260331 154317\"                 title=\"20260331 154317\" \/>                      <\/div>        <\/a>                <a  class=\"bwg-a bwg_lightbox bwg_lightbox_1\" href=\"https:\/\/www.rabelais32.org\/wp-content\/uploads\/photo-gallery\/soreze\/20260331_160559.jpg?bwg=1777225709\" data-image-id=\"8238\" data-elementor-open-lightbox=\"no\">          <div class=\"bwg_mosaic_thumb_spun_1 bwg-item0 bwg-mosaic-thumb-span \">            <img decoding=\"async\" class=\"bwg_mosaic_thumb_1 skip-lazy bwg_img_clear bwg_img_custom \"                 id=\"8238\"                 src=\"https:\/\/www.rabelais32.org\/wp-content\/uploads\/photo-gallery\/soreze\/thumb\/20260331_160559.jpg?bwg=1777225709\"                 data-src=\"https:\/\/www.rabelais32.org\/wp-content\/uploads\/photo-gallery\/soreze\/thumb\/20260331_160559.jpg?bwg=1777225709\"                 data-width=\"151.00\"                 data-height=\"300.00\"                 alt=\"20260331 160559\"                 title=\"20260331 160559\" \/>                      <\/div>        <\/a>                <a  class=\"bwg-a bwg_lightbox bwg_lightbox_1\" href=\"https:\/\/www.rabelais32.org\/wp-content\/uploads\/photo-gallery\/soreze\/20260331_154855.jpg?bwg=1777225709\" data-image-id=\"8239\" data-elementor-open-lightbox=\"no\">          <div class=\"bwg_mosaic_thumb_spun_1 bwg-item0 bwg-mosaic-thumb-span \">            <img decoding=\"async\" class=\"bwg_mosaic_thumb_1 skip-lazy bwg_img_clear bwg_img_custom \"                 id=\"8239\"                 src=\"https:\/\/www.rabelais32.org\/wp-content\/uploads\/photo-gallery\/soreze\/thumb\/20260331_154855.jpg?bwg=1777225709\"                 data-src=\"https:\/\/www.rabelais32.org\/wp-content\/uploads\/photo-gallery\/soreze\/thumb\/20260331_154855.jpg?bwg=1777225709\"                 data-width=\"157.00\"                 data-height=\"300.00\"                 alt=\"20260331 154855\"                 title=\"20260331 154855\" \/>                      <\/div>        <\/a>                <a  class=\"bwg-a bwg_lightbox bwg_lightbox_1\" href=\"https:\/\/www.rabelais32.org\/wp-content\/uploads\/photo-gallery\/soreze\/20260331_155101.jpg?bwg=1777225709\" data-image-id=\"8240\" data-elementor-open-lightbox=\"no\">          <div class=\"bwg_mosaic_thumb_spun_1 bwg-item0 bwg-mosaic-thumb-span \">            <img decoding=\"async\" class=\"bwg_mosaic_thumb_1 skip-lazy bwg_img_clear bwg_img_custom \"                 id=\"8240\"                 src=\"https:\/\/www.rabelais32.org\/wp-content\/uploads\/photo-gallery\/soreze\/thumb\/20260331_155101.jpg?bwg=1777225709\"                 data-src=\"https:\/\/www.rabelais32.org\/wp-content\/uploads\/photo-gallery\/soreze\/thumb\/20260331_155101.jpg?bwg=1777225709\"                 data-width=\"224.00\"                 data-height=\"300.00\"                 alt=\"20260331 155101\"                 title=\"20260331 155101\" \/>                      <\/div>        <\/a>                <a  class=\"bwg-a bwg_lightbox bwg_lightbox_1\" href=\"https:\/\/www.rabelais32.org\/wp-content\/uploads\/photo-gallery\/soreze\/20260331_155418.jpg?bwg=1777225709\" data-image-id=\"8241\" data-elementor-open-lightbox=\"no\">          <div class=\"bwg_mosaic_thumb_spun_1 bwg-item0 bwg-mosaic-thumb-span \">            <img decoding=\"async\" class=\"bwg_mosaic_thumb_1 skip-lazy bwg_img_clear bwg_img_custom \"                 id=\"8241\"                 src=\"https:\/\/www.rabelais32.org\/wp-content\/uploads\/photo-gallery\/soreze\/thumb\/20260331_155418.jpg?bwg=1777225709\"                 data-src=\"https:\/\/www.rabelais32.org\/wp-content\/uploads\/photo-gallery\/soreze\/thumb\/20260331_155418.jpg?bwg=1777225709\"                 data-width=\"225.00\"                 data-height=\"300.00\"                 alt=\"20260331 155418\"                 title=\"20260331 155418\" \/>                      <\/div>        <\/a>                <a  class=\"bwg-a bwg_lightbox bwg_lightbox_1\" href=\"https:\/\/www.rabelais32.org\/wp-content\/uploads\/photo-gallery\/soreze\/20260331_160904.jpg?bwg=1777225709\" data-image-id=\"8242\" data-elementor-open-lightbox=\"no\">          <div class=\"bwg_mosaic_thumb_spun_1 bwg-item0 bwg-mosaic-thumb-span \">            <img decoding=\"async\" class=\"bwg_mosaic_thumb_1 skip-lazy bwg_img_clear bwg_img_custom \"                 id=\"8242\"                 src=\"https:\/\/www.rabelais32.org\/wp-content\/uploads\/photo-gallery\/soreze\/thumb\/20260331_160904.jpg?bwg=1777225709\"                 data-src=\"https:\/\/www.rabelais32.org\/wp-content\/uploads\/photo-gallery\/soreze\/thumb\/20260331_160904.jpg?bwg=1777225709\"                 data-width=\"279.00\"                 data-height=\"300.00\"                 alt=\"20260331 160904\"                 title=\"20260331 160904\" \/>                      <\/div>        <\/a>                <a  class=\"bwg-a bwg_lightbox bwg_lightbox_1\" href=\"https:\/\/www.rabelais32.org\/wp-content\/uploads\/photo-gallery\/soreze\/20260331_161116.jpg?bwg=1777225709\" data-image-id=\"8243\" data-elementor-open-lightbox=\"no\">          <div class=\"bwg_mosaic_thumb_spun_1 bwg-item0 bwg-mosaic-thumb-span \">            <img decoding=\"async\" class=\"bwg_mosaic_thumb_1 skip-lazy bwg_img_clear bwg_img_custom \"                 id=\"8243\"                 src=\"https:\/\/www.rabelais32.org\/wp-content\/uploads\/photo-gallery\/soreze\/thumb\/20260331_161116.jpg?bwg=1777225709\"                 data-src=\"https:\/\/www.rabelais32.org\/wp-content\/uploads\/photo-gallery\/soreze\/thumb\/20260331_161116.jpg?bwg=1777225709\"                 data-width=\"300.00\"                 data-height=\"249.00\"                 alt=\"20260331 161116\"                 title=\"20260331 161116\" \/>                      <\/div>        <\/a>                <a  class=\"bwg-a bwg_lightbox bwg_lightbox_1\" href=\"https:\/\/www.rabelais32.org\/wp-content\/uploads\/photo-gallery\/soreze\/20260331_161456.jpg?bwg=1777225709\" data-image-id=\"8244\" data-elementor-open-lightbox=\"no\">          <div class=\"bwg_mosaic_thumb_spun_1 bwg-item0 bwg-mosaic-thumb-span \">            <img decoding=\"async\" class=\"bwg_mosaic_thumb_1 skip-lazy bwg_img_clear bwg_img_custom \"                 id=\"8244\"                 src=\"https:\/\/www.rabelais32.org\/wp-content\/uploads\/photo-gallery\/soreze\/thumb\/20260331_161456.jpg?bwg=1777225709\"                 data-src=\"https:\/\/www.rabelais32.org\/wp-content\/uploads\/photo-gallery\/soreze\/thumb\/20260331_161456.jpg?bwg=1777225709\"                 data-width=\"300.00\"                 data-height=\"240.00\"                 alt=\"20260331 161456\"                 title=\"20260331 161456\" \/>                      <\/div>        <\/a>                <a  class=\"bwg-a bwg_lightbox bwg_lightbox_1\" href=\"https:\/\/www.rabelais32.org\/wp-content\/uploads\/photo-gallery\/soreze\/20260331_161558.jpg?bwg=1777225709\" data-image-id=\"8245\" data-elementor-open-lightbox=\"no\">          <div class=\"bwg_mosaic_thumb_spun_1 bwg-item0 bwg-mosaic-thumb-span \">            <img decoding=\"async\" class=\"bwg_mosaic_thumb_1 skip-lazy bwg_img_clear bwg_img_custom \"                 id=\"8245\"                 src=\"https:\/\/www.rabelais32.org\/wp-content\/uploads\/photo-gallery\/soreze\/thumb\/20260331_161558.jpg?bwg=1777225709\"                 data-src=\"https:\/\/www.rabelais32.org\/wp-content\/uploads\/photo-gallery\/soreze\/thumb\/20260331_161558.jpg?bwg=1777225709\"                 data-width=\"220.00\"                 data-height=\"300.00\"                 alt=\"20260331 161558\"                 title=\"20260331 161558\" \/>                      <\/div>        <\/a>                <a  class=\"bwg-a bwg_lightbox bwg_lightbox_1\" href=\"https:\/\/www.rabelais32.org\/wp-content\/uploads\/photo-gallery\/soreze\/20260331_161655.jpg?bwg=1777225709\" data-image-id=\"8246\" data-elementor-open-lightbox=\"no\">          <div class=\"bwg_mosaic_thumb_spun_1 bwg-item0 bwg-mosaic-thumb-span \">            <img decoding=\"async\" class=\"bwg_mosaic_thumb_1 skip-lazy bwg_img_clear bwg_img_custom \"                 id=\"8246\"                 src=\"https:\/\/www.rabelais32.org\/wp-content\/uploads\/photo-gallery\/soreze\/thumb\/20260331_161655.jpg?bwg=1777225709\"                 data-src=\"https:\/\/www.rabelais32.org\/wp-content\/uploads\/photo-gallery\/soreze\/thumb\/20260331_161655.jpg?bwg=1777225709\"                 data-width=\"232.00\"                 data-height=\"300.00\"                 alt=\"20260331 161655\"                 title=\"20260331 161655\" \/>                      <\/div>        <\/a>                <a  class=\"bwg-a bwg_lightbox bwg_lightbox_1\" href=\"https:\/\/www.rabelais32.org\/wp-content\/uploads\/photo-gallery\/soreze\/20260331_16203511-Copier.jpg?bwg=1777225709\" data-image-id=\"8247\" data-elementor-open-lightbox=\"no\">          <div class=\"bwg_mosaic_thumb_spun_1 bwg-item0 bwg-mosaic-thumb-span \">            <img decoding=\"async\" class=\"bwg_mosaic_thumb_1 skip-lazy bwg_img_clear bwg_img_custom \"                 id=\"8247\"                 src=\"https:\/\/www.rabelais32.org\/wp-content\/uploads\/photo-gallery\/soreze\/thumb\/20260331_16203511-Copier.jpg?bwg=1777225709\"                 data-src=\"https:\/\/www.rabelais32.org\/wp-content\/uploads\/photo-gallery\/soreze\/thumb\/20260331_16203511-Copier.jpg?bwg=1777225709\"                 data-width=\"225.00\"                 data-height=\"300.00\"                 alt=\"20260331 16203511-Copier\"                 title=\"20260331 16203511-Copier\" \/>                      <\/div>        <\/a>                <a  class=\"bwg-a bwg_lightbox bwg_lightbox_1\" href=\"https:\/\/www.rabelais32.org\/wp-content\/uploads\/photo-gallery\/soreze\/20260331_162045-Copier.jpg?bwg=1777225709\" data-image-id=\"8248\" data-elementor-open-lightbox=\"no\">          <div class=\"bwg_mosaic_thumb_spun_1 bwg-item0 bwg-mosaic-thumb-span \">            <img decoding=\"async\" class=\"bwg_mosaic_thumb_1 skip-lazy bwg_img_clear bwg_img_custom \"                 id=\"8248\"                 src=\"https:\/\/www.rabelais32.org\/wp-content\/uploads\/photo-gallery\/soreze\/thumb\/20260331_162045-Copier.jpg?bwg=1777225709\"                 data-src=\"https:\/\/www.rabelais32.org\/wp-content\/uploads\/photo-gallery\/soreze\/thumb\/20260331_162045-Copier.jpg?bwg=1777225709\"                 data-width=\"300.00\"                 data-height=\"225.00\"                 alt=\"20260331 162045-Copier\"                 title=\"20260331 162045-Copier\" \/>                      <\/div>        <\/a>                <a  class=\"bwg-a bwg_lightbox bwg_lightbox_1\" href=\"https:\/\/www.rabelais32.org\/wp-content\/uploads\/photo-gallery\/soreze\/20260331_162318.jpg?bwg=1777225709\" data-image-id=\"8249\" data-elementor-open-lightbox=\"no\">          <div class=\"bwg_mosaic_thumb_spun_1 bwg-item0 bwg-mosaic-thumb-span \">            <img decoding=\"async\" class=\"bwg_mosaic_thumb_1 skip-lazy bwg_img_clear bwg_img_custom \"                 id=\"8249\"                 src=\"https:\/\/www.rabelais32.org\/wp-content\/uploads\/photo-gallery\/soreze\/thumb\/20260331_162318.jpg?bwg=1777225709\"                 data-src=\"https:\/\/www.rabelais32.org\/wp-content\/uploads\/photo-gallery\/soreze\/thumb\/20260331_162318.jpg?bwg=1777225709\"                 data-width=\"264.00\"                 data-height=\"300.00\"                 alt=\"20260331 162318\"                 title=\"20260331 162318\" \/>                      <\/div>        <\/a>                <a  class=\"bwg-a bwg_lightbox bwg_lightbox_1\" href=\"https:\/\/www.rabelais32.org\/wp-content\/uploads\/photo-gallery\/soreze\/20260331_162239.jpg?bwg=1777225709\" data-image-id=\"8250\" data-elementor-open-lightbox=\"no\">          <div class=\"bwg_mosaic_thumb_spun_1 bwg-item0 bwg-mosaic-thumb-span \">            <img decoding=\"async\" class=\"bwg_mosaic_thumb_1 skip-lazy bwg_img_clear bwg_img_custom \"                 id=\"8250\"                 src=\"https:\/\/www.rabelais32.org\/wp-content\/uploads\/photo-gallery\/soreze\/thumb\/20260331_162239.jpg?bwg=1777225709\"                 data-src=\"https:\/\/www.rabelais32.org\/wp-content\/uploads\/photo-gallery\/soreze\/thumb\/20260331_162239.jpg?bwg=1777225709\"                 data-width=\"300.00\"                 data-height=\"250.00\"                 alt=\"20260331 162239\"                 title=\"20260331 162239\" \/>                      <\/div>        <\/a>                <a  class=\"bwg-a bwg_lightbox bwg_lightbox_1\" href=\"https:\/\/www.rabelais32.org\/wp-content\/uploads\/photo-gallery\/soreze\/20260331_162354.jpg?bwg=1777225709\" data-image-id=\"8251\" data-elementor-open-lightbox=\"no\">          <div class=\"bwg_mosaic_thumb_spun_1 bwg-item0 bwg-mosaic-thumb-span \">            <img decoding=\"async\" class=\"bwg_mosaic_thumb_1 skip-lazy bwg_img_clear bwg_img_custom \"                 id=\"8251\"                 src=\"https:\/\/www.rabelais32.org\/wp-content\/uploads\/photo-gallery\/soreze\/thumb\/20260331_162354.jpg?bwg=1777225709\"                 data-src=\"https:\/\/www.rabelais32.org\/wp-content\/uploads\/photo-gallery\/soreze\/thumb\/20260331_162354.jpg?bwg=1777225709\"                 data-width=\"300.00\"                 data-height=\"227.00\"                 alt=\"20260331 162354\"                 title=\"20260331 162354\" \/>                      <\/div>        <\/a>                <a  class=\"bwg-a bwg_lightbox bwg_lightbox_1\" href=\"https:\/\/www.rabelais32.org\/wp-content\/uploads\/photo-gallery\/soreze\/20260331_164655.jpg?bwg=1777225709\" data-image-id=\"8252\" data-elementor-open-lightbox=\"no\">          <div class=\"bwg_mosaic_thumb_spun_1 bwg-item0 bwg-mosaic-thumb-span \">            <img decoding=\"async\" class=\"bwg_mosaic_thumb_1 skip-lazy bwg_img_clear bwg_img_custom \"                 id=\"8252\"                 src=\"https:\/\/www.rabelais32.org\/wp-content\/uploads\/photo-gallery\/soreze\/thumb\/20260331_164655.jpg?bwg=1777225709\"                 data-src=\"https:\/\/www.rabelais32.org\/wp-content\/uploads\/photo-gallery\/soreze\/thumb\/20260331_164655.jpg?bwg=1777225709\"                 data-width=\"247.00\"                 data-height=\"300.00\"                 alt=\"20260331 164655\"                 title=\"20260331 164655\" \/>                      <\/div>        <\/a>                <a  class=\"bwg-a bwg_lightbox bwg_lightbox_1\" href=\"https:\/\/www.rabelais32.org\/wp-content\/uploads\/photo-gallery\/soreze\/20260331_164818.jpg?bwg=1777225709\" data-image-id=\"8253\" data-elementor-open-lightbox=\"no\">          <div class=\"bwg_mosaic_thumb_spun_1 bwg-item0 bwg-mosaic-thumb-span \">            <img decoding=\"async\" class=\"bwg_mosaic_thumb_1 skip-lazy bwg_img_clear bwg_img_custom \"                 id=\"8253\"                 src=\"https:\/\/www.rabelais32.org\/wp-content\/uploads\/photo-gallery\/soreze\/thumb\/20260331_164818.jpg?bwg=1777225709\"                 data-src=\"https:\/\/www.rabelais32.org\/wp-content\/uploads\/photo-gallery\/soreze\/thumb\/20260331_164818.jpg?bwg=1777225709\"                 data-width=\"225.00\"                 data-height=\"300.00\"                 alt=\"20260331 164818\"                 title=\"20260331 164818\" \/>                      <\/div>        <\/a>                <a  class=\"bwg-a bwg_lightbox bwg_lightbox_1\" href=\"https:\/\/www.rabelais32.org\/wp-content\/uploads\/photo-gallery\/soreze\/20260331_164839.jpg?bwg=1777225709\" data-image-id=\"8254\" data-elementor-open-lightbox=\"no\">          <div class=\"bwg_mosaic_thumb_spun_1 bwg-item0 bwg-mosaic-thumb-span \">            <img decoding=\"async\" class=\"bwg_mosaic_thumb_1 skip-lazy bwg_img_clear bwg_img_custom \"                 id=\"8254\"                 src=\"https:\/\/www.rabelais32.org\/wp-content\/uploads\/photo-gallery\/soreze\/thumb\/20260331_164839.jpg?bwg=1777225709\"                 data-src=\"https:\/\/www.rabelais32.org\/wp-content\/uploads\/photo-gallery\/soreze\/thumb\/20260331_164839.jpg?bwg=1777225709\"                 data-width=\"225.00\"                 data-height=\"300.00\"                 alt=\"20260331 164839\"                 title=\"20260331 164839\" \/>                      <\/div>        <\/a>                <a  class=\"bwg-a bwg_lightbox bwg_lightbox_1\" href=\"https:\/\/www.rabelais32.org\/wp-content\/uploads\/photo-gallery\/soreze\/20260331_164925-Copier.jpg?bwg=1777225709\" data-image-id=\"8255\" data-elementor-open-lightbox=\"no\">          <div class=\"bwg_mosaic_thumb_spun_1 bwg-item0 bwg-mosaic-thumb-span \">            <img decoding=\"async\" class=\"bwg_mosaic_thumb_1 skip-lazy bwg_img_clear bwg_img_custom \"                 id=\"8255\"                 src=\"https:\/\/www.rabelais32.org\/wp-content\/uploads\/photo-gallery\/soreze\/thumb\/20260331_164925-Copier.jpg?bwg=1777225709\"                 data-src=\"https:\/\/www.rabelais32.org\/wp-content\/uploads\/photo-gallery\/soreze\/thumb\/20260331_164925-Copier.jpg?bwg=1777225709\"                 data-width=\"300.00\"                 data-height=\"225.00\"                 alt=\"20260331 164925-Copier\"                 title=\"20260331 164925-Copier\" \/>                      <\/div>        <\/a>                <a  class=\"bwg-a bwg_lightbox bwg_lightbox_1\" href=\"https:\/\/www.rabelais32.org\/wp-content\/uploads\/photo-gallery\/soreze\/20260331_1653441-Copier.jpg?bwg=1777225709\" data-image-id=\"8256\" data-elementor-open-lightbox=\"no\">          <div class=\"bwg_mosaic_thumb_spun_1 bwg-item0 bwg-mosaic-thumb-span \">            <img decoding=\"async\" class=\"bwg_mosaic_thumb_1 skip-lazy bwg_img_clear bwg_img_custom \"                 id=\"8256\"                 src=\"https:\/\/www.rabelais32.org\/wp-content\/uploads\/photo-gallery\/soreze\/thumb\/20260331_1653441-Copier.jpg?bwg=1777225709\"                 data-src=\"https:\/\/www.rabelais32.org\/wp-content\/uploads\/photo-gallery\/soreze\/thumb\/20260331_1653441-Copier.jpg?bwg=1777225709\"                 data-width=\"300.00\"                 data-height=\"225.00\"                 alt=\"20260331 1653441-Copier\"                 title=\"20260331 1653441-Copier\" \/>                      <\/div>        <\/a>                <a  class=\"bwg-a bwg_lightbox bwg_lightbox_1\" href=\"https:\/\/www.rabelais32.org\/wp-content\/uploads\/photo-gallery\/soreze\/20260331_165353-Copier.jpg?bwg=1777225709\" data-image-id=\"8257\" data-elementor-open-lightbox=\"no\">          <div class=\"bwg_mosaic_thumb_spun_1 bwg-item0 bwg-mosaic-thumb-span \">            <img decoding=\"async\" class=\"bwg_mosaic_thumb_1 skip-lazy bwg_img_clear bwg_img_custom \"                 id=\"8257\"                 src=\"https:\/\/www.rabelais32.org\/wp-content\/uploads\/photo-gallery\/soreze\/thumb\/20260331_165353-Copier.jpg?bwg=1777225709\"                 data-src=\"https:\/\/www.rabelais32.org\/wp-content\/uploads\/photo-gallery\/soreze\/thumb\/20260331_165353-Copier.jpg?bwg=1777225709\"                 data-width=\"300.00\"                 data-height=\"225.00\"                 alt=\"20260331 165353-Copier\"                 title=\"20260331 165353-Copier\" \/>                      <\/div>        <\/a>                <a  class=\"bwg-a bwg_lightbox bwg_lightbox_1\" href=\"https:\/\/www.rabelais32.org\/wp-content\/uploads\/photo-gallery\/soreze\/20260331_165441-Copier.jpg?bwg=1777225709\" data-image-id=\"8258\" data-elementor-open-lightbox=\"no\">          <div class=\"bwg_mosaic_thumb_spun_1 bwg-item0 bwg-mosaic-thumb-span \">            <img decoding=\"async\" class=\"bwg_mosaic_thumb_1 skip-lazy bwg_img_clear bwg_img_custom \"                 id=\"8258\"                 src=\"https:\/\/www.rabelais32.org\/wp-content\/uploads\/photo-gallery\/soreze\/thumb\/20260331_165441-Copier.jpg?bwg=1777225709\"                 data-src=\"https:\/\/www.rabelais32.org\/wp-content\/uploads\/photo-gallery\/soreze\/thumb\/20260331_165441-Copier.jpg?bwg=1777225709\"                 data-width=\"300.00\"                 data-height=\"225.00\"                 alt=\"20260331 165441-Copier\"                 title=\"20260331 165441-Copier\" \/>                      <\/div>        <\/a>            <\/div>    <\/div>    <style>      \/*pagination styles*\/      #bwg_container1_1 #bwg_container2_1 .tablenav-pages_1 {\t\t\t\ttext-align: center;\t\t\t\tfont-size: 12px;\t\t\t\tfont-family: segoe ui;\t\t\t\tfont-weight: bold;\t\t\t\tcolor: #666666;\t\t\t\tmargin: 6px 0 4px;\t\t\t\tdisplay: block;      }      @media only screen and (max-width : 320px) {      #bwg_container1_1 #bwg_container2_1 .displaying-num_1 {     \t display: none;      }      }      #bwg_container1_1 #bwg_container2_1 .displaying-num_1 {\t\t\t\tfont-size: 12px;\t\t\t\tfont-family: segoe ui;\t\t\t\tfont-weight: bold;\t\t\t\tcolor: #666666;\t\t\t\tmargin-right: 10px;\t\t\t\tvertical-align: middle;      }      #bwg_container1_1 #bwg_container2_1 .paging-input_1 {\t\t\t\tfont-size: 12px;\t\t\t\tfont-family: segoe ui;\t\t\t\tfont-weight: bold;\t\t\t\tcolor: #666666;\t\t\t\tvertical-align: middle;      }      #bwg_container1_1 #bwg_container2_1 .tablenav-pages_1 a.disabled,      #bwg_container1_1 #bwg_container2_1 .tablenav-pages_1 a.disabled:hover,      #bwg_container1_1 #bwg_container2_1 .tablenav-pages_1 a.disabled:focus,\t\t\t#bwg_container1_1 #bwg_container2_1 .tablenav-pages_1 input.bwg_current_page {\t\t\t\tcursor: default;\t\t\t\tcolor: rgba(102, 102, 102, 0.5);      }      #bwg_container1_1 #bwg_container2_1 .tablenav-pages_1 a,      #bwg_container1_1 #bwg_container2_1 .tablenav-pages_1 input.bwg_current_page {\t\t\t\tcursor: pointer;\t\t\t\ttext-align: center;\t\t\t\tfont-size: 12px;\t\t\t\tfont-family: segoe ui;\t\t\t\tfont-weight: bold;\t\t\t\tcolor: #666666;\t\t\t\ttext-decoration: none;\t\t\t\tpadding: 3px 6px;\t\t\t\tmargin: 0;\t\t\t\tborder-radius: 0;\t\t\t\tborder-style: none;\t\t\t\tborder-width: 1px;\t\t\t\tborder-color: #E3E3E3;\t\t\t\t\t\t\t\tbackground-color: rgba(252, 252, 252, 1.00);\t\t\t\tbox-shadow: 0;\t\t\t\ttransition: all 0.3s ease 0s;-webkit-transition: all 0.3s ease 0s;      }      <\/style>      <span class=\"bwg_nav_cont_1\">              <div class=\"tablenav-pages_1\">                  <\/div>                <input type=\"hidden\" id=\"page_number_1\" name=\"page_number_1\" value=\"1\" \/>      <script type=\"text\/javascript\">        if( jQuery('.bwg_nav_cont_1').length > 1 ) {          jQuery('.bwg_nav_cont_1').first().remove()        }        function spider_page_1(cur, x, y, load_more) {          if (typeof load_more == \"undefined\") {            var load_more = false;          }          if (jQuery(cur).hasClass('disabled')) {            return false;          }          var items_county_1 = 1;          switch (y) {            case 1:              if (x >= items_county_1) {                document.getElementById('page_number_1').value = items_county_1;              }              else {                document.getElementById('page_number_1').value = x + 1;              }              break;            case 2:              document.getElementById('page_number_1').value = items_county_1;              break;            case -1:              if (x == 1) {                document.getElementById('page_number_1').value = 1;              }              else {                document.getElementById('page_number_1').value = x - 1;              }              break;            case -2:              document.getElementById('page_number_1').value = 1;              break;\t\t\t\t\t\tcase 0:              document.getElementById('page_number_1').value = x;              break;            default:              document.getElementById('page_number_1').value = 1;          }          bwg_ajax('gal_front_form_1', '1', 'bwg_thumbnails_mosaic_1', '0', '', 'gallery', 0, '', '', load_more, '', 1);        }                    jQuery('.first-page-1').on('click', function () {              spider_page_1(this, 1, -2, 'numeric');              return false;            });            jQuery('.prev-page-1').on('click', function () {              spider_page_1(this, 1, -1, 'numeric');              return false;            });            jQuery('.next-page-1').on('click', function () {              spider_page_1(this, 1, 1, 'numeric');              return false;            });            jQuery('.last-page-1').on('click', function () {              spider_page_1(this, 1, 2, 'numeric');              return false;            });        \t\t\t\t\/* Change page on input enter. *\/        function bwg_change_page_1( e, that ) {          if (  e.key == 'Enter' ) {            var to_page = parseInt(jQuery(that).val());            var pages_count = jQuery(that).parents(\".pagination-links\").data(\"pages-count\");            var current_url_param = jQuery(that).attr('data-url-info');            if (to_page > pages_count) {              to_page = 1;            }\t \t\t\t\t\t\t\t\t\t\t\t\tspider_page_1(this, to_page, 0, 'numeric');\t\t\t\t\t\t\treturn false;\t\t\t\t\t\t          }          return true;        }        jQuery('.bwg_load_btn_1').on('click', function () {            spider_page_1(this, 1, 1, true);            return false;        });      <\/script>      <\/span>                <\/div>        <\/form>        <style>          #bwg_container1_1 #bwg_container2_1 #spider_popup_overlay_1 {          background-color: #000000;          opacity: 0.70;          }          <\/style>        <div id=\"bwg_spider_popup_loading_1\" class=\"bwg_spider_popup_loading\"><\/div>        <div id=\"spider_popup_overlay_1\" class=\"spider_popup_overlay\" onclick=\"spider_destroypopup(1000)\"><\/div>        <input type=\"hidden\" id=\"bwg_random_seed_1\" value=\"909450380\">                <\/div>    <\/div>    <script>      if (document.readyState === 'complete') {        if( typeof bwg_main_ready == 'function' ) {          if ( jQuery(\"#bwg_container1_1\").height() ) {            bwg_main_ready(jQuery(\"#bwg_container1_1\"));          }        }      } else {        document.addEventListener('DOMContentLoaded', function() {          if( typeof bwg_main_ready == 'function' ) {            if ( jQuery(\"#bwg_container1_1\").height() ) {             bwg_main_ready(jQuery(\"#bwg_container1_1\"));            }          }        });      }    <\/script>    \n<p style=\"text-align: left;\">\n","protected":false},"excerpt":{"rendered":"<p>&nbsp; CASTRES : En cette fra\u00eeche\u00a0 matin\u00e9e du 30 mars, nous partons\u00a0 vers la sous pr\u00e9fecture du d\u00e9partement du Tarn, Castres, la ville natale de Jean Jaur\u00e8s. Si les\u00a0 maisons\u00a0\u00a0 des tisserands, teinturiers, tanneurs, chamoiseurs et parcheminiers construites en bordure &hellip; <a href=\"https:\/\/www.rabelais32.org\/index.php\/2026\/04\/26\/castres-sorreze-30-mars-2026\/\">Lire la suite\u00ad\u00ad<\/a><\/p>\n","protected":false},"author":1,"featured_media":16128,"comment_status":"open","ping_status":"closed","sticky":false,"template":"","format":"standard","meta":{"footnotes":""},"categories":[19,21],"tags":[],"class_list":["post-16092","post","type-post","status-publish","format-standard","has-post-thumbnail","hentry","category-a-partager","category-sorties"],"_links":{"self":[{"href":"https:\/\/www.rabelais32.org\/index.php\/wp-json\/wp\/v2\/posts\/16092","targetHints":{"allow":["GET"]}}],"collection":[{"href":"https:\/\/www.rabelais32.org\/index.php\/wp-json\/wp\/v2\/posts"}],"about":[{"href":"https:\/\/www.rabelais32.org\/index.php\/wp-json\/wp\/v2\/types\/post"}],"author":[{"embeddable":true,"href":"https:\/\/www.rabelais32.org\/index.php\/wp-json\/wp\/v2\/users\/1"}],"replies":[{"embeddable":true,"href":"https:\/\/www.rabelais32.org\/index.php\/wp-json\/wp\/v2\/comments?post=16092"}],"version-history":[{"count":11,"href":"https:\/\/www.rabelais32.org\/index.php\/wp-json\/wp\/v2\/posts\/16092\/revisions"}],"predecessor-version":[{"id":16127,"href":"https:\/\/www.rabelais32.org\/index.php\/wp-json\/wp\/v2\/posts\/16092\/revisions\/16127"}],"wp:featuredmedia":[{"embeddable":true,"href":"https:\/\/www.rabelais32.org\/index.php\/wp-json\/wp\/v2\/media\/16128"}],"wp:attachment":[{"href":"https:\/\/www.rabelais32.org\/index.php\/wp-json\/wp\/v2\/media?parent=16092"}],"wp:term":[{"taxonomy":"category","embeddable":true,"href":"https:\/\/www.rabelais32.org\/index.php\/wp-json\/wp\/v2\/categories?post=16092"},{"taxonomy":"post_tag","embeddable":true,"href":"https:\/\/www.rabelais32.org\/index.php\/wp-json\/wp\/v2\/tags?post=16092"}],"curies":[{"name":"wp","href":"https:\/\/api.w.org\/{rel}","templated":true}]}}