{"id":15108,"date":"2025-04-16T10:36:52","date_gmt":"2025-04-16T08:36:52","guid":{"rendered":"https:\/\/www.rabelais32.org\/?p=15108"},"modified":"2025-04-16T21:35:40","modified_gmt":"2025-04-16T19:35:40","slug":"sortie-montauban-le-8-avril-2025","status":"publish","type":"post","link":"https:\/\/www.rabelais32.org\/index.php\/2025\/04\/16\/sortie-montauban-le-8-avril-2025\/","title":{"rendered":"Sortie Montauban le 8 avril 2025"},"content":{"rendered":"<p><a href=\"https:\/\/www.rabelais32.org\/wp-content\/uploads\/2025\/04\/Annotation-2025-04-13-140904.jpg\" target=\"_blank\" rel=\"noopener\"><img loading=\"lazy\" decoding=\"async\" class=\"wp-image-15114 alignleft\" src=\"https:\/\/www.rabelais32.org\/wp-content\/uploads\/2025\/04\/Annotation-2025-04-13-140904-300x189.jpg\" alt=\"\" width=\"223\" height=\"141\" srcset=\"https:\/\/www.rabelais32.org\/wp-content\/uploads\/2025\/04\/Annotation-2025-04-13-140904-300x189.jpg 300w, https:\/\/www.rabelais32.org\/wp-content\/uploads\/2025\/04\/Annotation-2025-04-13-140904-768x483.jpg 768w, https:\/\/www.rabelais32.org\/wp-content\/uploads\/2025\/04\/Annotation-2025-04-13-140904-80x50.jpg 80w, https:\/\/www.rabelais32.org\/wp-content\/uploads\/2025\/04\/Annotation-2025-04-13-140904.jpg 812w\" sizes=\"auto, (max-width: 223px) 100vw, 223px\" \/><\/a><a href=\"https:\/\/www.rabelais32.org\/wp-content\/uploads\/2025\/04\/Place-Nationale.jpg\" target=\"_blank\" rel=\"noopener\"><img loading=\"lazy\" decoding=\"async\" class=\"wp-image-15115 alignright\" src=\"https:\/\/www.rabelais32.org\/wp-content\/uploads\/2025\/04\/Place-Nationale-300x200.jpg\" alt=\"\" width=\"216\" height=\"144\" srcset=\"https:\/\/www.rabelais32.org\/wp-content\/uploads\/2025\/04\/Place-Nationale-300x200.jpg 300w, https:\/\/www.rabelais32.org\/wp-content\/uploads\/2025\/04\/Place-Nationale.jpg 755w\" sizes=\"auto, (max-width: 216px) 100vw, 216px\" \/><\/a>En route ce matin vers cette ancienne bastide du Tarn et Garonne fond\u00e9e en 1144 par le Comte de Toulouse Alphonse Jourdain, \u00ab\u00a0Montalba\u00a0\u00bb, le Mont Blanc, nom\u00a0 qui deviendra, Montauban.<\/p>\n<div id=\"io-ox-screens\" class=\"abs\">\n<div id=\"io-ox-windowmanager\" class=\"abs\">\n<div id=\"io-ox-windowmanager-pane\" class=\"atb\">\n<div id=\"window-0\" class=\"window-container io-ox-mail-window chromeless-window\" data-window-nr=\"0\" data-app-name=\"io.ox\/mail\">\n<div class=\"window-container-center\">\n<div class=\"window-body classic-toolbar-visible\" role=\"main\" aria-label=\"Fen\u00eatre principale\">\n<div class=\"abs window-content vsplit preview-none\">\n<div class=\"rightside mail-detail-pane selection-one preview-visible\" role=\"complementary\" data-page-id=\"io.ox\/mail\/detailView\" aria-label=\"D\u00e9tails du message\">\n<div class=\"thread-view-control back-navigation-visible\">\n<div class=\"thread-view-list scrollable abs\">\n<div class=\"thread-view list-view\">\n<article class=\"list-item mail-item mail-detail f6-target expanded\" tabindex=\"1\" data-cid=\"default0\/INBOX.165773\" aria-expanded=\"true\" data-loaded=\"true\">\n<div class=\"content noI18n\">\n<div id=\"ox-4f7dc18e9f\">\n<p>Quelques rappels historiques retra\u00e7ant bri\u00e8vement l&rsquo;histoire de la ville.<\/p>\n<p>Situ\u00e9e entre Toulouse et Cahors, la bastide devient rapidement une ville importante. De l&rsquo;\u00e9poque m\u00e9di\u00e9vale, ne subsistent qu&rsquo;une salle gothique du ch\u00e2teau comtal, l&rsquo;\u00e9glise Saint Jacques et son magnifique clocher octogonal \u00e0 base fortifi\u00e9e que nous contournerons pour rejoindre la Place Nationale, remarquable place \u00e0 double trav\u00e9es d&rsquo;arcades.<\/p>\n<p>Au d\u00e9but du XIV\u00b0, Montauban est en pleine expansion \u00e9conomique. La guerre de 100 ans et la Peste Noire vont freiner brutalement cet essor.<\/p>\n<p>Pendant les guerres de religion, la ville, fief de la r\u00e9sistance protestante, affirme son caract\u00e8re face \u00e0 la puissance r\u00e9galienne catholique, mais en 1629, Richelieu y r\u00e9tablit le culte catholique et les Montalbanais doivent se soumettre.<\/p>\n<p>A la R\u00e9volution, la bastide b\u00e9n\u00e9ficie d&rsquo;un nouvel \u00e9lan avec le d\u00e9veloppement industriel et en 1808 devient chef lieu d&rsquo;un d\u00e9partement nouvellement cr\u00e9\u00e9 par Napol\u00e9on, le Tarn et Garonne.<\/p>\n<p>Si au cours du XIX\u00b0 le d\u00e9clin industriel ternit son rayonnement, elle reste cependant un centre administratif et agricole. Ville d&rsquo;art et d&rsquo;histoire, Montauban est surtout connu pour \u00eatre la ville natale d&rsquo;Ingres et de Bourdelle.<\/p>\n<p><a href=\"https:\/\/www.rabelais32.org\/wp-content\/uploads\/2025\/04\/20250408_102741-rotated.jpg\" target=\"_blank\" rel=\"noopener\"><img loading=\"lazy\" decoding=\"async\" class=\" wp-image-15120 alignright\" src=\"https:\/\/www.rabelais32.org\/wp-content\/uploads\/2025\/04\/20250408_102741-300x225.jpg\" alt=\"\" width=\"208\" height=\"156\" srcset=\"https:\/\/www.rabelais32.org\/wp-content\/uploads\/2025\/04\/20250408_102741-300x225.jpg 300w, https:\/\/www.rabelais32.org\/wp-content\/uploads\/2025\/04\/20250408_102741-768x576.jpg 768w, https:\/\/www.rabelais32.org\/wp-content\/uploads\/2025\/04\/20250408_102741-rotated.jpg 1024w\" sizes=\"auto, (max-width: 208px) 100vw, 208px\" \/><\/a><a href=\"https:\/\/www.rabelais32.org\/wp-content\/uploads\/2025\/04\/facade-du-musee-ingres.jpg\" target=\"_blank\" rel=\"noopener\"><img loading=\"lazy\" decoding=\"async\" class=\" wp-image-15117 alignleft\" src=\"https:\/\/www.rabelais32.org\/wp-content\/uploads\/2025\/04\/facade-du-musee-ingres-300x167.jpg\" alt=\"\" width=\"239\" height=\"133\" srcset=\"https:\/\/www.rabelais32.org\/wp-content\/uploads\/2025\/04\/facade-du-musee-ingres-300x167.jpg 300w, https:\/\/www.rabelais32.org\/wp-content\/uploads\/2025\/04\/facade-du-musee-ingres-768x427.jpg 768w, https:\/\/www.rabelais32.org\/wp-content\/uploads\/2025\/04\/facade-du-musee-ingres.jpg 900w\" sizes=\"auto, (max-width: 239px) 100vw, 239px\" \/><\/a>Nous arrivons d&rsquo;ailleurs devant les portes du mus\u00e9e \u00ab\u00a0Ingres-Bourdelle\u00a0\u00bb baptis\u00e9 du nom des deux enfants prodiges du pays. Avec notre guide, Ir\u00e8ne, nous d\u00e9couvrons cet immense \u00e9difice. Ouvert en 1851, le mus\u00e9e s&rsquo;agrandira progressivement dans l&rsquo;ancien palais \u00e9piscopal construit au XVII\u00b0 par l&rsquo;\u00e9v\u00eaque de Montauban, Pierre III de Berthier. De la brique rose de la fa\u00e7ade, sur le cadre surmontant le portail de l&rsquo;escalier d&rsquo;honneur, se d\u00e9tache une pierre blanche sculpt\u00e9e aux armes de l&rsquo;\u00e9v\u00eaque : le taureau furieux symbolise la puissance &#8230;<\/p>\n<p>Jusqu&rsquo;en 1869 le mus\u00e9e ne dispose pas de l&rsquo;ensemble du b\u00e2timent, l&rsquo;h\u00f4tel de ville occupant toujours une partie de l&rsquo;\u00e9difice. Apr\u00e8s de nombreux travaux d&rsquo;am\u00e9nagement, le mus\u00e9e sera inaugur\u00e9 dans sa nouvelle pr\u00e9sentation le 5 octobre 1913.<\/p>\n<p><a href=\"https:\/\/www.rabelais32.org\/wp-content\/uploads\/2025\/04\/Ingres-pere.jpg\" target=\"_blank\" rel=\"noopener\"><img loading=\"lazy\" decoding=\"async\" class=\" wp-image-15123 alignleft\" src=\"https:\/\/www.rabelais32.org\/wp-content\/uploads\/2025\/04\/Ingres-pere-249x300.jpg\" alt=\"\" width=\"188\" height=\"227\" srcset=\"https:\/\/www.rabelais32.org\/wp-content\/uploads\/2025\/04\/Ingres-pere-249x300.jpg 249w, https:\/\/www.rabelais32.org\/wp-content\/uploads\/2025\/04\/Ingres-pere.jpg 336w\" sizes=\"auto, (max-width: 188px) 100vw, 188px\" \/><\/a>Franchissons les marches du somptueux escalier en pierre conduisant au premie<a href=\"https:\/\/www.rabelais32.org\/wp-content\/uploads\/2025\/04\/ingres-flis.jpg\" target=\"_blank\" rel=\"noopener\"><img loading=\"lazy\" decoding=\"async\" class=\"wp-image-15124 alignright\" src=\"https:\/\/www.rabelais32.org\/wp-content\/uploads\/2025\/04\/ingres-flis-260x300.jpg\" alt=\"\" width=\"185\" height=\"213\" srcset=\"https:\/\/www.rabelais32.org\/wp-content\/uploads\/2025\/04\/ingres-flis-260x300.jpg 260w, https:\/\/www.rabelais32.org\/wp-content\/uploads\/2025\/04\/ingres-flis.jpg 380w\" sizes=\"auto, (max-width: 185px) 100vw, 185px\" \/><\/a>r \u00e9tage \u00e0 la salle Ingres o\u00f9 Ir\u00e8ne retrace la vie\u00a0 du peintre devant deux tableaux repr\u00e9sentant \u00ab\u00a0Ingres p\u00e8re et Ingres fils\u00a0\u00bb.<\/p>\n<p>Bien qu&rsquo;il y soit n\u00e9 le 29 Ao\u00fbt 1780 et qu&rsquo;il ait donn\u00e9 son surnom \u00e0 la ville, \u00ab\u00a0la Cit\u00e9 Ingres\u00a0\u00bb, Ingres ne v\u00e9cut \u00e0 Montauban que ses onze premi\u00e8res ann\u00e9es. El\u00e8ve de son p\u00e8re, puis de Joseph Roques \u00e0 l&rsquo;\u00e9cole des Beaux Arts de Toulouse, d\u00e8s 1797 Ingres \u00e9tudie \u00e0 Paris sous la direction de Jacques-Louis David. Il entre \u00e0 l&rsquo;Ecole Nationale de peinture, de sculpture et d&rsquo;architecture en 1799. Sa premi\u00e8re participation au prix de Rome se solde par un \u00e9chec. La critique lui reproche \u00a0\u00bb la raideur de ses drap\u00e9s\u00a0\u00bb&#8230; Ingres pers\u00e9v\u00e8re et se repr\u00e9sente, avec succ\u00e8s cette fois-ci, en 1801 mais doit attendre cinq ans avant de rejoindre l&rsquo;Italie. Les quatre ann\u00e9es de pensionnat \u00e0 la villa M\u00e9dicis, de 1806 \u00e0 1810, seront les plus f\u00e9condes : nus, dessins et portraits. S\u00e9duit par l&rsquo;Italie, amoureux de ses paysages et de sa lumi\u00e8re, c&rsquo;est l\u00e0 qu&rsquo;il peignit ses premi\u00e8res grandes compositions mythologiques, historiques ou religieuses. Directeur de l&rsquo;acad\u00e9mie de France \u00e0 Rome de 1835 \u00e0 1841 il enseigne de nombreux jeunes artistes\u00a0 fran\u00e7ais.<\/p>\n<p><a href=\"https:\/\/www.rabelais32.org\/wp-content\/uploads\/2025\/04\/jesus-ingres.jpg\" target=\"_blank\" rel=\"noopener\"><img loading=\"lazy\" decoding=\"async\" class=\"wp-image-15125 alignleft\" src=\"https:\/\/www.rabelais32.org\/wp-content\/uploads\/2025\/04\/jesus-ingres-225x300.jpg\" alt=\"\" width=\"164\" height=\"219\" srcset=\"https:\/\/www.rabelais32.org\/wp-content\/uploads\/2025\/04\/jesus-ingres-225x300.jpg 225w, https:\/\/www.rabelais32.org\/wp-content\/uploads\/2025\/04\/jesus-ingres.jpg 576w\" sizes=\"auto, (max-width: 164px) 100vw, 164px\" \/><\/a>Notre guide ponctue notre parcours de nombreux arr\u00eats en d\u00e9taillant certaines toiles.<\/p>\n<p>\u00ab\u00a0J\u00e9sus remettant les clefs du Paradis \u00e0 Saint-Pierre\u00a0\u00bb, sa premi\u00e8re commande officielle dat\u00e9e de 1820. Dans cette repr\u00e9sentation, Ingres a ajout\u00e9 la surprenante silhouette de Judas cach\u00e9e dans l&rsquo;ombre. La figure du tra\u00eetre n&rsquo;aurait pas d\u00fb appara\u00eetre, en toute logique, puisque la sc\u00e8ne est ant\u00e9rieure \u00e0 la R\u00e9surrection. Mais elle renforce l&rsquo;id\u00e9e du libre-arbitre de chaque homme face au difficile chemin qui conduit au divin &#8230; Ir\u00e8ne souligne que nous d\u00e9couvrirons au cours de la visite \u00ab\u00a0que le peintre truffe son oeuvre de bizarreries\u00a0\u00bb. Elle nous fait remarquer les figures des ap\u00f4tres d\u00e9rivant directement de Rapha\u00ebl. Le peintre portait \u00e0 Rapha\u00ebl une v\u00e9ritable v\u00e9n\u00e9ration et passa une grande partie de son temps \u00e0 copier ce ma\u00eetre de la Renaissance : il tenta de se r\u00e9approprier le style de Rapha\u00ebl allant jusqu&rsquo;\u00e0 le citer dans sa propre peinture en reprenant subtilement un d\u00e9tail, un costume, une posture, un d\u00e9cor de colonne.<\/p>\n<p><a href=\"https:\/\/www.rabelais32.org\/wp-content\/uploads\/2025\/04\/20250408_105551-rotated.jpg\" target=\"_blank\" rel=\"noopener\"><img loading=\"lazy\" decoding=\"async\" class=\" wp-image-15127 alignright\" src=\"https:\/\/www.rabelais32.org\/wp-content\/uploads\/2025\/04\/20250408_105551-225x300.jpg\" alt=\"\" width=\"155\" height=\"207\" srcset=\"https:\/\/www.rabelais32.org\/wp-content\/uploads\/2025\/04\/20250408_105551-225x300.jpg 225w, https:\/\/www.rabelais32.org\/wp-content\/uploads\/2025\/04\/20250408_105551-rotated.jpg 576w\" sizes=\"auto, (max-width: 155px) 100vw, 155px\" \/><\/a>En 1820 Ingres quitte Rome pour Florence o\u00f9 il peint dans son grand atelier de la Via Delle Belle Donne \u00ab\u00a0Le voeu de Louis XIII, command\u00e9\u00a0 par l&rsquo;Etat fran\u00e7ais pour la cath\u00e9drale de Montauban&#8230; C&rsquo;est le succ\u00e8s remport\u00e9 par cette ouvre au salon de 1824 qui amena Ingres \u00e0 revenir \u00e0 Paris. Apr\u00e8s des ann\u00e9es d&rsquo;expatriation \u00e0 Rome, son talent est enfin reconnu par les critiques. En 1826, le roi Charles X lui d\u00e9livrera m\u00eame la l\u00e9gion d&rsquo;honneur.<\/p>\n<p><a href=\"https:\/\/www.rabelais32.org\/wp-content\/uploads\/2025\/04\/20250408_111419-rotated.jpg\" target=\"_blank\" rel=\"noopener\"><img loading=\"lazy\" decoding=\"async\" class=\" wp-image-15128 alignleft\" src=\"https:\/\/www.rabelais32.org\/wp-content\/uploads\/2025\/04\/20250408_111419-225x300.jpg\" alt=\"\" width=\"154\" height=\"205\" srcset=\"https:\/\/www.rabelais32.org\/wp-content\/uploads\/2025\/04\/20250408_111419-225x300.jpg 225w, https:\/\/www.rabelais32.org\/wp-content\/uploads\/2025\/04\/20250408_111419-rotated.jpg 576w\" sizes=\"auto, (max-width: 154px) 100vw, 154px\" \/><\/a>Un bref coup d&rsquo;oeil sur les nombreuses r\u00e9compenses obtenues par l&rsquo;artiste avant de d\u00e9couvrir l&rsquo;immense toile destin\u00e9e \u00e0 d\u00e9corer la chambre \u00e0 coucher de Napol\u00e9on Bonaparte au palais Quirinal \u00e0 Rome, \u00ab\u00a0le songe d&rsquo;Ossian\u00a0\u00bb dat\u00e9 de 1813, toile disparue apr\u00e8s la chute de l&#8217;empereur puis retrouv\u00e9e par le peintre lors d&rsquo;un voyage en Italie. Ingres\u00a0 n&rsquo;eut alors de cesse de retoucher cette oeuvre pendant 32 ans, s&rsquo;appliquant surtout \u00e0 modifier la chevelure d&rsquo;Ossian&#8230;<\/p>\n<p>L&rsquo;observation de trois acad\u00e9mies r\u00e9v\u00e8lent le cheminement de la pens\u00e9e de l&rsquo;artiste : avant de peindre, il r\u00e9alise de nombreux dessins pr\u00e9paratoires, toujours \u00e0 la poursuite de la forme parfaite, \u00ab\u00a0de la courbe id\u00e9ale\u00a0\u00bb. Chaque d\u00e9tail est minutieusement \u00e9tudi\u00e9. Il disait : \u00a0\u00bb le dessin est la probit\u00e9 de l&rsquo;art\u00a0\u00bb.<\/p>\n<p>Ir\u00e8ne s&rsquo;arr\u00eate devant le tableau\u00a0 \u00ab\u00a0Roger d\u00e9livrant Ang\u00e9lique\u00a0\u00bb, Ang\u00e9lique, princesse prisonni\u00e8re d&rsquo;un monstre marin est sauv\u00e9e par l&rsquo;intervention d&rsquo;un chevalier chevauchant un hippogriffe, une cr\u00e9ature mi-aigle mi-cheval. Ce tableau peint en 1841 ne fut pas bien accueilli, les critiques\u00a0 d\u00e9nigrant\u00a0 \u00ab\u00a0l&rsquo;Ang\u00e9lique goitreuse de Monsieur Ingres \u00ab\u00a0&#8230;<\/p>\n<p>Nous voici maintenant devant le portrait de Caroline Gonse, l&rsquo;\u00e9pouse d&rsquo;un conseiller \u00e0 la cour d&rsquo;appel de Rouen. Dans ce tableau dat\u00e9 de 1852, on retrouve tout le brio du peintre dans la description des \u00e9toffes, des rubans, des bijoux ainsi que dans l&rsquo;association \u00e9tonnante des couleurs. Portraitiste le plus c\u00f4t\u00e9 de son \u00e9poque, Ingres \u00e9tait tr\u00e8s sollicit\u00e9. Madame Moitessier attendra douze ans son portrait..<\/p>\n<p><a href=\"https:\/\/www.rabelais32.org\/wp-content\/uploads\/2025\/04\/20250408_111710-rotated.jpg\" target=\"_blank\" rel=\"noopener\"><img loading=\"lazy\" decoding=\"async\" class=\"wp-image-15130 alignright\" src=\"https:\/\/www.rabelais32.org\/wp-content\/uploads\/2025\/04\/20250408_111710-300x225.jpg\" alt=\"\" width=\"203\" height=\"152\" srcset=\"https:\/\/www.rabelais32.org\/wp-content\/uploads\/2025\/04\/20250408_111710-300x225.jpg 300w, https:\/\/www.rabelais32.org\/wp-content\/uploads\/2025\/04\/20250408_111710-768x576.jpg 768w, https:\/\/www.rabelais32.org\/wp-content\/uploads\/2025\/04\/20250408_111710-rotated.jpg 1024w\" sizes=\"auto, (max-width: 203px) 100vw, 203px\" \/><\/a>Le tableau \u00ab\u00a0J\u00e9sus parmi les Docteurs\u00a0\u00bb aux surprenantes couleurs vives ! Commenc\u00e9 en 1845, achev\u00e9 en 1862. Lorsque Ingres reprend le tableau en 1862, il y introduit certains de ses proches : le docteur en vert \u00e0 droite a pour mod\u00e8le Th\u00e9ophile Gautier, po\u00e8te et critique d&rsquo;art&#8230;L&rsquo;oeuvre avait \u00e9t\u00e9 command\u00e9e par le roi Louis Philippe et la reine Marie-Am\u00e9lie de Bourbon-Siciles pour la chapelle du ch\u00e2teau de Bizy en hommage \u00e0 leur fils mort en 1842. Ingres met symboliquement l&rsquo;accent sur la vierge venant chercher son enfant en r\u00e9f\u00e9rence \u00e0 la reine Marie-Am\u00e9lie qui vient de perdre son fils ain\u00e9&#8230;<\/p>\n<p>De salle en salle, nous arrivons \u00e0 la salle d\u00e9di\u00e9 \u00e0 Armand Cambon, peintre et ami d&rsquo;Ingres qui deviendra en 1863 le premier directeur du mus\u00e9e Ingres-Bourdelle et \u00e0 la mort du peintre son ex\u00e9cuteur testamentaire.<\/p>\n<p><a href=\"https:\/\/www.rabelais32.org\/wp-content\/uploads\/2025\/04\/20250408_113850-rotated.jpg\" target=\"_blank\" rel=\"noopener\"><img loading=\"lazy\" decoding=\"async\" class=\"wp-image-15131 alignleft\" src=\"https:\/\/www.rabelais32.org\/wp-content\/uploads\/2025\/04\/20250408_113850-300x225.jpg\" alt=\"\" width=\"194\" height=\"145\" srcset=\"https:\/\/www.rabelais32.org\/wp-content\/uploads\/2025\/04\/20250408_113850-300x225.jpg 300w, https:\/\/www.rabelais32.org\/wp-content\/uploads\/2025\/04\/20250408_113850-768x576.jpg 768w, https:\/\/www.rabelais32.org\/wp-content\/uploads\/2025\/04\/20250408_113850-rotated.jpg 1024w\" sizes=\"auto, (max-width: 194px) 100vw, 194px\" \/><\/a>Changement\u00a0 de niveau : dans une salle aux plafonds somptueusement orn\u00e9s est pr\u00e9sent\u00e9e la collection des dessins d&rsquo;Ingres,\u00a0 dont son premier dessin dat\u00e9 de 1789. C&rsquo;est la plus grande collection du monde consacr\u00e9e \u00e0 l&rsquo;artiste.<\/p>\n<p><a href=\"https:\/\/www.rabelais32.org\/wp-content\/uploads\/2025\/04\/20250408_114231-rotated.jpg\" target=\"_blank\" rel=\"noopener\"><img loading=\"lazy\" decoding=\"async\" class=\" wp-image-15133 alignright\" src=\"https:\/\/www.rabelais32.org\/wp-content\/uploads\/2025\/04\/20250408_114231-300x225.jpg\" alt=\"\" width=\"209\" height=\"157\" srcset=\"https:\/\/www.rabelais32.org\/wp-content\/uploads\/2025\/04\/20250408_114231-300x225.jpg 300w, https:\/\/www.rabelais32.org\/wp-content\/uploads\/2025\/04\/20250408_114231-768x576.jpg 768w, https:\/\/www.rabelais32.org\/wp-content\/uploads\/2025\/04\/20250408_114231-rotated.jpg 1024w\" sizes=\"auto, (max-width: 209px) 100vw, 209px\" \/><\/a>On ne peut contempler les oeuvres du dernier \u00e9tage d\u00e9di\u00e9 aux Nus et aux diff\u00e9rentes interpr\u00e9tations\u00a0 li\u00e9es \u00e0 ce genre artistique sans penser au tableau peint par Ingres en 1814, \u00ab\u00a0La Belle Odalisque\u00a0\u00bb. Un Nu grandeur nature, repr\u00e9sentation imaginaire de l&rsquo;esclave d&rsquo;un sultan ottoman. Ingres concentre ses soins \u00e0 la puret\u00e9 des lignes s&rsquo;\u00e9mancipant de toute v\u00e9rit\u00e9 anatomique. Une femme nue vue de dos selon l&rsquo;arch\u00e9type de l&rsquo;\u00e9poque. Une femme \u00e0 l&rsquo;attitude sereine, \u00e0 la peau velout\u00e9e,\u00a0 offerte aux regards, se pr\u00e9lassant de fa\u00e7on lascive&#8230; Un dos particuli\u00e8rement long&#8230;trois vert\u00e8bres suppl\u00e9mentaires ! Un angle peu naturel form\u00e9 par la jambe gauche ! Ces d\u00e9formations sont voulues, l&rsquo;artiste pr\u00e9f\u00e9rant volontairement sacrifier la vraisemblance \u00e0 sa vision de la beaut\u00e9 : il ne cherche pas \u00e0 rendre compte de la r\u00e9alit\u00e9 anatomique du Nu, mais soumet son mod\u00e8le \u00e0 sa mani\u00e8re. Ses croquis de pr\u00e9paration sont pourtant parfaits, la d\u00e9formation n&rsquo;intervient que dans la mise en oeuvre finale.<\/p>\n<p>Ingres meurt le 14 janvier 1867. Il l\u00e8gue \u00e0 la ville, outre son fameux violon, l&rsquo;ensemble des oeuvres de son atelier dont plus de 4500 dessins autographes qui constituent la richesse essentielle du mus\u00e9e. Le premier don de 1851 s&rsquo; enrichit d&rsquo;une trentaine de tableaux et de plusieurs dizaines de portefeuilles contenant gravures et photographies anciennes, calques, copies d&rsquo;\u00e9l\u00e8ves et \u00e9tudes diverses..<\/p>\n<p><a href=\"https:\/\/www.rabelais32.org\/wp-content\/uploads\/2025\/04\/image.png\" target=\"_blank\" rel=\"noopener\"><img loading=\"lazy\" decoding=\"async\" class=\" wp-image-15136 alignleft\" src=\"https:\/\/www.rabelais32.org\/wp-content\/uploads\/2025\/04\/image-183x300.png\" alt=\"\" width=\"138\" height=\"226\" srcset=\"https:\/\/www.rabelais32.org\/wp-content\/uploads\/2025\/04\/image-183x300.png 183w, https:\/\/www.rabelais32.org\/wp-content\/uploads\/2025\/04\/image.png 313w\" sizes=\"auto, (max-width: 138px) 100vw, 138px\" \/><\/a>Inoubliable visage que celui d&rsquo;Ingres sculpt\u00e9 par Bourdelle en 1908! Le sculpteur n&rsquo;avait que six ans quand le peintre mourut mais il lui vouait une admiration sans borne et s&rsquo;enorgueillissait de partager ses origines montalbanaises. On voit ici la force du regard per\u00e7ant au milieu d&rsquo;un visage crisp\u00e9 par une intense r\u00e9flexion. Pos\u00e9 sur l&rsquo;\u00e9paule gauche, un drap\u00e9 souligne la nudit\u00e9 du peintre repr\u00e9sent\u00e9 comme une figure h\u00e9ro\u00efque de l&rsquo;antiquit\u00e9, sans aucun appr\u00eat&#8230;<\/p>\n<p><a href=\"https:\/\/www.rabelais32.org\/wp-content\/uploads\/2025\/04\/20250408_120459-rotated.jpg\" target=\"_blank\" rel=\"noopener\"><img loading=\"lazy\" decoding=\"async\" class=\" wp-image-15137 alignright\" src=\"https:\/\/www.rabelais32.org\/wp-content\/uploads\/2025\/04\/20250408_120459-225x300.jpg\" alt=\"\" width=\"173\" height=\"231\" srcset=\"https:\/\/www.rabelais32.org\/wp-content\/uploads\/2025\/04\/20250408_120459-225x300.jpg 225w, https:\/\/www.rabelais32.org\/wp-content\/uploads\/2025\/04\/20250408_120459-rotated.jpg 576w\" sizes=\"auto, (max-width: 173px) 100vw, 173px\" \/><\/a>Nous voici dans la partie du mus\u00e9e qui rend hommage \u00e0 Emile-Antoine Bourdelle, l&rsquo;un des trois grands sculpteurs du XX\u00b0 n\u00e9 le 30 octobre 1861. De famille modeste, son p\u00e8re est menuisier \u00e9b\u00e9niste, sa m\u00e8re fille de tisserand, Emile pr\u00e9f\u00e8re le dessin \u00e0 l&rsquo;\u00e9tude, ce que comprend son instituteur&#8230; D\u00e8s 1874, initi\u00e9 \u00e0 l&rsquo;\u00e9b\u00e9nisterie par son p\u00e8re, le jeune gar\u00e7on r\u00e9alise ses premiers ouvrages et obtient une bourse d&rsquo;\u00e9tude \u00e0 l&rsquo;Acad\u00e9mie des Beaux Arts de Toulouse. C&rsquo;est l\u00e0, que pendant ses ann\u00e9es de formation il d\u00e9couvre la musique du compositeur allemand Ludwig Van Beethoven. Il r\u00e9alisera quelques quatre vingt sculptures de la figure obs\u00e9dante du musicien auquel il s&rsquo;identifiait. La l\u00e9gende voudrait que tout jeune, Bourdelle ait \u00e9t\u00e9 frapp\u00e9 de sa ressemblance avec un portrait de Beethoven.<\/p>\n<p>En 1884, re\u00e7u deuxi\u00e8me au concours d&rsquo;admission \u00e0 l&rsquo;Ecole Nationale Sup\u00e9rieure des Beaux Arts de Paris, il entre \u00e0 l&rsquo;atelier d&rsquo;Alexandre Falgui\u00e8re qui lui enseigne une pratique acad\u00e9mique libre. En 1886, Bourdelle loue un modeste atelier o\u00f9 il travaillera jusqu&rsquo;\u00e0 son d\u00e9c\u00e8s, le 1 Octobre 1929.<\/p>\n<p>De 1893 \u00e0 1907 Bourdelle b\u00e9n\u00e9ficiera de l&rsquo;aide de Rodin pour lequel il taillera une dizaine de marbres.<\/p>\n<p>Professeur de 1909 \u00e0 1929, le sculpteur enseigna plus de cinq cent \u00e9l\u00e8ves \u00e0 l&rsquo;Acad\u00e9mie de la Grande Chaumi\u00e8re \u00e0 Paris.<\/p>\n<p><a href=\"https:\/\/www.rabelais32.org\/wp-content\/uploads\/2025\/04\/20250408_115054-rotated.jpg\" target=\"_blank\" rel=\"noopener\"><img loading=\"lazy\" decoding=\"async\" class=\" wp-image-15138 alignleft\" src=\"https:\/\/www.rabelais32.org\/wp-content\/uploads\/2025\/04\/20250408_115054-300x225.jpg\" alt=\"\" width=\"167\" height=\"125\" srcset=\"https:\/\/www.rabelais32.org\/wp-content\/uploads\/2025\/04\/20250408_115054-300x225.jpg 300w, https:\/\/www.rabelais32.org\/wp-content\/uploads\/2025\/04\/20250408_115054-768x576.jpg 768w, https:\/\/www.rabelais32.org\/wp-content\/uploads\/2025\/04\/20250408_115054-rotated.jpg 1024w\" sizes=\"auto, (max-width: 167px) 100vw, 167px\" \/><\/a>Bourdelle a cinquante ans lorsqu&rsquo;il conna\u00eet le succ\u00e8s gr\u00e2ce \u00e0 son \u00a0\u00bb H\u00e9rakl\u00e8s Archer\u00a0\u00bb expos\u00e9 au salon de la Soci\u00e9t\u00e9 Nationale des Beaux Arts de 1910. Le h\u00e9ros grec bandant son arc pour abattre les oiseaux du lac Stymphale. Il s&rsquo;agit certainement de la sculpture la plus c\u00e9l\u00e8bre de l&rsquo;artiste. Elle repr\u00e9sente l&rsquo;un des douze travaux de la mythologie grecque, H\u00e9racl\u00e8s condamn\u00e9 par son oncle \u00e0 d\u00e9fier l&rsquo;impossible. Son attitude fut rapidement d\u00e9termin\u00e9e par le sculpteur soucieux de rendre au mieux la musculature exceptionnelle de son mod\u00e8le&#8230;dont il changea les traits du visage pour pr\u00e9server son anonymat&#8230;Le pl\u00e2tre pr\u00e9sent\u00e9 au mus\u00e9e est sans doute\u00a0 le pl\u00e2tre original rest\u00e9 dans l&rsquo;atelier de l&rsquo;artiste.<\/p>\n<p>En 1910, le directeur du mus\u00e9e Grevin confie \u00e0 Bourdelle les d\u00e9cors sculpt\u00e9s du nouveau th\u00e9\u00e2tre sur les Champs Elys\u00e9es. Il r\u00e9alise une frise de quinze m\u00e8tres de long figurant Apollon entour\u00e9 de neuf muses o\u00f9 il privil\u00e9gie une conception architecturale et spiritualis\u00e9e de l&rsquo;Antique. Pour compl\u00e9ter son programme, il place au dessus de l&rsquo;entr\u00e9e cinq bas-reliefs c\u00e9l\u00e9brant les ar<a href=\"https:\/\/www.rabelais32.org\/wp-content\/uploads\/2025\/04\/20250408_120401-rotated.jpg\" target=\"_blank\" rel=\"noopener\"><img loading=\"lazy\" decoding=\"async\" class=\"wp-image-15139 alignright\" src=\"https:\/\/www.rabelais32.org\/wp-content\/uploads\/2025\/04\/20250408_120401-225x300.jpg\" alt=\"\" width=\"148\" height=\"197\" srcset=\"https:\/\/www.rabelais32.org\/wp-content\/uploads\/2025\/04\/20250408_120401-225x300.jpg 225w, https:\/\/www.rabelais32.org\/wp-content\/uploads\/2025\/04\/20250408_120401-rotated.jpg 576w\" sizes=\"auto, (max-width: 148px) 100vw, 148px\" \/><\/a>ts du spectacle et rappelant aux visiteurs la vocation du lieu. On peut admirer\u00a0 les moulages en pl\u00e2tre patin\u00e9 des all\u00e9gories de la danse, de la musique, de la com\u00e9die. La derni\u00e8re figurant l&rsquo;union de l&rsquo;architecture et de la sculpture.<\/p>\n<p>Bourdelle domine la sculpture monumentale, des oeuvres con\u00e7ues pour habiter l&rsquo;espace dans lequel elles vont se d\u00e9ployer. Montauban le sollicitera pour l&rsquo;\u00e9dification d&rsquo;un monument aux morts \u00e0 la m\u00e9moire des combattants de la guerre de 1914-1918. Il terminera son projet en 1925. Le mus\u00e9e pr\u00e9sente l&rsquo;\u00e9tude de la t\u00eate de la France, \u00e9tonnante de puissance g\u00e9om\u00e9trique.<\/p>\n<p>Marbres, bronzes, pl\u00e2tres, maquettes permettent ici de parcourir toute l&rsquo;oeuvre de l&rsquo;artiste de ses d\u00e9buts de jeune sculpteur \u00e0 Montauban et Toulouse, puis Paris jusqu&rsquo;\u00e0 la fin de sa carri\u00e8re. Mais il serait trop long de les \u00e9num\u00e9rer&#8230; Une mention sp\u00e9ciale quand m\u00eame pour la \u00ab\u00a0Rieuse\u00a0\u00bb.<\/p>\n<p><a href=\"https:\/\/www.rabelais32.org\/wp-content\/uploads\/2025\/04\/20250408_123521-rotated.jpg\"><img loading=\"lazy\" decoding=\"async\" class=\"wp-image-15141 alignleft\" src=\"https:\/\/www.rabelais32.org\/wp-content\/uploads\/2025\/04\/20250408_123521-225x300.jpg\" alt=\"\" width=\"145\" height=\"193\" srcset=\"https:\/\/www.rabelais32.org\/wp-content\/uploads\/2025\/04\/20250408_123521-225x300.jpg 225w, https:\/\/www.rabelais32.org\/wp-content\/uploads\/2025\/04\/20250408_123521-rotated.jpg 576w\" sizes=\"auto, (max-width: 145px) 100vw, 145px\" \/><\/a> <a href=\"https:\/\/www.rabelais32.org\/wp-content\/uploads\/2025\/04\/20250408_123530-rotated.jpg\"><img loading=\"lazy\" decoding=\"async\" class=\"wp-image-15142 alignright\" src=\"https:\/\/www.rabelais32.org\/wp-content\/uploads\/2025\/04\/20250408_123530-225x300.jpg\" alt=\"\" width=\"144\" height=\"192\" srcset=\"https:\/\/www.rabelais32.org\/wp-content\/uploads\/2025\/04\/20250408_123530-225x300.jpg 225w, https:\/\/www.rabelais32.org\/wp-content\/uploads\/2025\/04\/20250408_123530-rotated.jpg 576w\" sizes=\"auto, (max-width: 144px) 100vw, 144px\" \/><\/a>Quittons ce lieu mythique pour rejoindre un endroit beaucoup moins culturel, le restaurant \u00ab\u00a0Omnivore\u00a0\u00bb o\u00f9 nous sommes attendus pour manger. Mais qui a dit que la gastronomie ne faisait pas partie du patrimoine culturel ? Quoiqu&rsquo;il en soit nous faisons dans ce lieu coquet\u00a0 une pause bien m\u00e9rit\u00e9e. Certains tenteront discr\u00e8tement, par \u00e9tourderie ou gourmandise, de \u00ab\u00a0piquer\u00a0\u00bb le plat de leur voisins&#8230; Il est d\u00e9j\u00e0 l&rsquo;heure de partir pour Cordes Tolosanes visiter l&rsquo; Abbaye de Belleperche, propri\u00e9t\u00e9 du Conseil D\u00e9partemental du Tarn et Garonne depuis 1983.<\/p>\n<p>&nbsp;<\/p>\n<p><a href=\"https:\/\/www.rabelais32.org\/wp-content\/uploads\/2025\/04\/21360125.jpg\" target=\"_blank\" rel=\"noopener\"><img loading=\"lazy\" decoding=\"async\" class=\" wp-image-15145 aligncenter\" src=\"https:\/\/www.rabelais32.org\/wp-content\/uploads\/2025\/04\/21360125-300x200.jpg\" alt=\"\" width=\"209\" height=\"139\" srcset=\"https:\/\/www.rabelais32.org\/wp-content\/uploads\/2025\/04\/21360125-300x200.jpg 300w, https:\/\/www.rabelais32.org\/wp-content\/uploads\/2025\/04\/21360125-1024x683.jpg 1024w, https:\/\/www.rabelais32.org\/wp-content\/uploads\/2025\/04\/21360125-768x512.jpg 768w, https:\/\/www.rabelais32.org\/wp-content\/uploads\/2025\/04\/21360125.jpg 1200w\" sizes=\"auto, (max-width: 209px) 100vw, 209px\" \/><\/a><\/p>\n<p>Fond\u00e9 en 1130, ce tr\u00e9sor architectural et culturel s&rsquo;impose en bordure de Garonne. Endommag\u00e9 par les guerres de religion en 1572, cet ancien palais abbatial a \u00e9t\u00e9 restaur\u00e9 entre 1604 et 1614 et pr\u00e9sente aujourd&rsquo;hui les restes d&rsquo;un ancien monast\u00e8re cistercien, l&rsquo;un des trois plus riches du Midi o\u00f9 \u00e0 son apog\u00e9e vivaient quatre vingt moines : chambres, immenses galeries de desserte, escaliers d&rsquo;honneur, appartements de r\u00e9ception. On devine que d\u00e9j\u00e0 au XVIII\u00b0 la Haute Soci\u00e9t\u00e9 organisait des festins d&rsquo;un grand raffinement. Nous d\u00e9couvrons le charme et le myst\u00e8re des vastes salles aux plafonds moulur\u00e9s.\u00a0 T\u00e9moins discrets des personnes un jour pass\u00e9es par l\u00e0, diff\u00e9rentes couches de chaux et de briques traduisent la vaste histoire de l&rsquo;abbaye.<\/p>\n<p><a href=\"https:\/\/www.rabelais32.org\/wp-content\/uploads\/2025\/04\/20250408_150114-rotated.jpg\" target=\"_blank\" rel=\"noopener\"><img loading=\"lazy\" decoding=\"async\" class=\" wp-image-15146 alignleft\" src=\"https:\/\/www.rabelais32.org\/wp-content\/uploads\/2025\/04\/20250408_150114-225x300.jpg\" alt=\"\" width=\"165\" height=\"220\" srcset=\"https:\/\/www.rabelais32.org\/wp-content\/uploads\/2025\/04\/20250408_150114-225x300.jpg 225w, https:\/\/www.rabelais32.org\/wp-content\/uploads\/2025\/04\/20250408_150114-rotated.jpg 576w\" sizes=\"auto, (max-width: 165px) 100vw, 165px\" \/><\/a>Cr\u00e9\u00e9 en 2002 dans cette majestueuse b\u00e2tisse, le Mus\u00e9e des Arts de la table nous plonge dans l&rsquo;histoire de l&rsquo;art de vivre de la fin du Moyen Age \u00e0 nos jours.<\/p>\n<p><a href=\"https:\/\/www.rabelais32.org\/wp-content\/uploads\/2025\/04\/20250408_151012-rotated.jpg\" target=\"_blank\" rel=\"noopener\"><img loading=\"lazy\" decoding=\"async\" class=\"wp-image-15147 alignright\" src=\"https:\/\/www.rabelais32.org\/wp-content\/uploads\/2025\/04\/20250408_151012-225x300.jpg\" alt=\"\" width=\"164\" height=\"219\" srcset=\"https:\/\/www.rabelais32.org\/wp-content\/uploads\/2025\/04\/20250408_151012-225x300.jpg 225w, https:\/\/www.rabelais32.org\/wp-content\/uploads\/2025\/04\/20250408_151012-rotated.jpg 576w\" sizes=\"auto, (max-width: 164px) 100vw, 164px\" \/><\/a>Comment on servait, comment mangeaient nos anc\u00eatres, pourquoi utilise-t-on aujourd&rsquo;hui couverts et assiettes. Objets de fa\u00efence, de porcelaine, verres, ustensiles des plus simples au plus sophistiqu\u00e9s sont expos\u00e9s dans de nombreuses vitrines&#8230; Nous n&rsquo;en retiendrons que quelques unes.<\/p>\n<p>Ici, l&rsquo;art de dresser la table au Moyen Age, la table d&rsquo;un banquet d&rsquo;un petit seigneur, de simples planches sur des tr\u00e9teaux. D&rsquo;o\u00f9 l&rsquo;expression,\u00a0\u00bb mettre la table\u00a0\u00bb. Lorsqu&rsquo;il s&rsquo;agit de d\u00e9monter, on \u00ab\u00a0l\u00e8ve \u00ab\u00a0la table. La nappe en lin brod\u00e9e au fil bleu de motifs d&rsquo;inspiration orientale est \u00ab\u00a0doubl\u00e9e\u00a0\u00bb d&rsquo;une longi\u00e8re, une bande de tissus\u00a0 qui court devant les convives et fait office de serviette commune. Quelques objets ornent la table ; trois tranchoirs d&rsquo;\u00e9tain attendent les convives. <a href=\"https:\/\/www.rabelais32.org\/wp-content\/uploads\/2025\/04\/20250408_152737-rotated.jpg\" target=\"_blank\" rel=\"noopener\"><img loading=\"lazy\" decoding=\"async\" class=\"wp-image-15148 alignleft\" src=\"https:\/\/www.rabelais32.org\/wp-content\/uploads\/2025\/04\/20250408_152737-300x225.jpg\" alt=\"\" width=\"212\" height=\"159\" srcset=\"https:\/\/www.rabelais32.org\/wp-content\/uploads\/2025\/04\/20250408_152737-300x225.jpg 300w, https:\/\/www.rabelais32.org\/wp-content\/uploads\/2025\/04\/20250408_152737-768x576.jpg 768w, https:\/\/www.rabelais32.org\/wp-content\/uploads\/2025\/04\/20250408_152737-rotated.jpg 1024w\" sizes=\"auto, (max-width: 212px) 100vw, 212px\" \/><\/a>Chacun y d\u00e9posera les morceaux de viande d\u00e9tach\u00e9s des pi\u00e8ces pr\u00e9sent\u00e9es enti\u00e8res. Le d\u00e9coupage sera fait par un serviteur \u00e0 l&rsquo;aide d&rsquo;un couteau \u00e0 large lame pointue&#8230; ou avec les doigts&#8230; Parfois une tranche de pain dur sert de tranchoir. Ecuelles, verres et cuill\u00e8res sont partag\u00e9s. Les convives sont tous plac\u00e9s du m\u00eame c\u00f4t\u00e9 pour profiter de \u00ab\u00a0l&rsquo;entre-mets\u00a0\u00bb, un plat ou un spectacle&#8230; La hi\u00e9rarchie sociale est tr\u00e8s respect\u00e9e : les personnages importants \u00ab\u00a0b\u00e9n\u00e9ficient\u00a0\u00bb d&rsquo;un si\u00e8ge \u00e0 haut dossier.<\/p>\n<p><a href=\"https:\/\/www.rabelais32.org\/wp-content\/uploads\/2025\/04\/20250408_153129-rotated.jpg\"><img loading=\"lazy\" decoding=\"async\" class=\" wp-image-15150 alignright\" src=\"https:\/\/www.rabelais32.org\/wp-content\/uploads\/2025\/04\/20250408_153129-300x225.jpg\" alt=\"\" width=\"219\" height=\"164\" srcset=\"https:\/\/www.rabelais32.org\/wp-content\/uploads\/2025\/04\/20250408_153129-300x225.jpg 300w, https:\/\/www.rabelais32.org\/wp-content\/uploads\/2025\/04\/20250408_153129-768x576.jpg 768w, https:\/\/www.rabelais32.org\/wp-content\/uploads\/2025\/04\/20250408_153129-rotated.jpg 1024w\" sizes=\"auto, (max-width: 219px) 100vw, 219px\" \/><\/a>A partir du XIII\u00b0, le poison, en g\u00e9n\u00e9ral l&rsquo;arsenic blanc, ind\u00e9tectable au go\u00fbt et \u00e0 l&rsquo;odeur, est la terreur des grands de ce monde. Afin de d\u00e9celer sa pr\u00e9sence dans un plat ou un gobelet, on utilise des \u00ab\u00a0\u00e9preuves\u00a0\u00bb, min\u00e9raux ou fossiles\u00a0 par\u00e9s de vertus merveilleuses par croyance religieuse souvent&#8230; mais surtout par ignorance de leur nature r\u00e9elle. Les <a href=\"https:\/\/www.rabelais32.org\/wp-content\/uploads\/2025\/04\/le-languier.jpg\" target=\"_blank\" rel=\"noopener\"><img loading=\"lazy\" decoding=\"async\" class=\"wp-image-15151 alignleft\" src=\"https:\/\/www.rabelais32.org\/wp-content\/uploads\/2025\/04\/le-languier-206x300.jpg\" alt=\"\" width=\"157\" height=\"229\" srcset=\"https:\/\/www.rabelais32.org\/wp-content\/uploads\/2025\/04\/le-languier-206x300.jpg 206w, https:\/\/www.rabelais32.org\/wp-content\/uploads\/2025\/04\/le-languier.jpg 540w\" sizes=\"auto, (max-width: 157px) 100vw, 157px\" \/><\/a>\u00ab\u00a0glossop\u00e8tres\u00a0\u00bb, les langues p\u00e9trifi\u00e9es de serpents maudits par Saint Paul sur l&rsquo;ile de Malte. Les pierres \u00ab\u00a0crapaudines\u00a0\u00bb pr\u00e9tendument form\u00e9es dans la t\u00eate des crapauds, le corail, le cristal de roche et la corne de licorne qui n&rsquo;est autre que la dent du narval arctique&#8230; C&rsquo;est \u00e9galement par s\u00e9curit\u00e9 que l&rsquo;on couvre les plats des convives de haut rang . De l\u00e0 vient \u00ab\u00a0le couvert\u00a0\u00bb qui d\u00e9signe \u00e0 pr\u00e9sent les objets dispos\u00e9s sur la table, fourchettes et cuill\u00e8res.<\/p>\n<p>Pendant la Renaissance, les changements ne sont sensibles que dans les plus hauts niveaux de la soci\u00e9t\u00e9. Les couches bourgeoises et populaires\u00a0 urbaines et rurales gardent des pratiques de repas tr\u00e8s simples. Pourtant les go\u00fbts, le d\u00e9cor et le mobilier changent. L&rsquo;orf\u00e8vrerie appara\u00eet sur les tables ais\u00e9es. L&rsquo;argent remplace l&rsquo;\u00e9tain.<\/p>\n<p><a href=\"https:\/\/www.rabelais32.org\/wp-content\/uploads\/2025\/04\/20250408_155538-rotated.jpg\" target=\"_blank\" rel=\"noopener\"><img loading=\"lazy\" decoding=\"async\" class=\"wp-image-15152 alignright\" src=\"https:\/\/www.rabelais32.org\/wp-content\/uploads\/2025\/04\/20250408_155538-225x300.jpg\" alt=\"\" width=\"171\" height=\"228\" srcset=\"https:\/\/www.rabelais32.org\/wp-content\/uploads\/2025\/04\/20250408_155538-225x300.jpg 225w, https:\/\/www.rabelais32.org\/wp-content\/uploads\/2025\/04\/20250408_155538-rotated.jpg 576w\" sizes=\"auto, (max-width: 171px) 100vw, 171px\" \/><\/a>Si au d\u00e9but du XVI\u00b0 la luxueuse fa\u00efence, d&rsquo;abord italienne, puis fran\u00e7aise est simplement limit\u00e9e \u00e0 l&rsquo;exposition sur buffets et dressoirs, plats et assiettes en fa\u00efence blanche sans d\u00e9cor trouvent leur public en France o\u00f9 plusieurs usines apparaissent \u00e0 Lyon, N\u00eemes, Montpellier, Paris et Nevers. En moins d&rsquo;un si\u00e8cle, jug\u00e9e plus propre que le m\u00e9tal, la fa\u00efence embellit les tables de l&rsquo;aristocratie et de la bourgeoisie urbaine. L&rsquo;assiette prend forme et l&rsquo;individualisation des objets de table appara\u00eet. Belles sali\u00e8res de c\u00e9r\u00e9monies ou ordinaires en bois. Le verre est d&rsquo;usage commun : le gobelet \u00e0 fond plat est remplac\u00e9 par le verre \u00e0 jambe et \u00e0 pied. La vaisselle en gr\u00e8s gagne la faveur de toutes les classes : gr\u00e8s bruns des pays rh\u00e9nans, gr\u00e8s bleus de Puisaye ou du Beauvaisis, beaux plats d\u00e9coratifs de Bernard Palissy.<\/p>\n<p>La seconde moiti\u00e9 du XVII\u00b0 marque le d\u00e9but du service \u00ab\u00a0\u00e0 la fran\u00e7aise\u00a0\u00bb. Les convives occupent d\u00e9sormais les quatre c\u00f4t\u00e9s de la table. La notion de service de vaisselle aux \u00e9l\u00e9ments coordonn\u00e9s par le d\u00e9cor ou par un coloris dominant \u00e9merge. D\u00e9sormais la succession des mets est regroup\u00e9e par cat\u00e9gories, potages, entr\u00e9es puis r\u00f4tis et salades et, enfin, le dessert appel\u00e9 \u00ab\u00a0fruit\u00a0\u00bb. C&rsquo;est aussi l&rsquo;apparition de l&rsquo;art de faire le caf\u00e9, cette noire liqueur venue de Turquie que la France d\u00e9couvre peu apr\u00e8s le chocolat et le th\u00e9. On le conna\u00eet \u00e0 Marseille d\u00e8s 1660 mais il faudra attendre 1669 et la r\u00e9ception \u00e0 Paris de l&rsquo;ambassade turque conduite par Soliman Aga pour voir la consommation du caf\u00e9 s&rsquo;installer dans la haute bourgeoisie parisienne. Il se d\u00e9mocratisera \u00e0 la fin du XVIII\u00b0. Il est vrai que la m\u00e9thode de pr\u00e9paration \u00e0 la turque n&rsquo;est pas vraiment faite pour donner aux consommateurs une id\u00e9e raffin\u00e9e du caf\u00e9 : bouilli, remu\u00e9,&#8230;clarifi\u00e9, d\u00e9cant\u00e9&#8230; puis r\u00e9chauff\u00e9&#8230; Grimod de la Reynerie avait s\u00fbrement raison quand il disait \u00ab\u00a0que le caf\u00e9 n&rsquo;est qu&rsquo;une d\u00e9coction plus ou moins color\u00e9e\u00a0\u00bb&#8230;\u00a0 Le caf\u00e9 plong\u00e9 dans l&rsquo;eau gr\u00e2ce \u00e0 une \u00ab\u00a0chausse\u00a0\u00bb ne valait gu\u00e8re mieux.\u00a0\u00bb Ce jus de chaussette\u00a0\u00bb n&rsquo;est lui aussi qu&rsquo;un caf\u00e9 clair et m\u00e9diocre. Lorsque l&rsquo;Europe d\u00e9couvre le caf\u00e9 dans les ann\u00e9es 1660, il n&rsquo;y a aucun objet de pr\u00e9paration et de service adapt\u00e9. Les cafeti\u00e8res apparaissent vers 1670, les premi\u00e8res tasses \u00e0 anses seront cr\u00e9\u00e9es au d\u00e9but du XVIII\u00b0.\u00a0 Ce n&rsquo;est qu&rsquo;en 1802 qu&rsquo;un pharmacien dieppois, Descroizilles invente\u00a0 la cafeti\u00e8re \u00e0 filtre. On peut alors appr\u00e9cier \u00ab\u00a0le caf\u00e9 sans \u00e9bullition, une invention nouvelle et pr\u00e9cieuse\u00a0\u00bb&#8230;<\/p>\n<p>Au XIX\u00b0, le <a href=\"https:\/\/www.rabelais32.org\/wp-content\/uploads\/2025\/04\/20250408_155207-rotated.jpg\" target=\"_blank\" rel=\"noopener\"><img loading=\"lazy\" decoding=\"async\" class=\" wp-image-15153 alignleft\" src=\"https:\/\/www.rabelais32.org\/wp-content\/uploads\/2025\/04\/20250408_155207-225x300.jpg\" alt=\"\" width=\"155\" height=\"207\" srcset=\"https:\/\/www.rabelais32.org\/wp-content\/uploads\/2025\/04\/20250408_155207-225x300.jpg 225w, https:\/\/www.rabelais32.org\/wp-content\/uploads\/2025\/04\/20250408_155207-rotated.jpg 576w\" sizes=\"auto, (max-width: 155px) 100vw, 155px\" \/><\/a>service \u00e0 la fran\u00e7aise s&rsquo;oppose au service \u00e0 la russe. \u00a0\u00bb On y trouve le moyen de satisfaire son go\u00fbt du para\u00eetre tout en d\u00e9pensant moins\u00a0\u00bb :\u00a0 le service \u00e0 la russe imposant une pr\u00e9sentation des plats en s\u00e9quence\u00a0 exige moins d&rsquo;apparat. Mais il faut reconna\u00eetre que leur dualit\u00e9 a exerc\u00e9 une influence directe dans l&rsquo;histoire des arts de la table : les usages ont \u00e9volu\u00e9,\u00a0 ainsi que la cuisine et la gastronomie en g\u00e9n\u00e9ral.<\/p>\n<p>Durant la visite quelques curiosit\u00e9s du XVIII\u00b0 ont attir\u00e9 notre attention.<\/p>\n<p>Des couverts dress\u00e9s \u00e0 l&rsquo;envers sur l&rsquo;une des tables, \u00ab\u00a0copie\u00a0\u00bb d&rsquo;une table dress\u00e9e au XVIII\u00b0: subterfuge\u00a0 pour forcer l&rsquo;utilisateur des couverts \u00e0 les retourner et donc \u00e0\u00a0 regarder les armoiries ou les initiales du propri\u00e9taire grav\u00e9es sur les spatules des fourchettes et cuill\u00e8res&#8230;<\/p>\n<p>La marronni\u00e8re, une fine fa\u00efence o\u00f9 les marrons \u00e9taient bouillis ou cuits \u00e0 l&rsquo;\u00e9touff\u00e9e.<\/p>\n<p>Une jatte d&rsquo;olives en trompe l&rsquo;oeil&#8230; les trompe l&rsquo;oeil, \u00ab\u00a0les attrapes\u00a0\u00bb en forme de plat ou d&rsquo;assiettes garnis de fruits frais ou secs d\u00e9coraient la table et divertissaient les convives qui attendaient de voir l&rsquo;un d&rsquo;eux , tromp\u00e9s par la faible luminosit\u00e9 des chandelles,\u00a0 prendre\u00a0 pour v\u00e9ritable un\u00a0 fruit en fa\u00efence et tenter en vain de le saisir.<\/p>\n<p><a href=\"https:\/\/www.rabelais32.org\/wp-content\/uploads\/2025\/04\/20250408_160247-rotated.jpg\" target=\"_blank\" rel=\"noopener\"><img loading=\"lazy\" decoding=\"async\" class=\" wp-image-15154 alignright\" src=\"https:\/\/www.rabelais32.org\/wp-content\/uploads\/2025\/04\/20250408_160247-225x300.jpg\" alt=\"\" width=\"161\" height=\"215\" srcset=\"https:\/\/www.rabelais32.org\/wp-content\/uploads\/2025\/04\/20250408_160247-225x300.jpg 225w, https:\/\/www.rabelais32.org\/wp-content\/uploads\/2025\/04\/20250408_160247-rotated.jpg 576w\" sizes=\"auto, (max-width: 161px) 100vw, 161px\" \/><\/a>Une derni\u00e8re annotation pour un porte ananas en cristal. Fruit exotique import\u00e9, l&rsquo;ananas est longtemps rest\u00e9 le fruit le plus cher. Dans la premi\u00e8re moiti\u00e9 du XIX\u00b0, le bon go\u00fbt et la mode prescrivent de pr\u00e9senter un ananas en d\u00e9coration&#8230; A l&rsquo;occasion d&rsquo;un repas, il \u00e9tait\u00a0 recommand\u00e9 de louer un ananas chez un marchand pour le d\u00e9poser sur un socle mis en \u00e9vidence sur un meuble ou une table&#8230;et l&rsquo;ananas repartait ensuite chez le loueur&#8230;<\/p>\n<p>Bien que ce soit la plus grande collection en Occident\u00a0 de th\u00e9i\u00e8res en gr\u00e8s du Yixing, nous ne nous attarderons pas devant cette exposition et pr\u00e9f\u00e9rons admirer l&rsquo;architecture de l&rsquo;ancien clo\u00eetre.<\/p>\n<p>Nous quittons \u00e0 regret ce lieu embl\u00e9matique et regagnons nos logis auscitains. L&rsquo;heure du d\u00eener approche&#8230; Mais, apr\u00e8s notre immersion \u00e0 Belleperche, dresser correctement la table semble moins \u00e9vident&#8230;Verres, couverts et assiettes seront-ils en harmonie? Soyons fins strat\u00e8ges! Serait-ce un sacril\u00e8ge d&rsquo;adapter \u00e0 la gastronomie la citation d&rsquo;Alfred de Musset ? :<\/p>\n<p>\u00ab\u00a0Qu&rsquo;importe le flacon pourvu qu&rsquo;on ait l&rsquo;ivresse\u00a0\u00bb.<\/p>\n<p>CH D<\/p>\n<p><em><strong>Galerie Mus\u00e9e Ingres Bourdelle :<\/strong><\/em><\/p>\n<style id=\"bwg-style-0\">      #bwg_container1_0 #bwg_container2_0 #bwg_mosaic_thumbnails_div_0 {        width: 100%;        position: relative;        background-color: rgba(255, 255, 255, 0.00);        text-align: center;        justify-content: center;                  margin-left: auto;          margin-right: auto;                    padding-left: 4px;          padding-top: 4px;                }          #bwg_container1_0 #bwg_container2_0 .bwg_mosaic_thumb_spun_0 {        display: block;        position: absolute;\t\t\t\tborder-radius: 0;\t\t\t\tborder: 0px none #CCCCCC;    \t\t    \t\tbackground-color:rgba(0,0,0, 0.30);        -moz-box-sizing: content-box !important;        -webkit-box-sizing: content-box !important;        box-sizing: content-box !important;      }\t\t\t#bwg_container1_0 #bwg_container2_0 .bwg_mosaic_thumb_0 {\t\t\t\tdisplay: block;\t\t\t\t-moz-box-sizing: content-box !important;\t\t\t\t-webkit-box-sizing: content-box !important;\t\t\t\tbox-sizing: content-box !important;\t\t\t\tmargin: 0;\t\t\t\topacity: 1.00;\t\t\t}      #bwg_container1_0 #bwg_container2_0 .bwg_mosaic_thumb_spun_0:hover {        opacity: 1;        backface-visibility: hidden;        -webkit-backface-visibility: hidden;        -moz-backface-visibility: hidden;        -ms-backface-visibility: hidden;        z-index: 102;      }\t      @media only screen and (min-width: 480px) {        #bwg_container1_0 #bwg_container2_0 .bwg_mosaic_thumb_spun_0:hover {          transform: scale(1.1);          -ms-transform: scale(1.1);          -webkit-transform: scale(1.1);        }      }\t      #bwg_container1_0 #bwg_container2_0 .bwg_mosaic_thumbnails_0 {        background-color: rgba(255, 255, 255, 0.00);        font-size: 0;        position: relative;        text-align: center;        display: inline-block;        visibility: hidden;              }\t  \/*image title styles*\/      #bwg_container1_0 #bwg_container2_0 .bwg_mosaic_title_spun1_0,      #bwg_container1_0 #bwg_container2_0 .bwg-mosaic-thumbnails .bwg_ecommerce_spun1_0 {        position: absolute;        display: block;        opacity: 0;        box-sizing: border-box;        text-align: center;\t\t\t\ttop: 50%;\t\t\t\tleft: 50%;\t\t\t\ttransform: translate(-50%, -50%);      }      #bwg_container1_0 #bwg_container2_0 .bwg-mosaic-thumbnails .bwg_mosaic_title_spun2_0,      #bwg_container1_0 #bwg_container2_0 .bwg-mosaic-thumbnails .bwg_ecommerce_spun2_0 {\t\t    color: #CCCCCC;        font-family: segoe ui;        font-size: 16px;        font-weight: bold;        text-shadow: 0px 0px 0px #888888;        vertical-align: middle;        word-wrap: break-word;      }            .bwg_mosaic_play_icon_spun_0 {        display: table;        position: absolute;        left: -10000px;        top: 0px;        opacity: 0;      }      .bwg_mosaic_play_icon_0 {        color: #CCCCCC;        font-size: 32px;        vertical-align: middle;        display: table-cell !important;        z-index: 1;        text-align: center;        margin: 0 auto;      }      #bwg_container1_0 #bwg_container2_0 .bwg_gal_title_0 {        background-color: rgba(0, 0, 0, 0);        color: #323A45;        display: block;        font-family: Ubuntu;        font-size: 16px;        font-weight: bold;        padding: 2px;        text-shadow: ;        text-align: center;      }            @media screen and (max-width: 240px) {      div[class^=\"bwg_mosaic_thumbnails_\"],      span[class^=\"bwg_mosaic_thumb_spun_\"] {      width: 100% !important;      }      img[class^=\"bwg_mosaic_thumb_\"] {      width: 100% !important;      height: auto !important;      margin: 0px auto !important;      }      }      <\/style>    <div id=\"bwg_container1_0\"         class=\"bwg_container bwg_thumbnail bwg_thumbnails_mosaic \"         data-right-click-protection=\"0\"         data-bwg=\"0\"         data-scroll=\"0\"         data-gallery-type=\"thumbnails_mosaic\"         data-gallery-view-type=\"thumbnails_mosaic\"         data-current-url=\"\/index.php\/wp-json\/wp\/v2\/posts\/15108\"         data-lightbox-url=\"https:\/\/www.rabelais32.org\/wp-admin\/admin-ajax.php?action=GalleryBox&#038;current_view=0&#038;gallery_id=389&#038;tag=0&#038;theme_id=1&#038;shortcode_id=763&#038;sort_by=order&#038;order_by=asc&#038;current_url=%2Findex.php%2Fwp-json%2Fwp%2Fv2%2Fposts%2F15108\"         data-gallery-id=\"389\"         data-popup-width=\"800\"         data-popup-height=\"500\"         data-is-album=\"gallery\"         data-buttons-position=\"bottom\">      <div id=\"bwg_container2_0\">             <div id=\"ajax_loading_0\" class=\"bwg_loading_div_1\">      <div class=\"bwg_loading_div_2\">        <div class=\"bwg_loading_div_3\">          <div id=\"loading_div_0\" class=\"bwg_spider_ajax_loading\">          <\/div>        <\/div>      <\/div>    <\/div>            <form id=\"gal_front_form_0\"              class=\"bwg-hidden\"              method=\"post\"              action=\"#\"              data-current=\"0\"              data-shortcode-id=\"763\"              data-gallery-type=\"thumbnails_mosaic\"              data-gallery-id=\"389\"              data-tag=\"0\"              data-album-id=\"0\"              data-theme-id=\"1\"              data-ajax-url=\"https:\/\/www.rabelais32.org\/wp-admin\/admin-ajax.php?action=bwg_frontend_data\">          <div id=\"bwg_container3_0\" class=\"bwg-background bwg-background-0\">                <div id=\"bwg_mosaic_thumbnails_div_0\"         class=\"bwg-container-0 bwg-container bwg-mosaic-thumbnails\"         data-bwg=\"0\"         data-mosaic-direction=\"vertical\"         data-resizable=\"1\"         data-width=\"140\"         data-height=\"140\"         data-total-width=\"100\"         data-block-id=\"bwg_thumbnails_mosaic_0\"         data-thumb-padding=\"4\"         data-thumb-border=\"0\"         data-title-margin=\"2px\"         data-image-title=\"none\"         data-play-icon=\"0\"         data-ecommerce-icon=\"none\"         data-gallery-id=\"389\"         data-lightbox-url=\"https:\/\/www.rabelais32.org\/wp-admin\/admin-ajax.php?action=GalleryBox&#038;current_view=0&#038;gallery_id=389&#038;tag=0&#038;theme_id=1&#038;shortcode_id=763&#038;sort_by=order&#038;order_by=asc&#038;current_url=%2Findex.php%2Fwp-json%2Fwp%2Fv2%2Fposts%2F15108\"         data-mosaic-thumb-transition=\"1\"         style=\"visibility: hidden\" >      <div id=\"bwg_thumbnails_mosaic_0\" class=\"bwg_mosaic_thumbnails_0\">                  <a  class=\"bwg-a bwg_lightbox bwg_lightbox_0\" href=\"https:\/\/www.rabelais32.org\/wp-content\/uploads\/photo-gallery\/musee_ingres\/Ingres-pere.jpg?bwg=1744791786\" data-image-id=\"7133\" data-elementor-open-lightbox=\"no\">          <div class=\"bwg_mosaic_thumb_spun_0 bwg-item0 bwg-mosaic-thumb-span \">            <img decoding=\"async\" class=\"bwg_mosaic_thumb_0 skip-lazy bwg_img_clear bwg_img_custom \"                 id=\"7133\"                 src=\"https:\/\/www.rabelais32.org\/wp-content\/uploads\/photo-gallery\/musee_ingres\/thumb\/Ingres-pere.jpg?bwg=1744791786\"                 data-src=\"https:\/\/www.rabelais32.org\/wp-content\/uploads\/photo-gallery\/musee_ingres\/thumb\/Ingres-pere.jpg?bwg=1744791786\"                 data-width=\"249.00\"                 data-height=\"300.00\"                 alt=\"Ingres-pere\"                 title=\"Ingres-pere\" \/>                      <\/div>        <\/a>                <a  class=\"bwg-a bwg_lightbox bwg_lightbox_0\" href=\"https:\/\/www.rabelais32.org\/wp-content\/uploads\/photo-gallery\/musee_ingres\/ingres-fils-1.jpg?bwg=1744747807\" data-image-id=\"7064\" data-elementor-open-lightbox=\"no\">          <div class=\"bwg_mosaic_thumb_spun_0 bwg-item0 bwg-mosaic-thumb-span \">            <img decoding=\"async\" class=\"bwg_mosaic_thumb_0 skip-lazy bwg_img_clear bwg_img_custom \"                 id=\"7064\"                 src=\"https:\/\/www.rabelais32.org\/wp-content\/uploads\/photo-gallery\/musee_ingres\/thumb\/ingres-fils-1.jpg?bwg=1744747807\"                 data-src=\"https:\/\/www.rabelais32.org\/wp-content\/uploads\/photo-gallery\/musee_ingres\/thumb\/ingres-fils-1.jpg?bwg=1744747807\"                 data-width=\"260.00\"                 data-height=\"300.00\"                 alt=\"ingres-fils-1\"                 title=\"ingres-fils-1\" \/>                      <\/div>        <\/a>                <a  class=\"bwg-a bwg_lightbox bwg_lightbox_0\" href=\"https:\/\/www.rabelais32.org\/wp-content\/uploads\/photo-gallery\/musee_ingres\/20250408_120506.jpg?bwg=1744747807\" data-image-id=\"7065\" data-elementor-open-lightbox=\"no\">          <div class=\"bwg_mosaic_thumb_spun_0 bwg-item0 bwg-mosaic-thumb-span \">            <img decoding=\"async\" class=\"bwg_mosaic_thumb_0 skip-lazy bwg_img_clear bwg_img_custom \"                 id=\"7065\"                 src=\"https:\/\/www.rabelais32.org\/wp-content\/uploads\/photo-gallery\/musee_ingres\/thumb\/20250408_120506.jpg?bwg=1744747807\"                 data-src=\"https:\/\/www.rabelais32.org\/wp-content\/uploads\/photo-gallery\/musee_ingres\/thumb\/20250408_120506.jpg?bwg=1744747807\"                 data-width=\"225.00\"                 data-height=\"300.00\"                 alt=\"20250408 120506\"                 title=\"20250408 120506\" \/>                      <\/div>        <\/a>                <a  class=\"bwg-a bwg_lightbox bwg_lightbox_0\" href=\"https:\/\/www.rabelais32.org\/wp-content\/uploads\/photo-gallery\/musee_ingres\/20250408_120504.jpg?bwg=1744747807\" data-image-id=\"7066\" data-elementor-open-lightbox=\"no\">          <div class=\"bwg_mosaic_thumb_spun_0 bwg-item0 bwg-mosaic-thumb-span \">            <img decoding=\"async\" class=\"bwg_mosaic_thumb_0 skip-lazy bwg_img_clear bwg_img_custom \"                 id=\"7066\"                 src=\"https:\/\/www.rabelais32.org\/wp-content\/uploads\/photo-gallery\/musee_ingres\/thumb\/20250408_120504.jpg?bwg=1744747807\"                 data-src=\"https:\/\/www.rabelais32.org\/wp-content\/uploads\/photo-gallery\/musee_ingres\/thumb\/20250408_120504.jpg?bwg=1744747807\"                 data-width=\"225.00\"                 data-height=\"300.00\"                 alt=\"20250408 120504\"                 title=\"20250408 120504\" \/>                      <\/div>        <\/a>                <a  class=\"bwg-a bwg_lightbox bwg_lightbox_0\" href=\"https:\/\/www.rabelais32.org\/wp-content\/uploads\/photo-gallery\/musee_ingres\/20250408_120459.jpg?bwg=1744747807\" data-image-id=\"7067\" data-elementor-open-lightbox=\"no\">          <div class=\"bwg_mosaic_thumb_spun_0 bwg-item0 bwg-mosaic-thumb-span \">            <img decoding=\"async\" class=\"bwg_mosaic_thumb_0 skip-lazy bwg_img_clear bwg_img_custom \"                 id=\"7067\"                 src=\"https:\/\/www.rabelais32.org\/wp-content\/uploads\/photo-gallery\/musee_ingres\/thumb\/20250408_120459.jpg?bwg=1744747807\"                 data-src=\"https:\/\/www.rabelais32.org\/wp-content\/uploads\/photo-gallery\/musee_ingres\/thumb\/20250408_120459.jpg?bwg=1744747807\"                 data-width=\"225.00\"                 data-height=\"300.00\"                 alt=\"20250408 120459\"                 title=\"20250408 120459\" \/>                      <\/div>        <\/a>                <a  class=\"bwg-a bwg_lightbox bwg_lightbox_0\" href=\"https:\/\/www.rabelais32.org\/wp-content\/uploads\/photo-gallery\/musee_ingres\/20250408_120401.jpg?bwg=1744747807\" data-image-id=\"7068\" data-elementor-open-lightbox=\"no\">          <div class=\"bwg_mosaic_thumb_spun_0 bwg-item0 bwg-mosaic-thumb-span \">            <img decoding=\"async\" class=\"bwg_mosaic_thumb_0 skip-lazy bwg_img_clear bwg_img_custom \"                 id=\"7068\"                 src=\"https:\/\/www.rabelais32.org\/wp-content\/uploads\/photo-gallery\/musee_ingres\/thumb\/20250408_120401.jpg?bwg=1744747807\"                 data-src=\"https:\/\/www.rabelais32.org\/wp-content\/uploads\/photo-gallery\/musee_ingres\/thumb\/20250408_120401.jpg?bwg=1744747807\"                 data-width=\"225.00\"                 data-height=\"300.00\"                 alt=\"20250408 120401\"                 title=\"20250408 120401\" \/>                      <\/div>        <\/a>                <a  class=\"bwg-a bwg_lightbox bwg_lightbox_0\" href=\"https:\/\/www.rabelais32.org\/wp-content\/uploads\/photo-gallery\/musee_ingres\/20250408_120324.jpg?bwg=1744747807\" data-image-id=\"7069\" data-elementor-open-lightbox=\"no\">          <div class=\"bwg_mosaic_thumb_spun_0 bwg-item0 bwg-mosaic-thumb-span \">            <img decoding=\"async\" class=\"bwg_mosaic_thumb_0 skip-lazy bwg_img_clear bwg_img_custom \"                 id=\"7069\"                 src=\"https:\/\/www.rabelais32.org\/wp-content\/uploads\/photo-gallery\/musee_ingres\/thumb\/20250408_120324.jpg?bwg=1744747807\"                 data-src=\"https:\/\/www.rabelais32.org\/wp-content\/uploads\/photo-gallery\/musee_ingres\/thumb\/20250408_120324.jpg?bwg=1744747807\"                 data-width=\"225.00\"                 data-height=\"300.00\"                 alt=\"20250408 120324\"                 title=\"20250408 120324\" \/>                      <\/div>        <\/a>                <a  class=\"bwg-a bwg_lightbox bwg_lightbox_0\" href=\"https:\/\/www.rabelais32.org\/wp-content\/uploads\/photo-gallery\/musee_ingres\/20250408_120246.jpg?bwg=1744747807\" data-image-id=\"7070\" data-elementor-open-lightbox=\"no\">          <div class=\"bwg_mosaic_thumb_spun_0 bwg-item0 bwg-mosaic-thumb-span \">            <img decoding=\"async\" class=\"bwg_mosaic_thumb_0 skip-lazy bwg_img_clear bwg_img_custom \"                 id=\"7070\"                 src=\"https:\/\/www.rabelais32.org\/wp-content\/uploads\/photo-gallery\/musee_ingres\/thumb\/20250408_120246.jpg?bwg=1744747807\"                 data-src=\"https:\/\/www.rabelais32.org\/wp-content\/uploads\/photo-gallery\/musee_ingres\/thumb\/20250408_120246.jpg?bwg=1744747807\"                 data-width=\"225.00\"                 data-height=\"300.00\"                 alt=\"20250408 120246\"                 title=\"20250408 120246\" \/>                      <\/div>        <\/a>                <a  class=\"bwg-a bwg_lightbox bwg_lightbox_0\" href=\"https:\/\/www.rabelais32.org\/wp-content\/uploads\/photo-gallery\/musee_ingres\/20250408_120202.jpg?bwg=1744747807\" data-image-id=\"7071\" data-elementor-open-lightbox=\"no\">          <div class=\"bwg_mosaic_thumb_spun_0 bwg-item0 bwg-mosaic-thumb-span \">            <img decoding=\"async\" class=\"bwg_mosaic_thumb_0 skip-lazy bwg_img_clear bwg_img_custom \"                 id=\"7071\"                 src=\"https:\/\/www.rabelais32.org\/wp-content\/uploads\/photo-gallery\/musee_ingres\/thumb\/20250408_120202.jpg?bwg=1744747807\"                 data-src=\"https:\/\/www.rabelais32.org\/wp-content\/uploads\/photo-gallery\/musee_ingres\/thumb\/20250408_120202.jpg?bwg=1744747807\"                 data-width=\"225.00\"                 data-height=\"300.00\"                 alt=\"20250408 120202\"                 title=\"20250408 120202\" \/>                      <\/div>        <\/a>                <a  class=\"bwg-a bwg_lightbox bwg_lightbox_0\" href=\"https:\/\/www.rabelais32.org\/wp-content\/uploads\/photo-gallery\/musee_ingres\/20250408_120036.jpg?bwg=1744747807\" data-image-id=\"7072\" data-elementor-open-lightbox=\"no\">          <div class=\"bwg_mosaic_thumb_spun_0 bwg-item0 bwg-mosaic-thumb-span \">            <img decoding=\"async\" class=\"bwg_mosaic_thumb_0 skip-lazy bwg_img_clear bwg_img_custom \"                 id=\"7072\"                 src=\"https:\/\/www.rabelais32.org\/wp-content\/uploads\/photo-gallery\/musee_ingres\/thumb\/20250408_120036.jpg?bwg=1744747807\"                 data-src=\"https:\/\/www.rabelais32.org\/wp-content\/uploads\/photo-gallery\/musee_ingres\/thumb\/20250408_120036.jpg?bwg=1744747807\"                 data-width=\"225.00\"                 data-height=\"300.00\"                 alt=\"20250408 120036\"                 title=\"20250408 120036\" \/>                      <\/div>        <\/a>                <a  class=\"bwg-a bwg_lightbox bwg_lightbox_0\" href=\"https:\/\/www.rabelais32.org\/wp-content\/uploads\/photo-gallery\/musee_ingres\/20250408_115716.jpg?bwg=1744747807\" data-image-id=\"7073\" data-elementor-open-lightbox=\"no\">          <div class=\"bwg_mosaic_thumb_spun_0 bwg-item0 bwg-mosaic-thumb-span \">            <img decoding=\"async\" class=\"bwg_mosaic_thumb_0 skip-lazy bwg_img_clear bwg_img_custom \"                 id=\"7073\"                 src=\"https:\/\/www.rabelais32.org\/wp-content\/uploads\/photo-gallery\/musee_ingres\/thumb\/20250408_115716.jpg?bwg=1744747807\"                 data-src=\"https:\/\/www.rabelais32.org\/wp-content\/uploads\/photo-gallery\/musee_ingres\/thumb\/20250408_115716.jpg?bwg=1744747807\"                 data-width=\"225.00\"                 data-height=\"300.00\"                 alt=\"20250408 115716\"                 title=\"20250408 115716\" \/>                      <\/div>        <\/a>                <a  class=\"bwg-a bwg_lightbox bwg_lightbox_0\" href=\"https:\/\/www.rabelais32.org\/wp-content\/uploads\/photo-gallery\/musee_ingres\/20250408_115434.jpg?bwg=1744747807\" data-image-id=\"7074\" data-elementor-open-lightbox=\"no\">          <div class=\"bwg_mosaic_thumb_spun_0 bwg-item0 bwg-mosaic-thumb-span \">            <img decoding=\"async\" class=\"bwg_mosaic_thumb_0 skip-lazy bwg_img_clear bwg_img_custom \"                 id=\"7074\"                 src=\"https:\/\/www.rabelais32.org\/wp-content\/uploads\/photo-gallery\/musee_ingres\/thumb\/20250408_115434.jpg?bwg=1744747807\"                 data-src=\"https:\/\/www.rabelais32.org\/wp-content\/uploads\/photo-gallery\/musee_ingres\/thumb\/20250408_115434.jpg?bwg=1744747807\"                 data-width=\"225.00\"                 data-height=\"300.00\"                 alt=\"20250408 115434\"                 title=\"20250408 115434\" \/>                      <\/div>        <\/a>                <a  class=\"bwg-a bwg_lightbox bwg_lightbox_0\" href=\"https:\/\/www.rabelais32.org\/wp-content\/uploads\/photo-gallery\/musee_ingres\/20250408_115423.jpg?bwg=1744747807\" data-image-id=\"7075\" data-elementor-open-lightbox=\"no\">          <div class=\"bwg_mosaic_thumb_spun_0 bwg-item0 bwg-mosaic-thumb-span \">            <img decoding=\"async\" class=\"bwg_mosaic_thumb_0 skip-lazy bwg_img_clear bwg_img_custom \"                 id=\"7075\"                 src=\"https:\/\/www.rabelais32.org\/wp-content\/uploads\/photo-gallery\/musee_ingres\/thumb\/20250408_115423.jpg?bwg=1744747807\"                 data-src=\"https:\/\/www.rabelais32.org\/wp-content\/uploads\/photo-gallery\/musee_ingres\/thumb\/20250408_115423.jpg?bwg=1744747807\"                 data-width=\"225.00\"                 data-height=\"300.00\"                 alt=\"20250408 115423\"                 title=\"20250408 115423\" \/>                      <\/div>        <\/a>                <a  class=\"bwg-a bwg_lightbox bwg_lightbox_0\" href=\"https:\/\/www.rabelais32.org\/wp-content\/uploads\/photo-gallery\/musee_ingres\/20250408_115329.jpg?bwg=1744747807\" data-image-id=\"7076\" data-elementor-open-lightbox=\"no\">          <div class=\"bwg_mosaic_thumb_spun_0 bwg-item0 bwg-mosaic-thumb-span \">            <img decoding=\"async\" class=\"bwg_mosaic_thumb_0 skip-lazy bwg_img_clear bwg_img_custom \"                 id=\"7076\"                 src=\"https:\/\/www.rabelais32.org\/wp-content\/uploads\/photo-gallery\/musee_ingres\/thumb\/20250408_115329.jpg?bwg=1744747807\"                 data-src=\"https:\/\/www.rabelais32.org\/wp-content\/uploads\/photo-gallery\/musee_ingres\/thumb\/20250408_115329.jpg?bwg=1744747807\"                 data-width=\"225.00\"                 data-height=\"300.00\"                 alt=\"20250408 115329\"                 title=\"20250408 115329\" \/>                      <\/div>        <\/a>                <a  class=\"bwg-a bwg_lightbox bwg_lightbox_0\" href=\"https:\/\/www.rabelais32.org\/wp-content\/uploads\/photo-gallery\/musee_ingres\/20250408_115204.jpg?bwg=1744747807\" data-image-id=\"7077\" data-elementor-open-lightbox=\"no\">          <div class=\"bwg_mosaic_thumb_spun_0 bwg-item0 bwg-mosaic-thumb-span \">            <img decoding=\"async\" class=\"bwg_mosaic_thumb_0 skip-lazy bwg_img_clear bwg_img_custom \"                 id=\"7077\"                 src=\"https:\/\/www.rabelais32.org\/wp-content\/uploads\/photo-gallery\/musee_ingres\/thumb\/20250408_115204.jpg?bwg=1744747807\"                 data-src=\"https:\/\/www.rabelais32.org\/wp-content\/uploads\/photo-gallery\/musee_ingres\/thumb\/20250408_115204.jpg?bwg=1744747807\"                 data-width=\"225.00\"                 data-height=\"300.00\"                 alt=\"20250408 115204\"                 title=\"20250408 115204\" \/>                      <\/div>        <\/a>                <a  class=\"bwg-a bwg_lightbox bwg_lightbox_0\" href=\"https:\/\/www.rabelais32.org\/wp-content\/uploads\/photo-gallery\/musee_ingres\/20250408_115054.jpg?bwg=1744747807\" data-image-id=\"7078\" data-elementor-open-lightbox=\"no\">          <div class=\"bwg_mosaic_thumb_spun_0 bwg-item0 bwg-mosaic-thumb-span \">            <img decoding=\"async\" class=\"bwg_mosaic_thumb_0 skip-lazy bwg_img_clear bwg_img_custom \"                 id=\"7078\"                 src=\"https:\/\/www.rabelais32.org\/wp-content\/uploads\/photo-gallery\/musee_ingres\/thumb\/20250408_115054.jpg?bwg=1744747807\"                 data-src=\"https:\/\/www.rabelais32.org\/wp-content\/uploads\/photo-gallery\/musee_ingres\/thumb\/20250408_115054.jpg?bwg=1744747807\"                 data-width=\"300.00\"                 data-height=\"225.00\"                 alt=\"20250408 115054\"                 title=\"20250408 115054\" \/>                      <\/div>        <\/a>                <a  class=\"bwg-a bwg_lightbox bwg_lightbox_0\" href=\"https:\/\/www.rabelais32.org\/wp-content\/uploads\/photo-gallery\/musee_ingres\/20250408_114501.jpg?bwg=1744747807\" data-image-id=\"7079\" data-elementor-open-lightbox=\"no\">          <div class=\"bwg_mosaic_thumb_spun_0 bwg-item0 bwg-mosaic-thumb-span \">            <img decoding=\"async\" class=\"bwg_mosaic_thumb_0 skip-lazy bwg_img_clear bwg_img_custom \"                 id=\"7079\"                 src=\"https:\/\/www.rabelais32.org\/wp-content\/uploads\/photo-gallery\/musee_ingres\/thumb\/20250408_114501.jpg?bwg=1744747807\"                 data-src=\"https:\/\/www.rabelais32.org\/wp-content\/uploads\/photo-gallery\/musee_ingres\/thumb\/20250408_114501.jpg?bwg=1744747807\"                 data-width=\"225.00\"                 data-height=\"300.00\"                 alt=\"20250408 114501\"                 title=\"20250408 114501\" \/>                      <\/div>        <\/a>                <a  class=\"bwg-a bwg_lightbox bwg_lightbox_0\" href=\"https:\/\/www.rabelais32.org\/wp-content\/uploads\/photo-gallery\/musee_ingres\/20250408_114900.jpg?bwg=1744747807\" data-image-id=\"7080\" data-elementor-open-lightbox=\"no\">          <div class=\"bwg_mosaic_thumb_spun_0 bwg-item0 bwg-mosaic-thumb-span \">            <img decoding=\"async\" class=\"bwg_mosaic_thumb_0 skip-lazy bwg_img_clear bwg_img_custom \"                 id=\"7080\"                 src=\"https:\/\/www.rabelais32.org\/wp-content\/uploads\/photo-gallery\/musee_ingres\/thumb\/20250408_114900.jpg?bwg=1744747807\"                 data-src=\"https:\/\/www.rabelais32.org\/wp-content\/uploads\/photo-gallery\/musee_ingres\/thumb\/20250408_114900.jpg?bwg=1744747807\"                 data-width=\"225.00\"                 data-height=\"300.00\"                 alt=\"20250408 114900\"                 title=\"20250408 114900\" \/>                      <\/div>        <\/a>                <a  class=\"bwg-a bwg_lightbox bwg_lightbox_0\" href=\"https:\/\/www.rabelais32.org\/wp-content\/uploads\/photo-gallery\/musee_ingres\/20250408_115016.jpg?bwg=1744747807\" data-image-id=\"7081\" data-elementor-open-lightbox=\"no\">          <div class=\"bwg_mosaic_thumb_spun_0 bwg-item0 bwg-mosaic-thumb-span \">            <img decoding=\"async\" class=\"bwg_mosaic_thumb_0 skip-lazy bwg_img_clear bwg_img_custom \"                 id=\"7081\"                 src=\"https:\/\/www.rabelais32.org\/wp-content\/uploads\/photo-gallery\/musee_ingres\/thumb\/20250408_115016.jpg?bwg=1744747807\"                 data-src=\"https:\/\/www.rabelais32.org\/wp-content\/uploads\/photo-gallery\/musee_ingres\/thumb\/20250408_115016.jpg?bwg=1744747807\"                 data-width=\"300.00\"                 data-height=\"225.00\"                 alt=\"20250408 115016\"                 title=\"20250408 115016\" \/>                      <\/div>        <\/a>                <a  class=\"bwg-a bwg_lightbox bwg_lightbox_0\" href=\"https:\/\/www.rabelais32.org\/wp-content\/uploads\/photo-gallery\/musee_ingres\/20250408_114735.jpg?bwg=1744747807\" data-image-id=\"7082\" data-elementor-open-lightbox=\"no\">          <div class=\"bwg_mosaic_thumb_spun_0 bwg-item0 bwg-mosaic-thumb-span \">            <img decoding=\"async\" class=\"bwg_mosaic_thumb_0 skip-lazy bwg_img_clear bwg_img_custom \"                 id=\"7082\"                 src=\"https:\/\/www.rabelais32.org\/wp-content\/uploads\/photo-gallery\/musee_ingres\/thumb\/20250408_114735.jpg?bwg=1744747807\"                 data-src=\"https:\/\/www.rabelais32.org\/wp-content\/uploads\/photo-gallery\/musee_ingres\/thumb\/20250408_114735.jpg?bwg=1744747807\"                 data-width=\"225.00\"                 data-height=\"300.00\"                 alt=\"20250408 114735\"                 title=\"20250408 114735\" \/>                      <\/div>        <\/a>                <a  class=\"bwg-a bwg_lightbox bwg_lightbox_0\" href=\"https:\/\/www.rabelais32.org\/wp-content\/uploads\/photo-gallery\/musee_ingres\/20250408_114333.jpg?bwg=1744747807\" data-image-id=\"7083\" data-elementor-open-lightbox=\"no\">          <div class=\"bwg_mosaic_thumb_spun_0 bwg-item0 bwg-mosaic-thumb-span \">            <img decoding=\"async\" class=\"bwg_mosaic_thumb_0 skip-lazy bwg_img_clear bwg_img_custom \"                 id=\"7083\"                 src=\"https:\/\/www.rabelais32.org\/wp-content\/uploads\/photo-gallery\/musee_ingres\/thumb\/20250408_114333.jpg?bwg=1744747807\"                 data-src=\"https:\/\/www.rabelais32.org\/wp-content\/uploads\/photo-gallery\/musee_ingres\/thumb\/20250408_114333.jpg?bwg=1744747807\"                 data-width=\"300.00\"                 data-height=\"225.00\"                 alt=\"20250408 114333\"                 title=\"20250408 114333\" \/>                      <\/div>        <\/a>                <a  class=\"bwg-a bwg_lightbox bwg_lightbox_0\" href=\"https:\/\/www.rabelais32.org\/wp-content\/uploads\/photo-gallery\/musee_ingres\/20250408_114231.jpg?bwg=1744747807\" data-image-id=\"7084\" data-elementor-open-lightbox=\"no\">          <div class=\"bwg_mosaic_thumb_spun_0 bwg-item0 bwg-mosaic-thumb-span \">            <img decoding=\"async\" class=\"bwg_mosaic_thumb_0 skip-lazy bwg_img_clear bwg_img_custom \"                 id=\"7084\"                 src=\"https:\/\/www.rabelais32.org\/wp-content\/uploads\/photo-gallery\/musee_ingres\/thumb\/20250408_114231.jpg?bwg=1744747807\"                 data-src=\"https:\/\/www.rabelais32.org\/wp-content\/uploads\/photo-gallery\/musee_ingres\/thumb\/20250408_114231.jpg?bwg=1744747807\"                 data-width=\"300.00\"                 data-height=\"225.00\"                 alt=\"20250408 114231\"                 title=\"20250408 114231\" \/>                      <\/div>        <\/a>                <a  class=\"bwg-a bwg_lightbox bwg_lightbox_0\" href=\"https:\/\/www.rabelais32.org\/wp-content\/uploads\/photo-gallery\/musee_ingres\/20250408_113819.jpg?bwg=1744747807\" data-image-id=\"7085\" data-elementor-open-lightbox=\"no\">          <div class=\"bwg_mosaic_thumb_spun_0 bwg-item0 bwg-mosaic-thumb-span \">            <img decoding=\"async\" class=\"bwg_mosaic_thumb_0 skip-lazy bwg_img_clear bwg_img_custom \"                 id=\"7085\"                 src=\"https:\/\/www.rabelais32.org\/wp-content\/uploads\/photo-gallery\/musee_ingres\/thumb\/20250408_113819.jpg?bwg=1744747807\"                 data-src=\"https:\/\/www.rabelais32.org\/wp-content\/uploads\/photo-gallery\/musee_ingres\/thumb\/20250408_113819.jpg?bwg=1744747807\"                 data-width=\"300.00\"                 data-height=\"225.00\"                 alt=\"20250408 113819\"                 title=\"20250408 113819\" \/>                      <\/div>        <\/a>                <a  class=\"bwg-a bwg_lightbox bwg_lightbox_0\" href=\"https:\/\/www.rabelais32.org\/wp-content\/uploads\/photo-gallery\/musee_ingres\/20250408_113803.jpg?bwg=1744747807\" data-image-id=\"7086\" data-elementor-open-lightbox=\"no\">          <div class=\"bwg_mosaic_thumb_spun_0 bwg-item0 bwg-mosaic-thumb-span \">            <img decoding=\"async\" class=\"bwg_mosaic_thumb_0 skip-lazy bwg_img_clear bwg_img_custom \"                 id=\"7086\"                 src=\"https:\/\/www.rabelais32.org\/wp-content\/uploads\/photo-gallery\/musee_ingres\/thumb\/20250408_113803.jpg?bwg=1744747807\"                 data-src=\"https:\/\/www.rabelais32.org\/wp-content\/uploads\/photo-gallery\/musee_ingres\/thumb\/20250408_113803.jpg?bwg=1744747807\"                 data-width=\"225.00\"                 data-height=\"300.00\"                 alt=\"20250408 113803\"                 title=\"20250408 113803\" \/>                      <\/div>        <\/a>                <a  class=\"bwg-a bwg_lightbox bwg_lightbox_0\" href=\"https:\/\/www.rabelais32.org\/wp-content\/uploads\/photo-gallery\/musee_ingres\/20250408_112907.jpg?bwg=1744747807\" data-image-id=\"7087\" data-elementor-open-lightbox=\"no\">          <div class=\"bwg_mosaic_thumb_spun_0 bwg-item0 bwg-mosaic-thumb-span \">            <img decoding=\"async\" class=\"bwg_mosaic_thumb_0 skip-lazy bwg_img_clear bwg_img_custom \"                 id=\"7087\"                 src=\"https:\/\/www.rabelais32.org\/wp-content\/uploads\/photo-gallery\/musee_ingres\/thumb\/20250408_112907.jpg?bwg=1744747807\"                 data-src=\"https:\/\/www.rabelais32.org\/wp-content\/uploads\/photo-gallery\/musee_ingres\/thumb\/20250408_112907.jpg?bwg=1744747807\"                 data-width=\"300.00\"                 data-height=\"225.00\"                 alt=\"20250408 112907\"                 title=\"20250408 112907\" \/>                      <\/div>        <\/a>                <a  class=\"bwg-a bwg_lightbox bwg_lightbox_0\" href=\"https:\/\/www.rabelais32.org\/wp-content\/uploads\/photo-gallery\/musee_ingres\/20250408_112543.jpg?bwg=1744747807\" data-image-id=\"7088\" data-elementor-open-lightbox=\"no\">          <div class=\"bwg_mosaic_thumb_spun_0 bwg-item0 bwg-mosaic-thumb-span \">            <img decoding=\"async\" class=\"bwg_mosaic_thumb_0 skip-lazy bwg_img_clear bwg_img_custom \"                 id=\"7088\"                 src=\"https:\/\/www.rabelais32.org\/wp-content\/uploads\/photo-gallery\/musee_ingres\/thumb\/20250408_112543.jpg?bwg=1744747807\"                 data-src=\"https:\/\/www.rabelais32.org\/wp-content\/uploads\/photo-gallery\/musee_ingres\/thumb\/20250408_112543.jpg?bwg=1744747807\"                 data-width=\"225.00\"                 data-height=\"300.00\"                 alt=\"20250408 112543\"                 title=\"20250408 112543\" \/>                      <\/div>        <\/a>                <a  class=\"bwg-a bwg_lightbox bwg_lightbox_0\" href=\"https:\/\/www.rabelais32.org\/wp-content\/uploads\/photo-gallery\/musee_ingres\/20250408_111615.jpg?bwg=1744747807\" data-image-id=\"7089\" data-elementor-open-lightbox=\"no\">          <div class=\"bwg_mosaic_thumb_spun_0 bwg-item0 bwg-mosaic-thumb-span \">            <img decoding=\"async\" class=\"bwg_mosaic_thumb_0 skip-lazy bwg_img_clear bwg_img_custom \"                 id=\"7089\"                 src=\"https:\/\/www.rabelais32.org\/wp-content\/uploads\/photo-gallery\/musee_ingres\/thumb\/20250408_111615.jpg?bwg=1744747807\"                 data-src=\"https:\/\/www.rabelais32.org\/wp-content\/uploads\/photo-gallery\/musee_ingres\/thumb\/20250408_111615.jpg?bwg=1744747807\"                 data-width=\"225.00\"                 data-height=\"300.00\"                 alt=\"20250408 111615\"                 title=\"20250408 111615\" \/>                      <\/div>        <\/a>                <a  class=\"bwg-a bwg_lightbox bwg_lightbox_0\" href=\"https:\/\/www.rabelais32.org\/wp-content\/uploads\/photo-gallery\/musee_ingres\/20250408_111037.jpg?bwg=1744747807\" data-image-id=\"7090\" data-elementor-open-lightbox=\"no\">          <div class=\"bwg_mosaic_thumb_spun_0 bwg-item0 bwg-mosaic-thumb-span \">            <img decoding=\"async\" class=\"bwg_mosaic_thumb_0 skip-lazy bwg_img_clear bwg_img_custom \"                 id=\"7090\"                 src=\"https:\/\/www.rabelais32.org\/wp-content\/uploads\/photo-gallery\/musee_ingres\/thumb\/20250408_111037.jpg?bwg=1744747807\"                 data-src=\"https:\/\/www.rabelais32.org\/wp-content\/uploads\/photo-gallery\/musee_ingres\/thumb\/20250408_111037.jpg?bwg=1744747807\"                 data-width=\"225.00\"                 data-height=\"300.00\"                 alt=\"20250408 111037\"                 title=\"20250408 111037\" \/>                      <\/div>        <\/a>                <a  class=\"bwg-a bwg_lightbox bwg_lightbox_0\" href=\"https:\/\/www.rabelais32.org\/wp-content\/uploads\/photo-gallery\/musee_ingres\/20250408_111419.jpg?bwg=1744747807\" data-image-id=\"7091\" data-elementor-open-lightbox=\"no\">          <div class=\"bwg_mosaic_thumb_spun_0 bwg-item0 bwg-mosaic-thumb-span \">            <img decoding=\"async\" class=\"bwg_mosaic_thumb_0 skip-lazy bwg_img_clear bwg_img_custom \"                 id=\"7091\"                 src=\"https:\/\/www.rabelais32.org\/wp-content\/uploads\/photo-gallery\/musee_ingres\/thumb\/20250408_111419.jpg?bwg=1744747807\"                 data-src=\"https:\/\/www.rabelais32.org\/wp-content\/uploads\/photo-gallery\/musee_ingres\/thumb\/20250408_111419.jpg?bwg=1744747807\"                 data-width=\"225.00\"                 data-height=\"300.00\"                 alt=\"20250408 111419\"                 title=\"20250408 111419\" \/>                      <\/div>        <\/a>                <a  class=\"bwg-a bwg_lightbox bwg_lightbox_0\" href=\"https:\/\/www.rabelais32.org\/wp-content\/uploads\/photo-gallery\/musee_ingres\/20250408_111519.jpg?bwg=1744747807\" data-image-id=\"7092\" data-elementor-open-lightbox=\"no\">          <div class=\"bwg_mosaic_thumb_spun_0 bwg-item0 bwg-mosaic-thumb-span \">            <img decoding=\"async\" class=\"bwg_mosaic_thumb_0 skip-lazy bwg_img_clear bwg_img_custom \"                 id=\"7092\"                 src=\"https:\/\/www.rabelais32.org\/wp-content\/uploads\/photo-gallery\/musee_ingres\/thumb\/20250408_111519.jpg?bwg=1744747807\"                 data-src=\"https:\/\/www.rabelais32.org\/wp-content\/uploads\/photo-gallery\/musee_ingres\/thumb\/20250408_111519.jpg?bwg=1744747807\"                 data-width=\"225.00\"                 data-height=\"300.00\"                 alt=\"20250408 111519\"                 title=\"20250408 111519\" \/>                      <\/div>        <\/a>            <\/div>    <\/div>    <style>      \/*pagination styles*\/      #bwg_container1_0 #bwg_container2_0 .tablenav-pages_0 {\t\t\t\ttext-align: center;\t\t\t\tfont-size: 12px;\t\t\t\tfont-family: segoe ui;\t\t\t\tfont-weight: bold;\t\t\t\tcolor: #666666;\t\t\t\tmargin: 6px 0 4px;\t\t\t\tdisplay: block;      }      @media only screen and (max-width : 320px) {      #bwg_container1_0 #bwg_container2_0 .displaying-num_0 {     \t display: none;      }      }      #bwg_container1_0 #bwg_container2_0 .displaying-num_0 {\t\t\t\tfont-size: 12px;\t\t\t\tfont-family: segoe ui;\t\t\t\tfont-weight: bold;\t\t\t\tcolor: #666666;\t\t\t\tmargin-right: 10px;\t\t\t\tvertical-align: middle;      }      #bwg_container1_0 #bwg_container2_0 .paging-input_0 {\t\t\t\tfont-size: 12px;\t\t\t\tfont-family: segoe ui;\t\t\t\tfont-weight: bold;\t\t\t\tcolor: #666666;\t\t\t\tvertical-align: middle;      }      #bwg_container1_0 #bwg_container2_0 .tablenav-pages_0 a.disabled,      #bwg_container1_0 #bwg_container2_0 .tablenav-pages_0 a.disabled:hover,      #bwg_container1_0 #bwg_container2_0 .tablenav-pages_0 a.disabled:focus,\t\t\t#bwg_container1_0 #bwg_container2_0 .tablenav-pages_0 input.bwg_current_page {\t\t\t\tcursor: default;\t\t\t\tcolor: rgba(102, 102, 102, 0.5);      }      #bwg_container1_0 #bwg_container2_0 .tablenav-pages_0 a,      #bwg_container1_0 #bwg_container2_0 .tablenav-pages_0 input.bwg_current_page {\t\t\t\tcursor: pointer;\t\t\t\ttext-align: center;\t\t\t\tfont-size: 12px;\t\t\t\tfont-family: segoe ui;\t\t\t\tfont-weight: bold;\t\t\t\tcolor: #666666;\t\t\t\ttext-decoration: none;\t\t\t\tpadding: 3px 6px;\t\t\t\tmargin: 0;\t\t\t\tborder-radius: 0;\t\t\t\tborder-style: solid;\t\t\t\tborder-width: 1px;\t\t\t\tborder-color: #E3E3E3;\t\t\t\t\t\t\t\tbackground-color: rgba(255, 255, 255, 1.00);\t\t\t\tbox-shadow: 0;\t\t\t\ttransition: all 0.3s ease 0s;-webkit-transition: all 0.3s ease 0s;      }      <\/style>      <span class=\"bwg_nav_cont_0\">              <div class=\"tablenav-pages_0\">                      <span class=\"pagination-links_0 pagination-links\" data-pages-count=\"2\">              <span class=\"pagination-links_col1\">              <a class=\"bwg-a first-page disabled\" title=\"Go to the first page\" >\u00ab<\/a>              <a class=\"bwg-a prev-page disabled\" title=\"Go to the previous page\" >\u2039<\/a>              <\/span>\t\t\t\t\t\t\t<span class=\"pagination-links_col2\">\t\t\t\t\t\t\t\t\t<input type=\"number\" class=\"bwg_current_page\" name=\"bwg_current_page\" value=\"1\" data-url-info=\"page_number_0\" onkeypress=\"return bwg_change_page_0(event, this)\" min=\"1\" oninput=\"validity.valid||(value='')\" \/>\t\t\t\t\t\t\t\t\t\tof\t\t\t\t\t\t\t\t\t\t<span class=\"total-pages_0\">\t\t\t\t\t\t\t\t\t\t\t2\t\t\t\t\t\t\t\t\t\t<\/span>\t\t\t\t\t\t\t<\/span>              <span class=\"pagination-links_col3\">                <a class=\"bwg-a next-page-0\" title=\"Go to the next page\" href=\"\/index.php\/wp-json\/wp\/v2\/posts\/15108?page_number_0=2\">\u203a<\/a>                <a class=\"bwg-a last-page-0\" title=\"Go to the last page\" href=\"\/index.php\/wp-json\/wp\/v2\/posts\/15108?page_number_0=2\">\u00bb<\/a>              <\/span>\t\t\t\t\t\t<\/span>\t\t\t\t\t\t        <\/div>                <input type=\"hidden\" id=\"page_number_0\" name=\"page_number_0\" value=\"1\" \/>      <script type=\"text\/javascript\">        if( jQuery('.bwg_nav_cont_0').length > 1 ) {          jQuery('.bwg_nav_cont_0').first().remove()        }        function spider_page_0(cur, x, y, load_more) {          if (typeof load_more == \"undefined\") {            var load_more = false;          }          if (jQuery(cur).hasClass('disabled')) {            return false;          }          var items_county_0 = 2;          switch (y) {            case 1:              if (x >= items_county_0) {                document.getElementById('page_number_0').value = items_county_0;              }              else {                document.getElementById('page_number_0').value = x + 1;              }              break;            case 2:              document.getElementById('page_number_0').value = items_county_0;              break;            case -1:              if (x == 1) {                document.getElementById('page_number_0').value = 1;              }              else {                document.getElementById('page_number_0').value = x - 1;              }              break;            case -2:              document.getElementById('page_number_0').value = 1;              break;\t\t\t\t\t\tcase 0:              document.getElementById('page_number_0').value = x;              break;            default:              document.getElementById('page_number_0').value = 1;          }          bwg_ajax('gal_front_form_0', '0', 'bwg_thumbnails_mosaic_0', '0', '', 'gallery', 0, '', '', load_more, '', 1);        }                    jQuery('.first-page disabled').on('click', function () {              spider_page_0(this, 1, -2, 'numeric');              return false;            });            jQuery('.prev-page disabled').on('click', function () {              spider_page_0(this, 1, -1, 'numeric');              return false;            });            jQuery('.next-page-0').on('click', function () {              spider_page_0(this, 1, 1, 'numeric');              return false;            });            jQuery('.last-page-0').on('click', function () {              spider_page_0(this, 1, 2, 'numeric');              return false;            });        \t\t\t\t\/* Change page on input enter. *\/        function bwg_change_page_0( e, that ) {          if (  e.key == 'Enter' ) {            var to_page = parseInt(jQuery(that).val());            var pages_count = jQuery(that).parents(\".pagination-links\").data(\"pages-count\");            var current_url_param = jQuery(that).attr('data-url-info');            if (to_page > pages_count) {              to_page = 1;            }\t \t\t\t\t\t\t\t\t\t\t\t\tspider_page_0(this, to_page, 0, 'numeric');\t\t\t\t\t\t\treturn false;\t\t\t\t\t\t          }          return true;        }        jQuery('.bwg_load_btn_0').on('click', function () {            spider_page_0(this, 1, 1, true);            return false;        });      <\/script>      <\/span>                <\/div>        <\/form>        <style>          #bwg_container1_0 #bwg_container2_0 #spider_popup_overlay_0 {          background-color: #000000;          opacity: 0.70;          }          <\/style>        <div id=\"bwg_spider_popup_loading_0\" class=\"bwg_spider_popup_loading\"><\/div>        <div id=\"spider_popup_overlay_0\" class=\"spider_popup_overlay\" onclick=\"spider_destroypopup(1000)\"><\/div>        <input type=\"hidden\" id=\"bwg_random_seed_0\" value=\"1009106249\">                <\/div>    <\/div>    <script>      if (document.readyState === 'complete') {        if( typeof bwg_main_ready == 'function' ) {          if ( jQuery(\"#bwg_container1_0\").height() ) {            bwg_main_ready(jQuery(\"#bwg_container1_0\"));          }        }      } else {        document.addEventListener('DOMContentLoaded', function() {          if( typeof bwg_main_ready == 'function' ) {            if ( jQuery(\"#bwg_container1_0\").height() ) {             bwg_main_ready(jQuery(\"#bwg_container1_0\"));            }          }        });      }    <\/script>    \n<p><em><strong>Galerie Abbaye de Belleperche :<\/strong><\/em><\/p>\n<style id=\"bwg-style-1\">    #bwg_container1_1 #bwg_container2_1 .bwg-container-1.bwg-standard-thumbnails {      width: 1084px;              justify-content: center;        margin:0 auto !important;              background-color: rgba(255, 255, 255, 0.00);            padding-left: 4px;      padding-top: 4px;      max-width: 100%;            }        #bwg_container1_1 #bwg_container2_1 .bwg-container-1.bwg-standard-thumbnails .bwg-item {    justify-content: flex-start;      max-width: 180px;            width: 180px !important;          }    #bwg_container1_1 #bwg_container2_1 .bwg-container-1.bwg-standard-thumbnails .bwg-item a {       margin-right: 4px;       margin-bottom: 4px;    }    #bwg_container1_1 #bwg_container2_1 .bwg-container-1.bwg-standard-thumbnails .bwg-item0 {      padding: 0px;            background-color:rgba(255,255,255, 0.30);      border: 0px none #CCCCCC;      opacity: 1.00;      border-radius: 0;      box-shadow: 0px 0px 0px #888888;    }    #bwg_container1_1 #bwg_container2_1 .bwg-container-1.bwg-standard-thumbnails .bwg-item1 img {      max-height: none;      max-width: none;      padding: 0 !important;    }        @media only screen and (min-width: 480px) {      #bwg_container1_1 #bwg_container2_1 .bwg-container-1.bwg-standard-thumbnails .bwg-item0 {        transition: all 0.3s ease 0s;-webkit-transition: all 0.3s ease 0s;      }      #bwg_container1_1 #bwg_container2_1 .bwg-container-1.bwg-standard-thumbnails .bwg-item0:hover {        -ms-transform: scale(1.1);        -webkit-transform: scale(1.1);        transform: scale(1.1);      }    }          #bwg_container1_1 #bwg_container2_1 .bwg-container-1.bwg-standard-thumbnails .bwg-item1 {      padding-top: 50%;    }        #bwg_container1_1 #bwg_container2_1 .bwg-container-1.bwg-standard-thumbnails .bwg-title1 {      position: absolute;      top: 0;      z-index: 100;      width: 100%;      height: 100%;      display: flex;      justify-content: center;      align-content: center;      flex-direction: column;      opacity: 0;    }\t      #bwg_container1_1 #bwg_container2_1 .bwg-container-1.bwg-standard-thumbnails .bwg-title2,    #bwg_container1_1 #bwg_container2_1 .bwg-container-1.bwg-standard-thumbnails .bwg-ecommerce2 {      color: #FFFFFF;      font-family: segoe ui;      font-size: 16px;      font-weight: bold;      padding: 2px;      text-shadow: 0px 0px 0px #888888;      max-height: 100%;    }    #bwg_container1_1 #bwg_container2_1 .bwg-container-1.bwg-standard-thumbnails .bwg-thumb-description span {    color: #323A45;    font-family: Ubuntu;    font-size: 12px;    max-height: 100%;    word-wrap: break-word;    }    #bwg_container1_1 #bwg_container2_1 .bwg-container-1.bwg-standard-thumbnails .bwg-play-icon2 {      font-size: 32px;    }    #bwg_container1_1 #bwg_container2_1 .bwg-container-1.bwg-standard-thumbnails .bwg-ecommerce2 {      font-size: 19.2px;      color: #CCCCCC;    }    <\/style>    <div id=\"bwg_container1_1\"         class=\"bwg_container bwg_thumbnail bwg_thumbnails \"         data-right-click-protection=\"0\"         data-bwg=\"1\"         data-scroll=\"0\"         data-gallery-type=\"thumbnails\"         data-gallery-view-type=\"thumbnails\"         data-current-url=\"\/index.php\/wp-json\/wp\/v2\/posts\/15108\"         data-lightbox-url=\"https:\/\/www.rabelais32.org\/wp-admin\/admin-ajax.php?action=GalleryBox&#038;current_view=1&#038;gallery_id=390&#038;tag=0&#038;theme_id=1&#038;shortcode_id=764&#038;sort_by=order&#038;order_by=desc&#038;current_url=%2Findex.php%2Fwp-json%2Fwp%2Fv2%2Fposts%2F15108\"         data-gallery-id=\"390\"         data-popup-width=\"800\"         data-popup-height=\"500\"         data-is-album=\"gallery\"         data-buttons-position=\"bottom\">      <div id=\"bwg_container2_1\">             <div id=\"ajax_loading_1\" class=\"bwg_loading_div_1\">      <div class=\"bwg_loading_div_2\">        <div class=\"bwg_loading_div_3\">          <div id=\"loading_div_1\" class=\"bwg_spider_ajax_loading\">          <\/div>        <\/div>      <\/div>    <\/div>            <form id=\"gal_front_form_1\"              class=\"bwg-hidden\"              method=\"post\"              action=\"#\"              data-current=\"1\"              data-shortcode-id=\"764\"              data-gallery-type=\"thumbnails\"              data-gallery-id=\"390\"              data-tag=\"0\"              data-album-id=\"0\"              data-theme-id=\"1\"              data-ajax-url=\"https:\/\/www.rabelais32.org\/wp-admin\/admin-ajax.php?action=bwg_frontend_data\">          <div id=\"bwg_container3_1\" class=\"bwg-background bwg-background-1\">                <div data-max-count=\"6\"         data-thumbnail-width=\"180\"         data-bwg=\"1\"         data-gallery-id=\"390\"         data-lightbox-url=\"https:\/\/www.rabelais32.org\/wp-admin\/admin-ajax.php?action=GalleryBox&amp;current_view=1&amp;gallery_id=390&amp;tag=0&amp;theme_id=1&amp;shortcode_id=764&amp;sort_by=order&amp;order_by=desc&amp;current_url=%2Findex.php%2Fwp-json%2Fwp%2Fv2%2Fposts%2F15108\"         id=\"bwg_thumbnails_1\"         class=\"bwg-container-1 bwg-thumbnails bwg-standard-thumbnails bwg-container bwg-border-box\">            <div class=\"bwg-item\">        <a class=\"bwg-a  bwg_lightbox\"  data-image-id=\"7132\" href=\"https:\/\/www.rabelais32.org\/wp-content\/uploads\/photo-gallery\/belleperche\/2.jpg?bwg=1744747999\" data-elementor-open-lightbox=\"no\">                <div class=\"bwg-item0 \">          <div class=\"bwg-item1 \">            <div class=\"bwg-item2\">              <img decoding=\"async\" class=\"skip-lazy bwg_standart_thumb_img_1 \"                   data-id=\"7132\"                   data-width=\"300.00\"                   data-height=\"225.00\"                   data-src=\"https:\/\/www.rabelais32.org\/wp-content\/uploads\/photo-gallery\/belleperche\/thumb\/2.jpg?bwg=1744747999\"                   src=\"https:\/\/www.rabelais32.org\/wp-content\/uploads\/photo-gallery\/belleperche\/thumb\/2.jpg?bwg=1744747999\"                   alt=\"2\"                   title=\"2\" \/>            <\/div>            <div class=\"\">              <div class=\"bwg-title1\"><div class=\"bwg-title2\">2<\/div><\/div>                                        <\/div>          <\/div>        <\/div>                        <\/a>              <\/div>            <div class=\"bwg-item\">        <a class=\"bwg-a  bwg_lightbox\"  data-image-id=\"7131\" href=\"https:\/\/www.rabelais32.org\/wp-content\/uploads\/photo-gallery\/belleperche\/3.jpg?bwg=1744747999\" data-elementor-open-lightbox=\"no\">                <div class=\"bwg-item0 \">          <div class=\"bwg-item1 \">            <div class=\"bwg-item2\">              <img decoding=\"async\" class=\"skip-lazy bwg_standart_thumb_img_1 \"                   data-id=\"7131\"                   data-width=\"225.00\"                   data-height=\"300.00\"                   data-src=\"https:\/\/www.rabelais32.org\/wp-content\/uploads\/photo-gallery\/belleperche\/thumb\/3.jpg?bwg=1744747999\"                   src=\"https:\/\/www.rabelais32.org\/wp-content\/uploads\/photo-gallery\/belleperche\/thumb\/3.jpg?bwg=1744747999\"                   alt=\"3\"                   title=\"3\" \/>            <\/div>            <div class=\"\">              <div class=\"bwg-title1\"><div class=\"bwg-title2\">3<\/div><\/div>                                        <\/div>          <\/div>        <\/div>                        <\/a>              <\/div>            <div class=\"bwg-item\">        <a class=\"bwg-a  bwg_lightbox\"  data-image-id=\"7130\" href=\"https:\/\/www.rabelais32.org\/wp-content\/uploads\/photo-gallery\/belleperche\/4.jpg?bwg=1744747999\" data-elementor-open-lightbox=\"no\">                <div class=\"bwg-item0 \">          <div class=\"bwg-item1 \">            <div class=\"bwg-item2\">              <img decoding=\"async\" class=\"skip-lazy bwg_standart_thumb_img_1 \"                   data-id=\"7130\"                   data-width=\"300.00\"                   data-height=\"248.00\"                   data-src=\"https:\/\/www.rabelais32.org\/wp-content\/uploads\/photo-gallery\/belleperche\/thumb\/4.jpg?bwg=1744747999\"                   src=\"https:\/\/www.rabelais32.org\/wp-content\/uploads\/photo-gallery\/belleperche\/thumb\/4.jpg?bwg=1744747999\"                   alt=\"4\"                   title=\"4\" \/>            <\/div>            <div class=\"\">              <div class=\"bwg-title1\"><div class=\"bwg-title2\">4<\/div><\/div>                                        <\/div>          <\/div>        <\/div>                        <\/a>              <\/div>            <div class=\"bwg-item\">        <a class=\"bwg-a  bwg_lightbox\"  data-image-id=\"7129\" href=\"https:\/\/www.rabelais32.org\/wp-content\/uploads\/photo-gallery\/belleperche\/1.jpg?bwg=1744747999\" data-elementor-open-lightbox=\"no\">                <div class=\"bwg-item0 \">          <div class=\"bwg-item1 \">            <div class=\"bwg-item2\">              <img decoding=\"async\" class=\"skip-lazy bwg_standart_thumb_img_1 \"                   data-id=\"7129\"                   data-width=\"300.00\"                   data-height=\"225.00\"                   data-src=\"https:\/\/www.rabelais32.org\/wp-content\/uploads\/photo-gallery\/belleperche\/thumb\/1.jpg?bwg=1744747999\"                   src=\"https:\/\/www.rabelais32.org\/wp-content\/uploads\/photo-gallery\/belleperche\/thumb\/1.jpg?bwg=1744747999\"                   alt=\"1\"                   title=\"1\" \/>            <\/div>            <div class=\"\">              <div class=\"bwg-title1\"><div class=\"bwg-title2\">1<\/div><\/div>                                        <\/div>          <\/div>        <\/div>                        <\/a>              <\/div>            <div class=\"bwg-item\">        <a class=\"bwg-a  bwg_lightbox\"  data-image-id=\"7128\" href=\"https:\/\/www.rabelais32.org\/wp-content\/uploads\/photo-gallery\/belleperche\/7.jpg?bwg=1744747999\" data-elementor-open-lightbox=\"no\">                <div class=\"bwg-item0 \">          <div class=\"bwg-item1 \">            <div class=\"bwg-item2\">              <img decoding=\"async\" class=\"skip-lazy bwg_standart_thumb_img_1 \"                   data-id=\"7128\"                   data-width=\"300.00\"                   data-height=\"200.00\"                   data-src=\"https:\/\/www.rabelais32.org\/wp-content\/uploads\/photo-gallery\/belleperche\/thumb\/7.jpg?bwg=1744747999\"                   src=\"https:\/\/www.rabelais32.org\/wp-content\/uploads\/photo-gallery\/belleperche\/thumb\/7.jpg?bwg=1744747999\"                   alt=\"7\"                   title=\"7\" \/>            <\/div>            <div class=\"\">              <div class=\"bwg-title1\"><div class=\"bwg-title2\">7<\/div><\/div>                                        <\/div>          <\/div>        <\/div>                        <\/a>              <\/div>            <div class=\"bwg-item\">        <a class=\"bwg-a  bwg_lightbox\"  data-image-id=\"7127\" href=\"https:\/\/www.rabelais32.org\/wp-content\/uploads\/photo-gallery\/belleperche\/8.jpg?bwg=1744747999\" data-elementor-open-lightbox=\"no\">                <div class=\"bwg-item0 \">          <div class=\"bwg-item1 \">            <div class=\"bwg-item2\">              <img decoding=\"async\" class=\"skip-lazy bwg_standart_thumb_img_1 \"                   data-id=\"7127\"                   data-width=\"185.00\"                   data-height=\"300.00\"                   data-src=\"https:\/\/www.rabelais32.org\/wp-content\/uploads\/photo-gallery\/belleperche\/thumb\/8.jpg?bwg=1744747999\"                   src=\"https:\/\/www.rabelais32.org\/wp-content\/uploads\/photo-gallery\/belleperche\/thumb\/8.jpg?bwg=1744747999\"                   alt=\"8\"                   title=\"8\" \/>            <\/div>            <div class=\"\">              <div class=\"bwg-title1\"><div class=\"bwg-title2\">8<\/div><\/div>                                        <\/div>          <\/div>        <\/div>                        <\/a>              <\/div>            <div class=\"bwg-item\">        <a class=\"bwg-a  bwg_lightbox\"  data-image-id=\"7126\" href=\"https:\/\/www.rabelais32.org\/wp-content\/uploads\/photo-gallery\/belleperche\/9.jpg?bwg=1744747999\" data-elementor-open-lightbox=\"no\">                <div class=\"bwg-item0 \">          <div class=\"bwg-item1 \">            <div class=\"bwg-item2\">              <img decoding=\"async\" class=\"skip-lazy bwg_standart_thumb_img_1 \"                   data-id=\"7126\"                   data-width=\"300.00\"                   data-height=\"225.00\"                   data-src=\"https:\/\/www.rabelais32.org\/wp-content\/uploads\/photo-gallery\/belleperche\/thumb\/9.jpg?bwg=1744747999\"                   src=\"https:\/\/www.rabelais32.org\/wp-content\/uploads\/photo-gallery\/belleperche\/thumb\/9.jpg?bwg=1744747999\"                   alt=\"9\"                   title=\"9\" \/>            <\/div>            <div class=\"\">              <div class=\"bwg-title1\"><div class=\"bwg-title2\">9<\/div><\/div>                                        <\/div>          <\/div>        <\/div>                        <\/a>              <\/div>            <div class=\"bwg-item\">        <a class=\"bwg-a  bwg_lightbox\"  data-image-id=\"7125\" href=\"https:\/\/www.rabelais32.org\/wp-content\/uploads\/photo-gallery\/belleperche\/10.jpg?bwg=1744747999\" data-elementor-open-lightbox=\"no\">                <div class=\"bwg-item0 \">          <div class=\"bwg-item1 \">            <div class=\"bwg-item2\">              <img decoding=\"async\" class=\"skip-lazy bwg_standart_thumb_img_1 \"                   data-id=\"7125\"                   data-width=\"225.00\"                   data-height=\"300.00\"                   data-src=\"https:\/\/www.rabelais32.org\/wp-content\/uploads\/photo-gallery\/belleperche\/thumb\/10.jpg?bwg=1744747999\"                   src=\"https:\/\/www.rabelais32.org\/wp-content\/uploads\/photo-gallery\/belleperche\/thumb\/10.jpg?bwg=1744747999\"                   alt=\"10\"                   title=\"10\" \/>            <\/div>            <div class=\"\">              <div class=\"bwg-title1\"><div class=\"bwg-title2\">10<\/div><\/div>                                        <\/div>          <\/div>        <\/div>                        <\/a>              <\/div>            <div class=\"bwg-item\">        <a class=\"bwg-a  bwg_lightbox\"  data-image-id=\"7124\" href=\"https:\/\/www.rabelais32.org\/wp-content\/uploads\/photo-gallery\/belleperche\/16.jpg?bwg=1744747999\" data-elementor-open-lightbox=\"no\">                <div class=\"bwg-item0 \">          <div class=\"bwg-item1 \">            <div class=\"bwg-item2\">              <img decoding=\"async\" class=\"skip-lazy bwg_standart_thumb_img_1 \"                   data-id=\"7124\"                   data-width=\"225.00\"                   data-height=\"300.00\"                   data-src=\"https:\/\/www.rabelais32.org\/wp-content\/uploads\/photo-gallery\/belleperche\/thumb\/16.jpg?bwg=1744747999\"                   src=\"https:\/\/www.rabelais32.org\/wp-content\/uploads\/photo-gallery\/belleperche\/thumb\/16.jpg?bwg=1744747999\"                   alt=\"16\"                   title=\"16\" \/>            <\/div>            <div class=\"\">              <div class=\"bwg-title1\"><div class=\"bwg-title2\">16<\/div><\/div>                                        <\/div>          <\/div>        <\/div>                        <\/a>              <\/div>            <div class=\"bwg-item\">        <a class=\"bwg-a  bwg_lightbox\"  data-image-id=\"7123\" href=\"https:\/\/www.rabelais32.org\/wp-content\/uploads\/photo-gallery\/belleperche\/17.jpg?bwg=1744747999\" data-elementor-open-lightbox=\"no\">                <div class=\"bwg-item0 \">          <div class=\"bwg-item1 \">            <div class=\"bwg-item2\">              <img decoding=\"async\" class=\"skip-lazy bwg_standart_thumb_img_1 \"                   data-id=\"7123\"                   data-width=\"205.00\"                   data-height=\"300.00\"                   data-src=\"https:\/\/www.rabelais32.org\/wp-content\/uploads\/photo-gallery\/belleperche\/thumb\/17.jpg?bwg=1744747999\"                   src=\"https:\/\/www.rabelais32.org\/wp-content\/uploads\/photo-gallery\/belleperche\/thumb\/17.jpg?bwg=1744747999\"                   alt=\"17\"                   title=\"17\" \/>            <\/div>            <div class=\"\">              <div class=\"bwg-title1\"><div class=\"bwg-title2\">17<\/div><\/div>                                        <\/div>          <\/div>        <\/div>                        <\/a>              <\/div>            <div class=\"bwg-item\">        <a class=\"bwg-a  bwg_lightbox\"  data-image-id=\"7122\" href=\"https:\/\/www.rabelais32.org\/wp-content\/uploads\/photo-gallery\/belleperche\/18.jpg?bwg=1744747999\" data-elementor-open-lightbox=\"no\">                <div class=\"bwg-item0 \">          <div class=\"bwg-item1 \">            <div class=\"bwg-item2\">              <img decoding=\"async\" class=\"skip-lazy bwg_standart_thumb_img_1 \"                   data-id=\"7122\"                   data-width=\"300.00\"                   data-height=\"225.00\"                   data-src=\"https:\/\/www.rabelais32.org\/wp-content\/uploads\/photo-gallery\/belleperche\/thumb\/18.jpg?bwg=1744747999\"                   src=\"https:\/\/www.rabelais32.org\/wp-content\/uploads\/photo-gallery\/belleperche\/thumb\/18.jpg?bwg=1744747999\"                   alt=\"18\"                   title=\"18\" \/>            <\/div>            <div class=\"\">              <div class=\"bwg-title1\"><div class=\"bwg-title2\">18<\/div><\/div>                                        <\/div>          <\/div>        <\/div>                        <\/a>              <\/div>            <div class=\"bwg-item\">        <a class=\"bwg-a  bwg_lightbox\"  data-image-id=\"7121\" href=\"https:\/\/www.rabelais32.org\/wp-content\/uploads\/photo-gallery\/belleperche\/19.jpg?bwg=1744747999\" data-elementor-open-lightbox=\"no\">                <div class=\"bwg-item0 \">          <div class=\"bwg-item1 \">            <div class=\"bwg-item2\">              <img decoding=\"async\" class=\"skip-lazy bwg_standart_thumb_img_1 \"                   data-id=\"7121\"                   data-width=\"300.00\"                   data-height=\"225.00\"                   data-src=\"https:\/\/www.rabelais32.org\/wp-content\/uploads\/photo-gallery\/belleperche\/thumb\/19.jpg?bwg=1744747999\"                   src=\"https:\/\/www.rabelais32.org\/wp-content\/uploads\/photo-gallery\/belleperche\/thumb\/19.jpg?bwg=1744747999\"                   alt=\"19\"                   title=\"19\" \/>            <\/div>            <div class=\"\">              <div class=\"bwg-title1\"><div class=\"bwg-title2\">19<\/div><\/div>                                        <\/div>          <\/div>        <\/div>                        <\/a>              <\/div>            <div class=\"bwg-item\">        <a class=\"bwg-a  bwg_lightbox\"  data-image-id=\"7120\" href=\"https:\/\/www.rabelais32.org\/wp-content\/uploads\/photo-gallery\/belleperche\/20.jpg?bwg=1744747999\" data-elementor-open-lightbox=\"no\">                <div class=\"bwg-item0 \">          <div class=\"bwg-item1 \">            <div class=\"bwg-item2\">              <img decoding=\"async\" class=\"skip-lazy bwg_standart_thumb_img_1 \"                   data-id=\"7120\"                   data-width=\"300.00\"                   data-height=\"225.00\"                   data-src=\"https:\/\/www.rabelais32.org\/wp-content\/uploads\/photo-gallery\/belleperche\/thumb\/20.jpg?bwg=1744747999\"                   src=\"https:\/\/www.rabelais32.org\/wp-content\/uploads\/photo-gallery\/belleperche\/thumb\/20.jpg?bwg=1744747999\"                   alt=\"20\"                   title=\"20\" \/>            <\/div>            <div class=\"\">              <div class=\"bwg-title1\"><div class=\"bwg-title2\">20<\/div><\/div>                                        <\/div>          <\/div>        <\/div>                        <\/a>              <\/div>            <div class=\"bwg-item\">        <a class=\"bwg-a  bwg_lightbox\"  data-image-id=\"7119\" href=\"https:\/\/www.rabelais32.org\/wp-content\/uploads\/photo-gallery\/belleperche\/21.jpg?bwg=1744747999\" data-elementor-open-lightbox=\"no\">                <div class=\"bwg-item0 \">          <div class=\"bwg-item1 \">            <div class=\"bwg-item2\">              <img decoding=\"async\" class=\"skip-lazy bwg_standart_thumb_img_1 \"                   data-id=\"7119\"                   data-width=\"225.00\"                   data-height=\"300.00\"                   data-src=\"https:\/\/www.rabelais32.org\/wp-content\/uploads\/photo-gallery\/belleperche\/thumb\/21.jpg?bwg=1744747999\"                   src=\"https:\/\/www.rabelais32.org\/wp-content\/uploads\/photo-gallery\/belleperche\/thumb\/21.jpg?bwg=1744747999\"                   alt=\"21\"                   title=\"21\" \/>            <\/div>            <div class=\"\">              <div class=\"bwg-title1\"><div class=\"bwg-title2\">21<\/div><\/div>                                        <\/div>          <\/div>        <\/div>                        <\/a>              <\/div>            <div class=\"bwg-item\">        <a class=\"bwg-a  bwg_lightbox\"  data-image-id=\"7118\" href=\"https:\/\/www.rabelais32.org\/wp-content\/uploads\/photo-gallery\/belleperche\/22.jpg?bwg=1744747999\" data-elementor-open-lightbox=\"no\">                <div class=\"bwg-item0 \">          <div class=\"bwg-item1 \">            <div class=\"bwg-item2\">              <img decoding=\"async\" class=\"skip-lazy bwg_standart_thumb_img_1 \"                   data-id=\"7118\"                   data-width=\"300.00\"                   data-height=\"230.00\"                   data-src=\"https:\/\/www.rabelais32.org\/wp-content\/uploads\/photo-gallery\/belleperche\/thumb\/22.jpg?bwg=1744747999\"                   src=\"https:\/\/www.rabelais32.org\/wp-content\/uploads\/photo-gallery\/belleperche\/thumb\/22.jpg?bwg=1744747999\"                   alt=\"22\"                   title=\"22\" \/>            <\/div>            <div class=\"\">              <div class=\"bwg-title1\"><div class=\"bwg-title2\">22<\/div><\/div>                                        <\/div>          <\/div>        <\/div>                        <\/a>              <\/div>            <div class=\"bwg-item\">        <a class=\"bwg-a  bwg_lightbox\"  data-image-id=\"7117\" href=\"https:\/\/www.rabelais32.org\/wp-content\/uploads\/photo-gallery\/belleperche\/27.jpg?bwg=1744747999\" data-elementor-open-lightbox=\"no\">                <div class=\"bwg-item0 \">          <div class=\"bwg-item1 \">            <div class=\"bwg-item2\">              <img decoding=\"async\" class=\"skip-lazy bwg_standart_thumb_img_1 \"                   data-id=\"7117\"                   data-width=\"134.00\"                   data-height=\"300.00\"                   data-src=\"https:\/\/www.rabelais32.org\/wp-content\/uploads\/photo-gallery\/belleperche\/thumb\/27.jpg?bwg=1744747999\"                   src=\"https:\/\/www.rabelais32.org\/wp-content\/uploads\/photo-gallery\/belleperche\/thumb\/27.jpg?bwg=1744747999\"                   alt=\"27\"                   title=\"27\" \/>            <\/div>            <div class=\"\">              <div class=\"bwg-title1\"><div class=\"bwg-title2\">27<\/div><\/div>                                        <\/div>          <\/div>        <\/div>                        <\/a>              <\/div>            <div class=\"bwg-item\">        <a class=\"bwg-a  bwg_lightbox\"  data-image-id=\"7116\" href=\"https:\/\/www.rabelais32.org\/wp-content\/uploads\/photo-gallery\/belleperche\/28.jpg?bwg=1744747999\" data-elementor-open-lightbox=\"no\">                <div class=\"bwg-item0 \">          <div class=\"bwg-item1 \">            <div class=\"bwg-item2\">              <img decoding=\"async\" class=\"skip-lazy bwg_standart_thumb_img_1 \"                   data-id=\"7116\"                   data-width=\"300.00\"                   data-height=\"194.00\"                   data-src=\"https:\/\/www.rabelais32.org\/wp-content\/uploads\/photo-gallery\/belleperche\/thumb\/28.jpg?bwg=1744747999\"                   src=\"https:\/\/www.rabelais32.org\/wp-content\/uploads\/photo-gallery\/belleperche\/thumb\/28.jpg?bwg=1744747999\"                   alt=\"28\"                   title=\"28\" \/>            <\/div>            <div class=\"\">              <div class=\"bwg-title1\"><div class=\"bwg-title2\">28<\/div><\/div>                                        <\/div>          <\/div>        <\/div>                        <\/a>              <\/div>            <div class=\"bwg-item\">        <a class=\"bwg-a  bwg_lightbox\"  data-image-id=\"7115\" href=\"https:\/\/www.rabelais32.org\/wp-content\/uploads\/photo-gallery\/belleperche\/25.jpg?bwg=1744747999\" data-elementor-open-lightbox=\"no\">                <div class=\"bwg-item0 \">          <div class=\"bwg-item1 \">            <div class=\"bwg-item2\">              <img decoding=\"async\" class=\"skip-lazy bwg_standart_thumb_img_1 \"                   data-id=\"7115\"                   data-width=\"300.00\"                   data-height=\"225.00\"                   data-src=\"https:\/\/www.rabelais32.org\/wp-content\/uploads\/photo-gallery\/belleperche\/thumb\/25.jpg?bwg=1744747999\"                   src=\"https:\/\/www.rabelais32.org\/wp-content\/uploads\/photo-gallery\/belleperche\/thumb\/25.jpg?bwg=1744747999\"                   alt=\"25\"                   title=\"25\" \/>            <\/div>            <div class=\"\">              <div class=\"bwg-title1\"><div class=\"bwg-title2\">25<\/div><\/div>                                        <\/div>          <\/div>        <\/div>                        <\/a>              <\/div>            <div class=\"bwg-item\">        <a class=\"bwg-a  bwg_lightbox\"  data-image-id=\"7114\" href=\"https:\/\/www.rabelais32.org\/wp-content\/uploads\/photo-gallery\/belleperche\/29.jpg?bwg=1744747999\" data-elementor-open-lightbox=\"no\">                <div class=\"bwg-item0 \">          <div class=\"bwg-item1 \">            <div class=\"bwg-item2\">              <img decoding=\"async\" class=\"skip-lazy bwg_standart_thumb_img_1 \"                   data-id=\"7114\"                   data-width=\"225.00\"                   data-height=\"300.00\"                   data-src=\"https:\/\/www.rabelais32.org\/wp-content\/uploads\/photo-gallery\/belleperche\/thumb\/29.jpg?bwg=1744747999\"                   src=\"https:\/\/www.rabelais32.org\/wp-content\/uploads\/photo-gallery\/belleperche\/thumb\/29.jpg?bwg=1744747999\"                   alt=\"29\"                   title=\"29\" \/>            <\/div>            <div class=\"\">              <div class=\"bwg-title1\"><div class=\"bwg-title2\">29<\/div><\/div>                                        <\/div>          <\/div>        <\/div>                        <\/a>              <\/div>            <div class=\"bwg-item\">        <a class=\"bwg-a  bwg_lightbox\"  data-image-id=\"7113\" href=\"https:\/\/www.rabelais32.org\/wp-content\/uploads\/photo-gallery\/belleperche\/30.jpg?bwg=1744747999\" data-elementor-open-lightbox=\"no\">                <div class=\"bwg-item0 \">          <div class=\"bwg-item1 \">            <div class=\"bwg-item2\">              <img decoding=\"async\" class=\"skip-lazy bwg_standart_thumb_img_1 \"                   data-id=\"7113\"                   data-width=\"300.00\"                   data-height=\"236.00\"                   data-src=\"https:\/\/www.rabelais32.org\/wp-content\/uploads\/photo-gallery\/belleperche\/thumb\/30.jpg?bwg=1744747999\"                   src=\"https:\/\/www.rabelais32.org\/wp-content\/uploads\/photo-gallery\/belleperche\/thumb\/30.jpg?bwg=1744747999\"                   alt=\"30\"                   title=\"30\" \/>            <\/div>            <div class=\"\">              <div class=\"bwg-title1\"><div class=\"bwg-title2\">30<\/div><\/div>                                        <\/div>          <\/div>        <\/div>                        <\/a>              <\/div>            <div class=\"bwg-item\">        <a class=\"bwg-a  bwg_lightbox\"  data-image-id=\"7112\" href=\"https:\/\/www.rabelais32.org\/wp-content\/uploads\/photo-gallery\/belleperche\/31.jpg?bwg=1744747999\" data-elementor-open-lightbox=\"no\">                <div class=\"bwg-item0 \">          <div class=\"bwg-item1 \">            <div class=\"bwg-item2\">              <img decoding=\"async\" class=\"skip-lazy bwg_standart_thumb_img_1 \"                   data-id=\"7112\"                   data-width=\"225.00\"                   data-height=\"300.00\"                   data-src=\"https:\/\/www.rabelais32.org\/wp-content\/uploads\/photo-gallery\/belleperche\/thumb\/31.jpg?bwg=1744747999\"                   src=\"https:\/\/www.rabelais32.org\/wp-content\/uploads\/photo-gallery\/belleperche\/thumb\/31.jpg?bwg=1744747999\"                   alt=\"31\"                   title=\"31\" \/>            <\/div>            <div class=\"\">              <div class=\"bwg-title1\"><div class=\"bwg-title2\">31<\/div><\/div>                                        <\/div>          <\/div>        <\/div>                        <\/a>              <\/div>            <div class=\"bwg-item\">        <a class=\"bwg-a  bwg_lightbox\"  data-image-id=\"7111\" href=\"https:\/\/www.rabelais32.org\/wp-content\/uploads\/photo-gallery\/belleperche\/32-rez-de-chaussee.jpg?bwg=1744747999\" data-elementor-open-lightbox=\"no\">                <div class=\"bwg-item0 \">          <div class=\"bwg-item1 \">            <div class=\"bwg-item2\">              <img decoding=\"async\" class=\"skip-lazy bwg_standart_thumb_img_1 \"                   data-id=\"7111\"                   data-width=\"218.00\"                   data-height=\"300.00\"                   data-src=\"https:\/\/www.rabelais32.org\/wp-content\/uploads\/photo-gallery\/belleperche\/thumb\/32-rez-de-chaussee.jpg?bwg=1744747999\"                   src=\"https:\/\/www.rabelais32.org\/wp-content\/uploads\/photo-gallery\/belleperche\/thumb\/32-rez-de-chaussee.jpg?bwg=1744747999\"                   alt=\"32-rez-de-chaussee\"                   title=\"32-rez-de-chaussee\" \/>            <\/div>            <div class=\"\">              <div class=\"bwg-title1\"><div class=\"bwg-title2\">32-rez-de-chaussee<\/div><\/div>                                        <\/div>          <\/div>        <\/div>                        <\/a>              <\/div>            <div class=\"bwg-item\">        <a class=\"bwg-a  bwg_lightbox\"  data-image-id=\"7110\" href=\"https:\/\/www.rabelais32.org\/wp-content\/uploads\/photo-gallery\/belleperche\/33-pont-sur-la-Garonne.jpg?bwg=1744747999\" data-elementor-open-lightbox=\"no\">                <div class=\"bwg-item0 \">          <div class=\"bwg-item1 \">            <div class=\"bwg-item2\">              <img decoding=\"async\" class=\"skip-lazy bwg_standart_thumb_img_1 \"                   data-id=\"7110\"                   data-width=\"250.00\"                   data-height=\"300.00\"                   data-src=\"https:\/\/www.rabelais32.org\/wp-content\/uploads\/photo-gallery\/belleperche\/thumb\/33-pont-sur-la-Garonne.jpg?bwg=1744747999\"                   src=\"https:\/\/www.rabelais32.org\/wp-content\/uploads\/photo-gallery\/belleperche\/thumb\/33-pont-sur-la-Garonne.jpg?bwg=1744747999\"                   alt=\"33-pont-sur-la-Garonne\"                   title=\"33-pont-sur-la-Garonne\" \/>            <\/div>            <div class=\"\">              <div class=\"bwg-title1\"><div class=\"bwg-title2\">33-pont-sur-la-Garonne<\/div><\/div>                                        <\/div>          <\/div>        <\/div>                        <\/a>              <\/div>            <div class=\"bwg-item\">        <a class=\"bwg-a  bwg_lightbox\"  data-image-id=\"7109\" href=\"https:\/\/www.rabelais32.org\/wp-content\/uploads\/photo-gallery\/belleperche\/35.jpg?bwg=1744747999\" data-elementor-open-lightbox=\"no\">                <div class=\"bwg-item0 \">          <div class=\"bwg-item1 \">            <div class=\"bwg-item2\">              <img decoding=\"async\" class=\"skip-lazy bwg_standart_thumb_img_1 \"                   data-id=\"7109\"                   data-width=\"225.00\"                   data-height=\"300.00\"                   data-src=\"https:\/\/www.rabelais32.org\/wp-content\/uploads\/photo-gallery\/belleperche\/thumb\/35.jpg?bwg=1744747999\"                   src=\"https:\/\/www.rabelais32.org\/wp-content\/uploads\/photo-gallery\/belleperche\/thumb\/35.jpg?bwg=1744747999\"                   alt=\"35\"                   title=\"35\" \/>            <\/div>            <div class=\"\">              <div class=\"bwg-title1\"><div class=\"bwg-title2\">35<\/div><\/div>                                        <\/div>          <\/div>        <\/div>                        <\/a>              <\/div>            <div class=\"bwg-item\">        <a class=\"bwg-a  bwg_lightbox\"  data-image-id=\"7108\" href=\"https:\/\/www.rabelais32.org\/wp-content\/uploads\/photo-gallery\/belleperche\/36-1er-etage-galerie-des-graffitis.jpg?bwg=1744747999\" data-elementor-open-lightbox=\"no\">                <div class=\"bwg-item0 \">          <div class=\"bwg-item1 \">            <div class=\"bwg-item2\">              <img decoding=\"async\" class=\"skip-lazy bwg_standart_thumb_img_1 \"                   data-id=\"7108\"                   data-width=\"225.00\"                   data-height=\"300.00\"                   data-src=\"https:\/\/www.rabelais32.org\/wp-content\/uploads\/photo-gallery\/belleperche\/thumb\/36-1er-etage-galerie-des-graffitis.jpg?bwg=1744747999\"                   src=\"https:\/\/www.rabelais32.org\/wp-content\/uploads\/photo-gallery\/belleperche\/thumb\/36-1er-etage-galerie-des-graffitis.jpg?bwg=1744747999\"                   alt=\"36-1er-etage-galerie-des-graffitis\"                   title=\"36-1er-etage-galerie-des-graffitis\" \/>            <\/div>            <div class=\"\">              <div class=\"bwg-title1\"><div class=\"bwg-title2\">36-1er-etage-galerie-des-graffitis<\/div><\/div>                                        <\/div>          <\/div>        <\/div>                        <\/a>              <\/div>            <div class=\"bwg-item\">        <a class=\"bwg-a  bwg_lightbox\"  data-image-id=\"7107\" href=\"https:\/\/www.rabelais32.org\/wp-content\/uploads\/photo-gallery\/belleperche\/42.jpg?bwg=1744747999\" data-elementor-open-lightbox=\"no\">                <div class=\"bwg-item0 \">          <div class=\"bwg-item1 \">            <div class=\"bwg-item2\">              <img decoding=\"async\" class=\"skip-lazy bwg_standart_thumb_img_1 \"                   data-id=\"7107\"                   data-width=\"300.00\"                   data-height=\"225.00\"                   data-src=\"https:\/\/www.rabelais32.org\/wp-content\/uploads\/photo-gallery\/belleperche\/thumb\/42.jpg?bwg=1744747999\"                   src=\"https:\/\/www.rabelais32.org\/wp-content\/uploads\/photo-gallery\/belleperche\/thumb\/42.jpg?bwg=1744747999\"                   alt=\"42\"                   title=\"42\" \/>            <\/div>            <div class=\"\">              <div class=\"bwg-title1\"><div class=\"bwg-title2\">42<\/div><\/div>                                        <\/div>          <\/div>        <\/div>                        <\/a>              <\/div>            <div class=\"bwg-item\">        <a class=\"bwg-a  bwg_lightbox\"  data-image-id=\"7106\" href=\"https:\/\/www.rabelais32.org\/wp-content\/uploads\/photo-gallery\/belleperche\/20250408_162328.jpg?bwg=1744747999\" data-elementor-open-lightbox=\"no\">                <div class=\"bwg-item0 \">          <div class=\"bwg-item1 \">            <div class=\"bwg-item2\">              <img decoding=\"async\" class=\"skip-lazy bwg_standart_thumb_img_1 \"                   data-id=\"7106\"                   data-width=\"225.00\"                   data-height=\"300.00\"                   data-src=\"https:\/\/www.rabelais32.org\/wp-content\/uploads\/photo-gallery\/belleperche\/thumb\/20250408_162328.jpg?bwg=1744747999\"                   src=\"https:\/\/www.rabelais32.org\/wp-content\/uploads\/photo-gallery\/belleperche\/thumb\/20250408_162328.jpg?bwg=1744747999\"                   alt=\"20250408 162328\"                   title=\"20250408 162328\" \/>            <\/div>            <div class=\"\">              <div class=\"bwg-title1\"><div class=\"bwg-title2\">20250408 162328<\/div><\/div>                                        <\/div>          <\/div>        <\/div>                        <\/a>              <\/div>            <div class=\"bwg-item\">        <a class=\"bwg-a  bwg_lightbox\"  data-image-id=\"7105\" href=\"https:\/\/www.rabelais32.org\/wp-content\/uploads\/photo-gallery\/belleperche\/20250408_162707.jpg?bwg=1744747999\" data-elementor-open-lightbox=\"no\">                <div class=\"bwg-item0 \">          <div class=\"bwg-item1 \">            <div class=\"bwg-item2\">              <img decoding=\"async\" class=\"skip-lazy bwg_standart_thumb_img_1 \"                   data-id=\"7105\"                   data-width=\"225.00\"                   data-height=\"300.00\"                   data-src=\"https:\/\/www.rabelais32.org\/wp-content\/uploads\/photo-gallery\/belleperche\/thumb\/20250408_162707.jpg?bwg=1744747999\"                   src=\"https:\/\/www.rabelais32.org\/wp-content\/uploads\/photo-gallery\/belleperche\/thumb\/20250408_162707.jpg?bwg=1744747999\"                   alt=\"20250408 162707\"                   title=\"20250408 162707\" \/>            <\/div>            <div class=\"\">              <div class=\"bwg-title1\"><div class=\"bwg-title2\">20250408 162707<\/div><\/div>                                        <\/div>          <\/div>        <\/div>                        <\/a>              <\/div>            <div class=\"bwg-item\">        <a class=\"bwg-a  bwg_lightbox\"  data-image-id=\"7104\" href=\"https:\/\/www.rabelais32.org\/wp-content\/uploads\/photo-gallery\/belleperche\/20250408_163837.jpg?bwg=1744747999\" data-elementor-open-lightbox=\"no\">                <div class=\"bwg-item0 \">          <div class=\"bwg-item1 \">            <div class=\"bwg-item2\">              <img decoding=\"async\" class=\"skip-lazy bwg_standart_thumb_img_1 \"                   data-id=\"7104\"                   data-width=\"225.00\"                   data-height=\"300.00\"                   data-src=\"https:\/\/www.rabelais32.org\/wp-content\/uploads\/photo-gallery\/belleperche\/thumb\/20250408_163837.jpg?bwg=1744747999\"                   src=\"https:\/\/www.rabelais32.org\/wp-content\/uploads\/photo-gallery\/belleperche\/thumb\/20250408_163837.jpg?bwg=1744747999\"                   alt=\"20250408 163837\"                   title=\"20250408 163837\" \/>            <\/div>            <div class=\"\">              <div class=\"bwg-title1\"><div class=\"bwg-title2\">20250408 163837<\/div><\/div>                                        <\/div>          <\/div>        <\/div>                        <\/a>              <\/div>            <div class=\"bwg-item\">        <a class=\"bwg-a  bwg_lightbox\"  data-image-id=\"7103\" href=\"https:\/\/www.rabelais32.org\/wp-content\/uploads\/photo-gallery\/belleperche\/20250408_163935.jpg?bwg=1744747999\" data-elementor-open-lightbox=\"no\">                <div class=\"bwg-item0 \">          <div class=\"bwg-item1 \">            <div class=\"bwg-item2\">              <img decoding=\"async\" class=\"skip-lazy bwg_standart_thumb_img_1 \"                   data-id=\"7103\"                   data-width=\"225.00\"                   data-height=\"300.00\"                   data-src=\"https:\/\/www.rabelais32.org\/wp-content\/uploads\/photo-gallery\/belleperche\/thumb\/20250408_163935.jpg?bwg=1744747999\"                   src=\"https:\/\/www.rabelais32.org\/wp-content\/uploads\/photo-gallery\/belleperche\/thumb\/20250408_163935.jpg?bwg=1744747999\"                   alt=\"20250408 163935\"                   title=\"20250408 163935\" \/>            <\/div>            <div class=\"\">              <div class=\"bwg-title1\"><div class=\"bwg-title2\">20250408 163935<\/div><\/div>                                        <\/div>          <\/div>        <\/div>                        <\/a>              <\/div>          <\/div>    <style>      \/*pagination styles*\/      #bwg_container1_1 #bwg_container2_1 .tablenav-pages_1 {\t\t\t\ttext-align: center;\t\t\t\tfont-size: 12px;\t\t\t\tfont-family: segoe ui;\t\t\t\tfont-weight: bold;\t\t\t\tcolor: #666666;\t\t\t\tmargin: 6px 0 4px;\t\t\t\tdisplay: block;      }      @media only screen and (max-width : 320px) {      #bwg_container1_1 #bwg_container2_1 .displaying-num_1 {     \t display: none;      }      }      #bwg_container1_1 #bwg_container2_1 .displaying-num_1 {\t\t\t\tfont-size: 12px;\t\t\t\tfont-family: segoe ui;\t\t\t\tfont-weight: bold;\t\t\t\tcolor: #666666;\t\t\t\tmargin-right: 10px;\t\t\t\tvertical-align: middle;      }      #bwg_container1_1 #bwg_container2_1 .paging-input_1 {\t\t\t\tfont-size: 12px;\t\t\t\tfont-family: segoe ui;\t\t\t\tfont-weight: bold;\t\t\t\tcolor: #666666;\t\t\t\tvertical-align: middle;      }      #bwg_container1_1 #bwg_container2_1 .tablenav-pages_1 a.disabled,      #bwg_container1_1 #bwg_container2_1 .tablenav-pages_1 a.disabled:hover,      #bwg_container1_1 #bwg_container2_1 .tablenav-pages_1 a.disabled:focus,\t\t\t#bwg_container1_1 #bwg_container2_1 .tablenav-pages_1 input.bwg_current_page {\t\t\t\tcursor: default;\t\t\t\tcolor: rgba(102, 102, 102, 0.5);      }      #bwg_container1_1 #bwg_container2_1 .tablenav-pages_1 a,      #bwg_container1_1 #bwg_container2_1 .tablenav-pages_1 input.bwg_current_page {\t\t\t\tcursor: pointer;\t\t\t\ttext-align: center;\t\t\t\tfont-size: 12px;\t\t\t\tfont-family: segoe ui;\t\t\t\tfont-weight: bold;\t\t\t\tcolor: #666666;\t\t\t\ttext-decoration: none;\t\t\t\tpadding: 3px 6px;\t\t\t\tmargin: 0;\t\t\t\tborder-radius: 0;\t\t\t\tborder-style: solid;\t\t\t\tborder-width: 1px;\t\t\t\tborder-color: #E3E3E3;\t\t\t\t\t\t\t\tbackground-color: rgba(255, 255, 255, 1.00);\t\t\t\tbox-shadow: 0;\t\t\t\ttransition: all 0.3s ease 0s;-webkit-transition: all 0.3s ease 0s;      }      <\/style>      <span class=\"bwg_nav_cont_1\">              <div class=\"tablenav-pages_1\">                  <\/div>                <input type=\"hidden\" id=\"page_number_1\" name=\"page_number_1\" value=\"1\" \/>      <script type=\"text\/javascript\">        if( jQuery('.bwg_nav_cont_1').length > 1 ) {          jQuery('.bwg_nav_cont_1').first().remove()        }        function spider_page_1(cur, x, y, load_more) {          if (typeof load_more == \"undefined\") {            var load_more = false;          }          if (jQuery(cur).hasClass('disabled')) {            return false;          }          var items_county_1 = 1;          switch (y) {            case 1:              if (x >= items_county_1) {                document.getElementById('page_number_1').value = items_county_1;              }              else {                document.getElementById('page_number_1').value = x + 1;              }              break;            case 2:              document.getElementById('page_number_1').value = items_county_1;              break;            case -1:              if (x == 1) {                document.getElementById('page_number_1').value = 1;              }              else {                document.getElementById('page_number_1').value = x - 1;              }              break;            case -2:              document.getElementById('page_number_1').value = 1;              break;\t\t\t\t\t\tcase 0:              document.getElementById('page_number_1').value = x;              break;            default:              document.getElementById('page_number_1').value = 1;          }          bwg_ajax('gal_front_form_1', '1', 'bwg_thumbnails_1', '0', '', 'gallery', 0, '', '', load_more, '', 1);        }                    jQuery('.first-page-1').on('click', function () {              spider_page_1(this, 1, -2, 'numeric');              return false;            });            jQuery('.prev-page-1').on('click', function () {              spider_page_1(this, 1, -1, 'numeric');              return false;            });            jQuery('.next-page-1').on('click', function () {              spider_page_1(this, 1, 1, 'numeric');              return false;            });            jQuery('.last-page-1').on('click', function () {              spider_page_1(this, 1, 2, 'numeric');              return false;            });        \t\t\t\t\/* Change page on input enter. *\/        function bwg_change_page_1( e, that ) {          if (  e.key == 'Enter' ) {            var to_page = parseInt(jQuery(that).val());            var pages_count = jQuery(that).parents(\".pagination-links\").data(\"pages-count\");            var current_url_param = jQuery(that).attr('data-url-info');            if (to_page > pages_count) {              to_page = 1;            }\t \t\t\t\t\t\t\t\t\t\t\t\tspider_page_1(this, to_page, 0, 'numeric');\t\t\t\t\t\t\treturn false;\t\t\t\t\t\t          }          return true;        }        jQuery('.bwg_load_btn_1').on('click', function () {            spider_page_1(this, 1, 1, true);            return false;        });      <\/script>      <\/span>                <\/div>        <\/form>        <style>          #bwg_container1_1 #bwg_container2_1 #spider_popup_overlay_1 {          background-color: #000000;          opacity: 0.70;          }          <\/style>        <div id=\"bwg_spider_popup_loading_1\" class=\"bwg_spider_popup_loading\"><\/div>        <div id=\"spider_popup_overlay_1\" class=\"spider_popup_overlay\" onclick=\"spider_destroypopup(1000)\"><\/div>        <input type=\"hidden\" id=\"bwg_random_seed_1\" value=\"1775079598\">                <\/div>    <\/div>    <script>      if (document.readyState === 'complete') {        if( typeof bwg_main_ready == 'function' ) {          if ( jQuery(\"#bwg_container1_1\").height() ) {            bwg_main_ready(jQuery(\"#bwg_container1_1\"));          }        }      } else {        document.addEventListener('DOMContentLoaded', function() {          if( typeof bwg_main_ready == 'function' ) {            if ( jQuery(\"#bwg_container1_1\").height() ) {             bwg_main_ready(jQuery(\"#bwg_container1_1\"));            }          }        });      }    <\/script>    \n<p>&nbsp;<\/p>\n<\/div>\n<\/div>\n<\/article>\n<\/div>\n<\/div>\n<\/div>\n<\/div>\n<\/div>\n<\/div>\n<\/div>\n<\/div>\n<\/div>\n<\/div>\n<\/div>\n","protected":false},"excerpt":{"rendered":"<p>En route ce matin vers cette ancienne bastide du Tarn et Garonne fond\u00e9e en 1144 par le Comte de Toulouse Alphonse Jourdain, \u00ab\u00a0Montalba\u00a0\u00bb, le Mont Blanc, nom\u00a0 qui deviendra, Montauban. Quelques rappels historiques retra\u00e7ant bri\u00e8vement l&rsquo;histoire de la ville. Situ\u00e9e &hellip; <a href=\"https:\/\/www.rabelais32.org\/index.php\/2025\/04\/16\/sortie-montauban-le-8-avril-2025\/\">Lire la suite\u00ad\u00ad<\/a><\/p>\n","protected":false},"author":1,"featured_media":15157,"comment_status":"open","ping_status":"closed","sticky":false,"template":"","format":"standard","meta":{"footnotes":""},"categories":[19,21],"tags":[],"class_list":["post-15108","post","type-post","status-publish","format-standard","has-post-thumbnail","hentry","category-a-partager","category-sorties"],"_links":{"self":[{"href":"https:\/\/www.rabelais32.org\/index.php\/wp-json\/wp\/v2\/posts\/15108","targetHints":{"allow":["GET"]}}],"collection":[{"href":"https:\/\/www.rabelais32.org\/index.php\/wp-json\/wp\/v2\/posts"}],"about":[{"href":"https:\/\/www.rabelais32.org\/index.php\/wp-json\/wp\/v2\/types\/post"}],"author":[{"embeddable":true,"href":"https:\/\/www.rabelais32.org\/index.php\/wp-json\/wp\/v2\/users\/1"}],"replies":[{"embeddable":true,"href":"https:\/\/www.rabelais32.org\/index.php\/wp-json\/wp\/v2\/comments?post=15108"}],"version-history":[{"count":17,"href":"https:\/\/www.rabelais32.org\/index.php\/wp-json\/wp\/v2\/posts\/15108\/revisions"}],"predecessor-version":[{"id":15178,"href":"https:\/\/www.rabelais32.org\/index.php\/wp-json\/wp\/v2\/posts\/15108\/revisions\/15178"}],"wp:featuredmedia":[{"embeddable":true,"href":"https:\/\/www.rabelais32.org\/index.php\/wp-json\/wp\/v2\/media\/15157"}],"wp:attachment":[{"href":"https:\/\/www.rabelais32.org\/index.php\/wp-json\/wp\/v2\/media?parent=15108"}],"wp:term":[{"taxonomy":"category","embeddable":true,"href":"https:\/\/www.rabelais32.org\/index.php\/wp-json\/wp\/v2\/categories?post=15108"},{"taxonomy":"post_tag","embeddable":true,"href":"https:\/\/www.rabelais32.org\/index.php\/wp-json\/wp\/v2\/tags?post=15108"}],"curies":[{"name":"wp","href":"https:\/\/api.w.org\/{rel}","templated":true}]}}