{"id":11513,"date":"2022-01-29T20:59:22","date_gmt":"2022-01-29T19:59:22","guid":{"rendered":"https:\/\/www.rabelais32.org\/?p=11513"},"modified":"2022-01-29T20:59:22","modified_gmt":"2022-01-29T19:59:22","slug":"la-dame-a-la-licorne-musee-des-abattoirs-toulouse","status":"publish","type":"post","link":"https:\/\/www.rabelais32.org\/index.php\/2022\/01\/29\/la-dame-a-la-licorne-musee-des-abattoirs-toulouse\/","title":{"rendered":"La Dame \u00e0 la Licorne, Mus\u00e9e des Abattoirs Toulouse"},"content":{"rendered":"<p>Le<strong> 6 janvier 2022<\/strong>, un groupe d&rsquo;une trentaine d&rsquo;adh\u00e9rents s\u2019est retrouv\u00e9 pour la visite guid\u00e9e de l\u2019exposition \u00ab la Dame \u00e0 la Licorne \u00bb, au Mus\u00e9e des Abattoirs \u00e0 Toulouse.<\/p>\n<p>La Dame \u00e0 la Licorne, d\u00e9couverte au ch\u00e2teau de Boussac (Creuse) en 1841, chef d\u2019\u0153uvre du Mus\u00e9e de Cluny y \u00e9tait expos\u00e9 dans le cadre d\u2019un pr\u00eat exceptionnel. Cet ensemble est l\u2019une des plus belles r\u00e9alisations du Moyen Age.<\/p>\n<p>Les 6 tapisseries composant la tenture voyagent pour la 1<sup>\u00e8re<\/sup> fois en France depuis leur acquisition en 1882.<\/p>\n<p>R\u00e9alis\u00e9e aux alentours des ann\u00e9es 1500, remplie de symboles et intrigante, l\u2019\u0153uvre fascine par la richesse de ses couleurs et sa finesse.<\/p>\n<p>Ces tapisseries mettant en sc\u00e8ne avec une gr\u00e2ce infinie une jeune femme et un bestiaire fantastique, constituent une \u0153uvre majeure de l\u2019art tiss\u00e9.<\/p>\n<p>La composition, reprenant les mille-fleurs sur fond pourpre, un terre-plein bleu fonc\u00e9, et une jeune femme id\u00e9alis\u00e9e, indique qu\u2019il s\u2019agit l\u00e0 d\u2019un ensemble coh\u00e9rent. Autre \u00e9vidence des bijoux et la sophistication des coiffures d\u00e9signent une figure l\u00e9gendaire avec une all\u00e9gorie des 5 sens.<\/p>\n<p style=\"text-align: center;\"><strong><em>Effleurant la licorne, la jeune femme incarne le toucher,nourrissant le perroquet : le go\u00fbt.<\/em><\/strong><\/p>\n<p><a href=\"https:\/\/www.rabelais32.org\/wp-content\/uploads\/2022\/01\/La-dame-\u00e0-la-licorne-le-toucher.jpg\" target=\"_blank\" rel=\"noopener noreferrer\"><img loading=\"lazy\" decoding=\"async\" class=\"size-medium wp-image-11520 alignleft\" src=\"https:\/\/www.rabelais32.org\/wp-content\/uploads\/2022\/01\/La-dame-\u00e0-la-licorne-le-toucher-285x300.jpg\" alt=\"\" width=\"285\" height=\"300\" srcset=\"https:\/\/www.rabelais32.org\/wp-content\/uploads\/2022\/01\/La-dame-\u00e0-la-licorne-le-toucher-285x300.jpg 285w, https:\/\/www.rabelais32.org\/wp-content\/uploads\/2022\/01\/La-dame-\u00e0-la-licorne-le-toucher.jpg 727w\" sizes=\"auto, (max-width: 285px) 100vw, 285px\" \/><\/a><a href=\"https:\/\/www.rabelais32.org\/wp-content\/uploads\/2022\/01\/La-dame-\u00e0-la-licorne-le-go\u00fbt-scaled.jpg\" target=\"_blank\" rel=\"noopener noreferrer\"><img loading=\"lazy\" decoding=\"async\" class=\" wp-image-11519 alignright\" src=\"https:\/\/www.rabelais32.org\/wp-content\/uploads\/2022\/01\/La-dame-\u00e0-la-licorne-le-go\u00fbt-300x245.jpg\" alt=\"\" width=\"348\" height=\"284\" srcset=\"https:\/\/www.rabelais32.org\/wp-content\/uploads\/2022\/01\/La-dame-\u00e0-la-licorne-le-go\u00fbt-300x245.jpg 300w, https:\/\/www.rabelais32.org\/wp-content\/uploads\/2022\/01\/La-dame-\u00e0-la-licorne-le-go\u00fbt-1024x836.jpg 1024w, https:\/\/www.rabelais32.org\/wp-content\/uploads\/2022\/01\/La-dame-\u00e0-la-licorne-le-go\u00fbt-768x627.jpg 768w, https:\/\/www.rabelais32.org\/wp-content\/uploads\/2022\/01\/La-dame-\u00e0-la-licorne-le-go\u00fbt-1536x1254.jpg 1536w, https:\/\/www.rabelais32.org\/wp-content\/uploads\/2022\/01\/La-dame-\u00e0-la-licorne-le-go\u00fbt-2048x1672.jpg 2048w\" sizes=\"auto, (max-width: 348px) 100vw, 348px\" \/><\/a><\/p>\n<p>&nbsp;<\/p>\n<p>&nbsp;<\/p>\n<p>&nbsp;<\/p>\n<p>&nbsp;<\/p>\n<p>&nbsp;<\/p>\n<p>&nbsp;<\/p>\n<p>&nbsp;<\/p>\n<p>&nbsp;<\/p>\n<p>&nbsp;<\/p>\n<p>&nbsp;<\/p>\n<p style=\"text-align: center;\"><strong><em>Face \u00e0 l\u2019orgue, elle devient ou\u00efe, absorb\u00e9e par une couronne de fleurs, elle se fait odorat.<\/em><\/strong><\/p>\n<p><strong><em><a href=\"https:\/\/www.rabelais32.org\/wp-content\/uploads\/2022\/01\/dame-Licorne-odorat.jpg\" target=\"_blank\" rel=\"noopener noreferrer\"><img loading=\"lazy\" decoding=\"async\" class=\"size-medium wp-image-11516 alignright\" src=\"https:\/\/www.rabelais32.org\/wp-content\/uploads\/2022\/01\/dame-Licorne-odorat-256x300.jpg\" alt=\"\" width=\"256\" height=\"300\" srcset=\"https:\/\/www.rabelais32.org\/wp-content\/uploads\/2022\/01\/dame-Licorne-odorat-256x300.jpg 256w, https:\/\/www.rabelais32.org\/wp-content\/uploads\/2022\/01\/dame-Licorne-odorat.jpg 705w\" sizes=\"auto, (max-width: 256px) 100vw, 256px\" \/><\/a><a href=\"https:\/\/www.rabelais32.org\/wp-content\/uploads\/2022\/01\/Dame-\u00e0-la-licorne-ouie.jpg\" target=\"_blank\" rel=\"noopener noreferrer\"><img loading=\"lazy\" decoding=\"async\" class=\"size-medium wp-image-11515 alignleft\" src=\"https:\/\/www.rabelais32.org\/wp-content\/uploads\/2022\/01\/Dame-\u00e0-la-licorne-ouie-228x300.jpg\" alt=\"\" width=\"228\" height=\"300\" srcset=\"https:\/\/www.rabelais32.org\/wp-content\/uploads\/2022\/01\/Dame-\u00e0-la-licorne-ouie-228x300.jpg 228w, https:\/\/www.rabelais32.org\/wp-content\/uploads\/2022\/01\/Dame-\u00e0-la-licorne-ouie.jpg 667w\" sizes=\"auto, (max-width: 228px) 100vw, 228px\" \/><\/a><\/em><\/strong><\/p>\n<p>&nbsp;<\/p>\n<p>&nbsp;<\/p>\n<p>&nbsp;<\/p>\n<p>&nbsp;<\/p>\n<p>&nbsp;<\/p>\n<p>&nbsp;<\/p>\n<p>&nbsp;<\/p>\n<p>&nbsp;<\/p>\n<p>&nbsp;<\/p>\n<p>&nbsp;<\/p>\n<p style=\"text-align: center;\"><strong><em>Enfin, la vue est symbolis\u00e9e par la licorne se mirant dans un miroir.<\/em><\/strong><\/p>\n<p><a href=\"https:\/\/www.rabelais32.org\/wp-content\/uploads\/2022\/01\/La-dame-\u00e0-la-licorne-la-vue.jpg\" target=\"_blank\" rel=\"noopener noreferrer\"><img loading=\"lazy\" decoding=\"async\" class=\"size-medium wp-image-11517 aligncenter\" src=\"https:\/\/www.rabelais32.org\/wp-content\/uploads\/2022\/01\/La-dame-\u00e0-la-licorne-la-vue-300x291.jpg\" alt=\"\" width=\"300\" height=\"291\" srcset=\"https:\/\/www.rabelais32.org\/wp-content\/uploads\/2022\/01\/La-dame-\u00e0-la-licorne-la-vue-300x291.jpg 300w, https:\/\/www.rabelais32.org\/wp-content\/uploads\/2022\/01\/La-dame-\u00e0-la-licorne-la-vue-768x746.jpg 768w, https:\/\/www.rabelais32.org\/wp-content\/uploads\/2022\/01\/La-dame-\u00e0-la-licorne-la-vue.jpg 791w\" sizes=\"auto, (max-width: 300px) 100vw, 300px\" \/><\/a><\/p>\n<p>&nbsp;<\/p>\n<p><strong><em>Mais que faire de la 6<sup>\u00e8me<\/sup> tapisserie qui porte l\u2019inscription \u00ab\u00a0Mon seul d\u00e9sir\u00a0\u00bb\u00a0?<\/em><\/strong><\/p>\n<p>Certains textes m\u00e9di\u00e9vaux consid\u00e9rant l\u2019entendement comme un sixi\u00e8me sens, la derni\u00e8re tapisserie pourrait-elle en \u00eatre l\u2019illustration\u00a0? Sous son chapiteau azur, la damoiselle serait-elle en train de remiser ses bijoux dans un coffre en signe de renoncement aux plaisirs\u00a0?<\/p>\n<p><a href=\"https:\/\/www.rabelais32.org\/wp-content\/uploads\/2022\/01\/La-dame-\u00e0-la-licorne-le-d\u00e9sir.jpg\" target=\"_blank\" rel=\"noopener noreferrer\"><img loading=\"lazy\" decoding=\"async\" class=\" wp-image-11518 aligncenter\" src=\"https:\/\/www.rabelais32.org\/wp-content\/uploads\/2022\/01\/La-dame-\u00e0-la-licorne-le-d\u00e9sir-300x228.jpg\" alt=\"\" width=\"362\" height=\"275\" srcset=\"https:\/\/www.rabelais32.org\/wp-content\/uploads\/2022\/01\/La-dame-\u00e0-la-licorne-le-d\u00e9sir-300x228.jpg 300w, https:\/\/www.rabelais32.org\/wp-content\/uploads\/2022\/01\/La-dame-\u00e0-la-licorne-le-d\u00e9sir-768x583.jpg 768w, https:\/\/www.rabelais32.org\/wp-content\/uploads\/2022\/01\/La-dame-\u00e0-la-licorne-le-d\u00e9sir.jpg 1011w\" sizes=\"auto, (max-width: 362px) 100vw, 362px\" \/><\/a><\/p>\n<p>Est-ce l\u00e0 la conclusion des 5 pr\u00e9c\u00e9dentes sc\u00e8nes\u00a0: l\u2019apologie de l\u2019esprit loin des tentations de nos sens\u00a0? Ou \u00e0 l\u2019inverse, est-ce le c\u0153ur qui est appel\u00e9 \u00e0 gouverner nos sens\u00a0?<\/p>\n<p>Si les questions demeurent, cette tenture s\u2019inscrit dans une longue tradition litt\u00e9raire, intellectuelle et morale. Dans ces conditions, pourquoi plaquer une seule et unique v\u00e9rit\u00e9 sur l\u2019\u0153uvre\u00a0?<\/p>\n<p><a href=\"https:\/\/www.rabelais32.org\/wp-content\/uploads\/2022\/01\/d\u00e9tails-1-dame-licorne.jpg\" target=\"_blank\" rel=\"noopener noreferrer\"><img loading=\"lazy\" decoding=\"async\" class=\"size-medium wp-image-11527 alignleft\" src=\"https:\/\/www.rabelais32.org\/wp-content\/uploads\/2022\/01\/d\u00e9tails-1-dame-licorne-300x245.jpg\" alt=\"\" width=\"300\" height=\"245\" srcset=\"https:\/\/www.rabelais32.org\/wp-content\/uploads\/2022\/01\/d\u00e9tails-1-dame-licorne-300x245.jpg 300w, https:\/\/www.rabelais32.org\/wp-content\/uploads\/2022\/01\/d\u00e9tails-1-dame-licorne-768x627.jpg 768w, https:\/\/www.rabelais32.org\/wp-content\/uploads\/2022\/01\/d\u00e9tails-1-dame-licorne.jpg 941w\" sizes=\"auto, (max-width: 300px) 100vw, 300px\" \/><\/a> <a href=\"https:\/\/www.rabelais32.org\/wp-content\/uploads\/2022\/01\/d\u00e9tails-dame-licorne-2.jpg\" target=\"_blank\" rel=\"noopener noreferrer\"><img loading=\"lazy\" decoding=\"async\" class=\"size-medium wp-image-11528 alignright\" src=\"https:\/\/www.rabelais32.org\/wp-content\/uploads\/2022\/01\/d\u00e9tails-dame-licorne-2-300x240.jpg\" alt=\"\" width=\"300\" height=\"240\" srcset=\"https:\/\/www.rabelais32.org\/wp-content\/uploads\/2022\/01\/d\u00e9tails-dame-licorne-2-300x240.jpg 300w, https:\/\/www.rabelais32.org\/wp-content\/uploads\/2022\/01\/d\u00e9tails-dame-licorne-2-768x614.jpg 768w, https:\/\/www.rabelais32.org\/wp-content\/uploads\/2022\/01\/d\u00e9tails-dame-licorne-2.jpg 960w\" sizes=\"auto, (max-width: 300px) 100vw, 300px\" \/><\/a><\/p>\n<p>N T.<\/p>\n","protected":false},"excerpt":{"rendered":"<p>Le 6 janvier 2022, un groupe d&rsquo;une trentaine d&rsquo;adh\u00e9rents s\u2019est retrouv\u00e9 pour la visite guid\u00e9e de l\u2019exposition \u00ab la Dame \u00e0 la Licorne \u00bb, au Mus\u00e9e des Abattoirs \u00e0 Toulouse. La Dame \u00e0 la Licorne, d\u00e9couverte au ch\u00e2teau de Boussac &hellip; <a href=\"https:\/\/www.rabelais32.org\/index.php\/2022\/01\/29\/la-dame-a-la-licorne-musee-des-abattoirs-toulouse\/\">Lire la suite\u00ad\u00ad<\/a><\/p>\n","protected":false},"author":1,"featured_media":11531,"comment_status":"open","ping_status":"closed","sticky":false,"template":"","format":"standard","meta":{"footnotes":""},"categories":[19,21],"tags":[],"class_list":["post-11513","post","type-post","status-publish","format-standard","has-post-thumbnail","hentry","category-a-partager","category-sorties"],"_links":{"self":[{"href":"https:\/\/www.rabelais32.org\/index.php\/wp-json\/wp\/v2\/posts\/11513","targetHints":{"allow":["GET"]}}],"collection":[{"href":"https:\/\/www.rabelais32.org\/index.php\/wp-json\/wp\/v2\/posts"}],"about":[{"href":"https:\/\/www.rabelais32.org\/index.php\/wp-json\/wp\/v2\/types\/post"}],"author":[{"embeddable":true,"href":"https:\/\/www.rabelais32.org\/index.php\/wp-json\/wp\/v2\/users\/1"}],"replies":[{"embeddable":true,"href":"https:\/\/www.rabelais32.org\/index.php\/wp-json\/wp\/v2\/comments?post=11513"}],"version-history":[{"count":9,"href":"https:\/\/www.rabelais32.org\/index.php\/wp-json\/wp\/v2\/posts\/11513\/revisions"}],"predecessor-version":[{"id":11533,"href":"https:\/\/www.rabelais32.org\/index.php\/wp-json\/wp\/v2\/posts\/11513\/revisions\/11533"}],"wp:featuredmedia":[{"embeddable":true,"href":"https:\/\/www.rabelais32.org\/index.php\/wp-json\/wp\/v2\/media\/11531"}],"wp:attachment":[{"href":"https:\/\/www.rabelais32.org\/index.php\/wp-json\/wp\/v2\/media?parent=11513"}],"wp:term":[{"taxonomy":"category","embeddable":true,"href":"https:\/\/www.rabelais32.org\/index.php\/wp-json\/wp\/v2\/categories?post=11513"},{"taxonomy":"post_tag","embeddable":true,"href":"https:\/\/www.rabelais32.org\/index.php\/wp-json\/wp\/v2\/tags?post=11513"}],"curies":[{"name":"wp","href":"https:\/\/api.w.org\/{rel}","templated":true}]}}